{"id":10052,"date":"2020-07-22T20:59:18","date_gmt":"2020-07-22T18:59:18","guid":{"rendered":"https:\/\/wartapoznan.pl\/?p=10052"},"modified":"2020-07-22T20:59:30","modified_gmt":"2020-07-22T18:59:30","slug":"zaciety-sparing-rezerw-warty-poznan-na-remis","status":"publish","type":"post","link":"https:\/\/wartapoznan.pl\/index.php\/2020\/07\/22\/zaciety-sparing-rezerw-warty-poznan-na-remis\/","title":{"rendered":"Zaci\u0119ty sparing rezerw Warty Pozna\u0144 na remis"},"content":{"rendered":"<p><strong>Remisem 3:3 (1:1) zako\u0144czy\u0142 si\u0119 \u015brodowy sparing drugiego zespo\u0142u Warty Pozna\u0144 z Huraganem Pobiedziska na bocznym boisku stadionu przy Drodze D\u0119bi\u0144skiej. To pi\u0105ty mecz kontrolny dru\u017cyny trenera Bartosza Majchrzaka przed zaplanowanym na pocz\u0105tek sierpnia startem sezonu IV ligi.<\/strong><\/p>\n<p>Zesp\u00f3\u0142 z\u0142o\u017cony niemal wy\u0142\u0105cznie z m\u0142odych wychowank\u00f3w Akademii Warty Pozna\u0144 dobrze rozpocz\u0105\u0142 mecz z V-ligowcem. \u201eZieloni\u201d zd\u0105\u017cyli jednak zmarnowa\u0107 kilka bardzo dobrych szans zanim wyszli na prowadzenie w 20 minucie. Sytuacj\u0119 sam na sam z bramkarzem wykorzysta\u0142 w\u00f3wczas Ernest Korek.<\/p>\n<p>Potem zanosi\u0142o si\u0119 na powi\u0119kszenie przewagi, bo rezerwy Warty Pozna\u0144 nadal dominowa\u0142y na boisku, ale brakowa\u0142o skuteczno\u015bci. Przed przerw\u0105 pad\u0142o za to wyr\u00f3wnanie, a autorem trafienia na 1:1 by\u0142 David Paku Tshela, 34-letni dzi\u015b pomocnik, kt\u00f3ry wiosn\u0105 2008 roku by\u0142 zawodnikiem klubu z Drogi D\u0119bi\u0144skiej i zaliczy\u0142 cztery wyst\u0119py w II lidze.<\/p>\n<p>W drugiej cz\u0119\u015bci meczu gra si\u0119 wyr\u00f3wna\u0142a, a Huragan zacz\u0105\u0142 cz\u0119\u015bciej zagra\u017ca\u0107 bramce Leo Przybylaka. M\u0142ody bramkarz \u201eZielonych\u201d da\u0142 si\u0119 jednak pokona\u0107 tylko z rzut\u00f3w karnych. Na ka\u017cde z tych trafie\u0144 poznaniacy do\u015b\u0107 szybko odpowiadali bramkami. Najpierw, po indywidualnej akcji zrobi\u0142 to Albert \u017berkowski, a wynik w 83. minucie ustali\u0142 Szymon Soi\u0144ski \u2013 po rzucie ro\u017cnym.<\/p>\n<p>&#8211; <em>Dwa razy odrabiali\u015bmy straty w tym meczu, najpierw przegrywaj\u0105c 1:2, a potem 2:3. Wida\u0107, \u017ce zesp\u00f3\u0142 nie spuszcza g\u0142\u00f3w i gra dalej. To jest du\u017cy plus<\/em> \u2013 komentuje trener Warty II Pozna\u0144 Bartosz Majchrzak. &#8211; <em>Pierwsza po\u0142owa by\u0142a mocno pod nasze dyktando. Zdobyli\u015bmy bramk\u0119, ale zamiast potem i\u015b\u0107 ciosem i strzeli\u0107 kolejne gole, troch\u0119 jakby\u015bmy si\u0119 zadowolili tym prowadzeniem. To nas zgubi\u0142o, zacz\u0119li\u015bmy gra\u0107 mniej agresywnie. Przeciwnicy to wyczuli i jeszcze przed przerw\u0105 wyr\u00f3wnali. Mam m\u0142ody zesp\u00f3\u0142, kt\u00f3ry w ka\u017cdym meczu si\u0119 uczy, zbiera do\u015bwiadczenie. Wa\u017cne jest to, \u017ceby ch\u0142opaki wyci\u0105gali wnioski i nie pope\u0142niali podobnych b\u0142\u0119d\u00f3w w kolejnych meczach.<\/em><\/p>\n<p><strong>WARTA II POZNA\u0143 &#8211; HURAGAN POBIEDZISKA 3:3 (1:1)<\/strong><br \/>\n<strong>Bramki:<\/strong> 1:0 Korek (20. minuta), 1:1 (39.), 1:2 (61.), 2:2 \u017berkowski (75.), 2:3 (80.), 3:3 Soi\u0144ski (83.)<br \/>\n<strong>Warta II Pozna\u0144:<\/strong> Przybylak &#8211; Olszewski, \u017berkowski, Rzepka, Zi\u0119tkowski &#8211; Lisowski, So\u0142tysiak &#8211; Poterski, Hy\u017cyk, Korek &#8211; Forszpaniak. <strong>Grali tak\u017ce:<\/strong> Jarysz, Tomaszewski, Ma\u0107kowiak, W\u0119dzikowski, Soi\u0144ski, W\u0142odarczak, Libera, Kalitta.<\/p>\n","protected":false},"excerpt":{"rendered":"<p>Remisem 3:3 (1:1) zako\u0144czy\u0142 si\u0119 \u015brodowy sparing drugiego zespo\u0142u Warty Pozna\u0144 z Huraganem Pobiedziska na bocznym boisku stadionu przy Drodze&#8230;<\/p>\n","protected":false},"author":36,"featured_media":10053,"comment_status":"closed","ping_status":"closed","sticky":false,"template":"","format":"standard","meta":{"om_disable_all_campaigns":false,"inline_featured_image":false,"footnotes":"","_links_to":"","_links_to_target":""},"categories":[95,94,228,1],"tags":[],"aioseo_notices":[],"_links":{"self":[{"href":"https:\/\/wartapoznan.pl\/index.php\/wp-json\/wp\/v2\/posts\/10052"}],"collection":[{"href":"https:\/\/wartapoznan.pl\/index.php\/wp-json\/wp\/v2\/posts"}],"about":[{"href":"https:\/\/wartapoznan.pl\/index.php\/wp-json\/wp\/v2\/types\/post"}],"author":[{"embeddable":true,"href":"https:\/\/wartapoznan.pl\/index.php\/wp-json\/wp\/v2\/users\/36"}],"replies":[{"embeddable":true,"href":"https:\/\/wartapoznan.pl\/index.php\/wp-json\/wp\/v2\/comments?post=10052"}],"version-history":[{"count":2,"href":"https:\/\/wartapoznan.pl\/index.php\/wp-json\/wp\/v2\/posts\/10052\/revisions"}],"predecessor-version":[{"id":10055,"href":"https:\/\/wartapoznan.pl\/index.php\/wp-json\/wp\/v2\/posts\/10052\/revisions\/10055"}],"wp:featuredmedia":[{"embeddable":true,"href":"https:\/\/wartapoznan.pl\/index.php\/wp-json\/wp\/v2\/media\/10053"}],"wp:attachment":[{"href":"https:\/\/wartapoznan.pl\/index.php\/wp-json\/wp\/v2\/media?parent=10052"}],"wp:term":[{"taxonomy":"category","embeddable":true,"href":"https:\/\/wartapoznan.pl\/index.php\/wp-json\/wp\/v2\/categories?post=10052"},{"taxonomy":"post_tag","embeddable":true,"href":"https:\/\/wartapoznan.pl\/index.php\/wp-json\/wp\/v2\/tags?post=10052"}],"curies":[{"name":"wp","href":"https:\/\/api.w.org\/{rel}","templated":true}]}}