{"id":10056,"date":"2020-07-23T19:12:27","date_gmt":"2020-07-23T17:12:27","guid":{"rendered":"https:\/\/wartapoznan.pl\/?p=10056"},"modified":"2020-07-23T16:45:27","modified_gmt":"2020-07-23T14:45:27","slug":"trzecie-miejsce-w-fortuna-1-lidze-jeden-z-najlepszych-wynikow-w-powojennej-historii-warty-poznan","status":"publish","type":"post","link":"https:\/\/wartapoznan.pl\/index.php\/2020\/07\/23\/trzecie-miejsce-w-fortuna-1-lidze-jeden-z-najlepszych-wynikow-w-powojennej-historii-warty-poznan\/","title":{"rendered":"Trzecie miejsce w Fortuna 1 Lidze \u2013 jeden z najlepszych wynik\u00f3w w powojennej historii Warty Pozna\u0144"},"content":{"rendered":"<p><strong>Po zdobyciu mistrzostwa Polski w 1947 roku pi\u0142karze Warty Pozna\u0144 tylko sze\u015b\u0107 razy zajmowali na koniec sezonu wy\u017csze miejsce w tabeli ni\u017c obecnie, gdy zako\u0144cz\u0105 rozgrywki Fortuna 1 Ligi na trzeciej pozycji.<\/strong><\/p>\n<p>Warta Pozna\u0144 to wci\u0105\u017c jeden z najbardziej utytu\u0142owanych klub\u00f3w pi\u0142karskich w Polsce, mimo \u017ce przez wi\u0119kszo\u015b\u0107 swojej 108-letniej historii nie walczy\u0142a o laury. \u201eZieloni\u201d maj\u0105 na koncie dwa mistrzostwa Polski, cztery tytu\u0142y wicemistrza kraju i siedem br\u0105zowych medali. Daje to poznaniakom 9. miejsce w klasyfikacji medalowej mistrzostw Polski wszech czas\u00f3w.<\/p>\n<p>Ten dorobek to przede wszystkim zas\u0142uga przedwojennych pi\u0142karzy Warty Pozna\u0144, kiedy to klub ze stolicy Wielkopolski nale\u017ca\u0142 do \u015bcis\u0142ej czo\u0142\u00f3wki w krajowym futbolu. Przed II wojn\u0105 \u015bwiatow\u0105 na palcach jednej r\u0119ki mo\u017cna by\u0142o policzy\u0107 sezony, w kt\u00f3rych Warta Pozna\u0144 nie liczy\u0142a si\u0119 w grze o medale. Pi\u0119\u0107 sezon\u00f3w zako\u0144czonych na podium przypada\u0142o na czasy przed 1927 rokiem, czyli zanim utworzono Lig\u0119 Pi\u0142karsk\u0105. Warta Pozna\u0144 by\u0142a w w\u0105skim gronie klub\u00f3w, kt\u00f3re powo\u0142a\u0142y Lig\u0119 do \u017cycia.<\/p>\n<p>Po II wojnie \u015bwiatowej Warta Pozna\u0144 najpierw wywalczy\u0142a wicemistrzostwo Polski w 1946 roku, a w kolejnym sezonie zdoby\u0142a sw\u00f3j drugi i p\u00f3ki co ostatni tytu\u0142 najlepszego klubu pi\u0142karskiego w kraju. Potem, przez 3 sezony gra\u0142a jeszcze w I lidze (odpowiednik obecnej Ekstraklasy), ale bez sukces\u00f3w. W 1950 roku spad\u0142a do II ligi, czyli na poziom rozgrywkowy, na kt\u00f3rym wyst\u0119puje obecnie.<\/p>\n<p>W I lidze (Ekstraklasie) \u201eZieloni\u201d grali jeszcze p\u00f3\u017aniej tylko raz \u2013 przez dwa sezony: 1993\/94 i 1994\/95. W sumie wi\u0119c, po 1945 roku, gdy mistrza kraju wy\u0142ania si\u0119 w systemie ligowym, wildecki klub wyst\u0119powa\u0142 na najwy\u017cszym poziomie przez 5 sezon\u00f3w.<\/p>\n<p><img loading=\"lazy\" decoding=\"async\" width=\"1000\" height=\"667\" class=\"aligncenter size-full wp-image-10065\" src=\"https:\/\/wartapoznan.pl\/wp-content\/uploads\/2020\/07\/Wiatamy_Warte_w_II_lidze.jpg\" alt=\"Warta Pozna\u0144 po awansie do II ligi\" srcset=\"https:\/\/wartapoznan.pl\/wp-content\/uploads\/2020\/07\/Wiatamy_Warte_w_II_lidze.jpg 1000w, https:\/\/wartapoznan.pl\/wp-content\/uploads\/2020\/07\/Wiatamy_Warte_w_II_lidze-300x200.jpg 300w, https:\/\/wartapoznan.pl\/wp-content\/uploads\/2020\/07\/Wiatamy_Warte_w_II_lidze-768x512.jpg 768w, https:\/\/wartapoznan.pl\/wp-content\/uploads\/2020\/07\/Wiatamy_Warte_w_II_lidze-128x85.jpg 128w, https:\/\/wartapoznan.pl\/wp-content\/uploads\/2020\/07\/Wiatamy_Warte_w_II_lidze-32x21.jpg 32w, https:\/\/wartapoznan.pl\/wp-content\/uploads\/2020\/07\/Wiatamy_Warte_w_II_lidze-356x237.jpg 356w, https:\/\/wartapoznan.pl\/wp-content\/uploads\/2020\/07\/Wiatamy_Warte_w_II_lidze-470x313.jpg 470w, https:\/\/wartapoznan.pl\/wp-content\/uploads\/2020\/07\/Wiatamy_Warte_w_II_lidze-70x47.jpg 70w, https:\/\/wartapoznan.pl\/wp-content\/uploads\/2020\/07\/Wiatamy_Warte_w_II_lidze-100x67.jpg 100w\" sizes=\"(max-width: 1000px) 100vw, 1000px\" \/><\/p>\n<p>Od spadku w 1950 roku do dzisiaj, a wi\u0119c przez 70 lat przez wi\u0119kszo\u015b\u0107 lat Warta Pozna\u0144 rywalizowa\u0142a na trzecim poziomie rozgrywkowym lub ni\u017cszym (w latach 2016-2018). Obecny sezon jest 24., w kt\u00f3rym gra ona na tzw. drugim froncie. I tylko raz \u2013 1. miejsce w grupie zachodniej w 1993 roku \u2013 uda\u0142o jej si\u0119 sko\u0144czy\u0107 sezon na\u00a0 wy\u017cszej pozycji, ni\u017c zajmie teraz na koniec rozgrywek Fortuna 1 Ligi zesp\u00f3\u0142 trenera Piotra Tworka.<\/p>\n<p>W 1951 roku by\u0142a to druga lokata, ale w jednej z czterech II-ligowych grup, licz\u0105cych po 8 zespo\u0142\u00f3w. Sezon w roku 1957 te\u017c zako\u0144czy\u0142a na 3. miejscu. Jednak w\u00f3wczas r\u00f3wnie\u017c rywalizowano w grupach \u2013 tym razem dw\u00f3ch, 12-dru\u017cynowych. W bardziej wsp\u00f3\u0142czesnych czasach punktem odniesienia jest sezon 2010\/11 i si\u00f3dme miejsce na koniec sezonu po \u015bwietnej rundzie wiosennej w wykonaniu dru\u017cyny pod wodz\u0105 trenera Bogus\u0142awa Baniaka, kt\u00f3rego asystentem\u00a0 by\u0142 w\u00f3wczas\u2026 Piotr Tworek.<\/p>\n<p>Dwa lata p\u00f3\u017aniej Warta Pozna\u0144 spad\u0142a z ligi i w ten spos\u00f3b zako\u0144czy\u0142 si\u0119 jej pobyt na zapleczu Ekstraklasy, trwaj\u0105cy 6 sezon\u00f3w. W tym czasie najcz\u0119\u015bciej zajmowa\u0142a 10. miejsce w stawce (3 razy), raz 14. i raz 16. Rok temu, jako beniaminek Fortuna 1 Ligi, \u201eZieloni\u201d finiszowali na 13. pozycji.<\/p>\n<p>Dzi\u015b \u201eSwojska Banda\u201d rozgrywa wi\u0119c najlepszy dla klubu sezon w XX wieku i jeden z najlepszych w swojej powojennej historii. Wiadomo ju\u017c, \u017ce zako\u0144czy rozgrywki na 3. pozycji i we wtorek 28 lipca przyst\u0105pi do bara\u017cy o Ekstraklas\u0119 jako najwy\u017cej rozstawiony zesp\u00f3\u0142 Fortuna 1 Ligi. Stawk\u0105 i zarazem celem Warty Pozna\u0144 jest awans na najwy\u017cszy poziom ligowy w Polsce \u2013 dopiero drugi w dziejach 108-letniego klubu!<\/p>\n","protected":false},"excerpt":{"rendered":"<p>Po zdobyciu mistrzostwa Polski w 1947 roku pi\u0142karze Warty Pozna\u0144 tylko sze\u015b\u0107 razy zajmowali na koniec sezonu wy\u017csze miejsce w&#8230;<\/p>\n","protected":false},"author":36,"featured_media":10062,"comment_status":"closed","ping_status":"closed","sticky":false,"template":"","format":"standard","meta":{"om_disable_all_campaigns":false,"inline_featured_image":false,"footnotes":"","_links_to":"","_links_to_target":""},"categories":[94,163,100,1],"tags":[],"aioseo_notices":[],"_links":{"self":[{"href":"https:\/\/wartapoznan.pl\/index.php\/wp-json\/wp\/v2\/posts\/10056"}],"collection":[{"href":"https:\/\/wartapoznan.pl\/index.php\/wp-json\/wp\/v2\/posts"}],"about":[{"href":"https:\/\/wartapoznan.pl\/index.php\/wp-json\/wp\/v2\/types\/post"}],"author":[{"embeddable":true,"href":"https:\/\/wartapoznan.pl\/index.php\/wp-json\/wp\/v2\/users\/36"}],"replies":[{"embeddable":true,"href":"https:\/\/wartapoznan.pl\/index.php\/wp-json\/wp\/v2\/comments?post=10056"}],"version-history":[{"count":4,"href":"https:\/\/wartapoznan.pl\/index.php\/wp-json\/wp\/v2\/posts\/10056\/revisions"}],"predecessor-version":[{"id":10066,"href":"https:\/\/wartapoznan.pl\/index.php\/wp-json\/wp\/v2\/posts\/10056\/revisions\/10066"}],"wp:featuredmedia":[{"embeddable":true,"href":"https:\/\/wartapoznan.pl\/index.php\/wp-json\/wp\/v2\/media\/10062"}],"wp:attachment":[{"href":"https:\/\/wartapoznan.pl\/index.php\/wp-json\/wp\/v2\/media?parent=10056"}],"wp:term":[{"taxonomy":"category","embeddable":true,"href":"https:\/\/wartapoznan.pl\/index.php\/wp-json\/wp\/v2\/categories?post=10056"},{"taxonomy":"post_tag","embeddable":true,"href":"https:\/\/wartapoznan.pl\/index.php\/wp-json\/wp\/v2\/tags?post=10056"}],"curies":[{"name":"wp","href":"https:\/\/api.w.org\/{rel}","templated":true}]}}