{"id":10057,"date":"2020-07-24T12:41:32","date_gmt":"2020-07-24T10:41:32","guid":{"rendered":"https:\/\/wartapoznan.pl\/?p=10057"},"modified":"2020-07-24T12:41:32","modified_gmt":"2020-07-24T10:41:32","slug":"znamy-termin-meczu-warty-poznan-w-polfinale-barazy-o-ekstraklase","status":"publish","type":"post","link":"https:\/\/wartapoznan.pl\/index.php\/2020\/07\/24\/znamy-termin-meczu-warty-poznan-w-polfinale-barazy-o-ekstraklase\/","title":{"rendered":"Znamy termin meczu Warty Pozna\u0144 w p\u00f3\u0142finale bara\u017cy o Ekstraklas\u0119"},"content":{"rendered":"<p><strong>We wtorek, 28 lipca o godz. 20:40 Warta Pozna\u0144 zagra pierwszy mecz bara\u017cowy o awans do Ekstraklasy. Pojedynek b\u0119dzie transmitowany przez Polsat Sport.<\/strong><\/p>\n<p>Niezale\u017cnie od wyniku sobotniego starcia ze Stomilem Olsztyn w ostatniej kolejce sezonu zasadniczego Fortuna 1 Ligi, \u201eZieloni\u201d zako\u0144cz\u0105 rozgrywki na trzecim miejscu. Da im to przywilej gospodarza zar\u00f3wno w p\u00f3\u0142finale bara\u017cy, a jak i w ewentualnym pi\u0105tkowym finale, kt\u00f3rego zwyci\u0119zca zapewni sobie prawo gry w najwy\u017cszej lidze w przysz\u0142ym sezonie.<\/p>\n<p>Mecze bara\u017cowe we wtorek 28 lipca zostan\u0105 rozegrane o 17:40 i 20:40. Wiadomo ju\u017c, \u017ce starcie w Grodzisku Wlkp. rozpocznie si\u0119 w tym drugim terminie. Wcze\u015bniej odb\u0119dzie si\u0119 mecz w Radomiu.<\/p>\n<p>Na razie nie jest jeszcze znany rywal zespo\u0142u trenera Piotra Tworka. Warta Pozna\u0144 zagra z dru\u017cyn\u0105, kt\u00f3ra zako\u0144czy rozgrywki na sz\u00f3stej pozycji. Dzi\u015b zajmuje j\u0105 Bruk-Bet Termalica Nieciecza i to zesp\u00f3\u0142 spod Tarnowa jest najbardziej prawdopodobnym rywalem \u201eZielonych\u201d.<\/p>\n<p>Teoretycznie do Grodziska mo\u017ce przyjecha\u0107 r\u00f3wnie\u017c Mied\u017a Legnica &#8211; je\u015bli przegra u siebie z GKS 1962 Jastrz\u0119bie, a Bruk-Bet Termalica Nieciecz pokona Odr\u0119 Opole. W\u00f3wczas Mied\u017a spadnie na sz\u00f3ste miejsce, bo przy r\u00f3wnym bilansie bezpo\u015brednich spotka\u0144, ma gorszy stosunek bramek od Termaliki. Ekip\u0119 z Niecieczy (przy jej pora\u017cce z Odr\u0105) z kolei mo\u017ce jeszcze wyprzedzi\u0107 w tabeli GKS Tychy, bo ma od niej korzystniejszy bilans bezpo\u015brednich mecz\u00f3w. Tyszanie musz\u0105 wygra\u0107 z GKS Be\u0142chat\u00f3w.<\/p>\n<p>Szanse na wyprzedzenie Bruk-Bet Termaliki maj\u0105 r\u00f3wnie\u017c Chrobry G\u0142og\u00f3w (gra w Bielsku-Bia\u0142ej z Podbeskidziem) i Puszcza Niepo\u0142omice (podejmuje Radomiaka Radom). Obie te ekipy nie uzyska\u0142y p\u00f3ki co licencji na gr\u0119 w Ekstraklasie. Je\u015bli sytuacja si\u0119 nie zmieni, to zgodnie z przepisami nie b\u0119d\u0105 mog\u0142y przyst\u0105pi\u0107 do bara\u017cy. Je\u017celi wi\u0119c Chrobry lub Puszcza zajm\u0105 sz\u00f3st\u0105 lokat\u0119, to w\u00f3wczas w\u00f3wczas Warta Pozna\u0144 b\u0119dzie mia\u0142a we wtorek wolne i od razu awansuje do fina\u0142u bara\u017cy.<\/p>\n","protected":false},"excerpt":{"rendered":"<p>We wtorek, 28 lipca o godz. 20:40 Warta Pozna\u0144 zagra pierwszy mecz bara\u017cowy o awans do Ekstraklasy. Pojedynek b\u0119dzie transmitowany&#8230;<\/p>\n","protected":false},"author":36,"featured_media":10060,"comment_status":"closed","ping_status":"closed","sticky":false,"template":"","format":"standard","meta":{"om_disable_all_campaigns":false,"inline_featured_image":false,"footnotes":"","_links_to":"","_links_to_target":""},"categories":[94,100,1],"tags":[],"aioseo_notices":[],"_links":{"self":[{"href":"https:\/\/wartapoznan.pl\/index.php\/wp-json\/wp\/v2\/posts\/10057"}],"collection":[{"href":"https:\/\/wartapoznan.pl\/index.php\/wp-json\/wp\/v2\/posts"}],"about":[{"href":"https:\/\/wartapoznan.pl\/index.php\/wp-json\/wp\/v2\/types\/post"}],"author":[{"embeddable":true,"href":"https:\/\/wartapoznan.pl\/index.php\/wp-json\/wp\/v2\/users\/36"}],"replies":[{"embeddable":true,"href":"https:\/\/wartapoznan.pl\/index.php\/wp-json\/wp\/v2\/comments?post=10057"}],"version-history":[{"count":3,"href":"https:\/\/wartapoznan.pl\/index.php\/wp-json\/wp\/v2\/posts\/10057\/revisions"}],"predecessor-version":[{"id":10070,"href":"https:\/\/wartapoznan.pl\/index.php\/wp-json\/wp\/v2\/posts\/10057\/revisions\/10070"}],"wp:featuredmedia":[{"embeddable":true,"href":"https:\/\/wartapoznan.pl\/index.php\/wp-json\/wp\/v2\/media\/10060"}],"wp:attachment":[{"href":"https:\/\/wartapoznan.pl\/index.php\/wp-json\/wp\/v2\/media?parent=10057"}],"wp:term":[{"taxonomy":"category","embeddable":true,"href":"https:\/\/wartapoznan.pl\/index.php\/wp-json\/wp\/v2\/categories?post=10057"},{"taxonomy":"post_tag","embeddable":true,"href":"https:\/\/wartapoznan.pl\/index.php\/wp-json\/wp\/v2\/tags?post=10057"}],"curies":[{"name":"wp","href":"https:\/\/api.w.org\/{rel}","templated":true}]}}