{"id":10071,"date":"2020-07-24T15:00:48","date_gmt":"2020-07-24T13:00:48","guid":{"rendered":"https:\/\/wartapoznan.pl\/?p=10071"},"modified":"2020-07-24T15:13:55","modified_gmt":"2020-07-24T13:13:55","slug":"warta-poznan-i-lejdis-lubon-lacza-sily","status":"publish","type":"post","link":"https:\/\/wartapoznan.pl\/index.php\/2020\/07\/24\/warta-poznan-i-lejdis-lubon-lacza-sily\/","title":{"rendered":"Warta Pozna\u0144 i Lejdis Lubo\u0144 \u0142\u0105cz\u0105 si\u0142y"},"content":{"rendered":"<p><strong>Ponad 50 m\u0142odych zawodniczek klubu Lejdis Lubo\u0144 rozpocznie w sierpniu treningi w Akademii Warty Pozna\u0144 i b\u0119dzie reprezentowa\u0142o barwy \u201eZielonych\u201d. To wa\u017cny krok w kierunku rozwoju pi\u0142ki no\u017cnej kobiet w naszym Klubie.<\/strong><\/p>\n<p>Powstanie sekcji kobiecego futbolu i zg\u0142oszenie dru\u017cyny seniorek do rozgrywek ligowych to jedne z kluczowych kwestii w planach rozwoju Warty Pozna\u0144. Z my\u015bl\u0105 o ich realizacji ju\u017c kilka miesi\u0119cy temu zapad\u0142a decyzja o stworzeniu grup szkoleniowych dla dziewczynek w Akademii Warty Pozna\u0144.<\/p>\n<p>&#8211; <em>Utworzyli\u015bmy cztery grupy szkoleniowe, ale nab\u00f3r do dru\u017cyn dziewcz\u0119cych Akademii Warty Pozna\u0144 trwa nadal i jest prowadzony z my\u015bl\u0105 o wszystkich, kt\u00f3re chc\u0105 gra\u0107 w pi\u0142k\u0119 u \u201eZielonych\u201d<\/em> \u2013 m\u00f3wi Wojciech Tomaszewski, dyrektor Akademii Warty Pozna\u0144. \u2013 <em>Mi\u0142o mi poinformowa\u0107 o tym, \u017ce trzon naszych dru\u017cyn m\u0142odzie\u017cowych stanowi\u0105 pi\u0142karki z klubu Lejdis Lubo\u0144. Po\u0142\u0105czyli\u015bmy bowiem si\u0142y ze znan\u0105 i szanowan\u0105 mark\u0105 w pi\u0142ce m\u0142odzie\u017cowej kobiet w Polsce. Do Akademii Warty Pozna\u0144 do\u0142\u0105czaj\u0105 nie tylko zawodniczki Lejdis Lubo\u0144, ale r\u00f3wnie\u017c trener Anna Jankowska. Kadr\u0119 szkoleniow\u0105 b\u0119d\u0105 tworzyli ponadto Violetta Biega\u0144ska i \u0141ukasz Nowak. Ca\u0142a tr\u00f3jka to wysoko wykwalifikowana grupa specjalist\u00f3w w szkoleniu w pi\u0142ce kobiecej.<\/em><\/p>\n<p><img loading=\"lazy\" decoding=\"async\" width=\"1003\" height=\"667\" class=\"aligncenter size-full wp-image-10078\" src=\"https:\/\/wartapoznan.pl\/wp-content\/uploads\/2020\/07\/Trenerki_Akademia-4244-www.jpg\" alt=\"Violetta Biega\u0144ska, Anna Jankowska i \u0141ukasz Nowak. Trenerzy grup dziewcz\u0119cych w Akademii Warty Pozna\u0144\" srcset=\"https:\/\/wartapoznan.pl\/wp-content\/uploads\/2020\/07\/Trenerki_Akademia-4244-www.jpg 1003w, https:\/\/wartapoznan.pl\/wp-content\/uploads\/2020\/07\/Trenerki_Akademia-4244-www-300x200.jpg 300w, https:\/\/wartapoznan.pl\/wp-content\/uploads\/2020\/07\/Trenerki_Akademia-4244-www-768x511.jpg 768w, https:\/\/wartapoznan.pl\/wp-content\/uploads\/2020\/07\/Trenerki_Akademia-4244-www-128x85.jpg 128w, https:\/\/wartapoznan.pl\/wp-content\/uploads\/2020\/07\/Trenerki_Akademia-4244-www-32x21.jpg 32w, https:\/\/wartapoznan.pl\/wp-content\/uploads\/2020\/07\/Trenerki_Akademia-4244-www-356x237.jpg 356w, https:\/\/wartapoznan.pl\/wp-content\/uploads\/2020\/07\/Trenerki_Akademia-4244-www-470x313.jpg 470w, https:\/\/wartapoznan.pl\/wp-content\/uploads\/2020\/07\/Trenerki_Akademia-4244-www-70x47.jpg 70w, https:\/\/wartapoznan.pl\/wp-content\/uploads\/2020\/07\/Trenerki_Akademia-4244-www-100x67.jpg 100w\" sizes=\"(max-width: 1003px) 100vw, 1003px\" \/><\/p>\n<p>&#8211; <em>Lejdis Lubon\u0301 to druz\u0307yna powsta\u0142a niespe\u0142na dwa lata temu z inicjatywy wielu oso\u0301b. Mimo stosunkowo kro\u0301tkiej historii pi\u0142karki pochodza\u0328ce praktycznie z ca\u0142ej Wielkopolski zd\u0105\u017cy\u0142y ju\u017c zaznaczy\u0107 swoj\u0105 obecno\u015b\u0107 w kobiecej pi\u0142ce no\u017cnej w naszym wojew\u00f3dztwie<\/em> \u2013 podkre\u015bla trener Anna Jankowska. &#8211; <em>Druz\u0307yna ma na swoim koncie m.in halowe Mistrzostwo Wielkopolski dru\u017cyn U-13 oraz U-16, awans do wojewo\u0301dzkiej edycji turnieju \u201eZ podwo\u0301rka na Stadion o Puchar Tymbarku\u201d oraz awans do Centralnej Ligi Juniorek U-15. Pi\u0142karki, kto\u0301rych w ca\u0142ym klubie jest ponad 50, regularnie by\u0142y powo\u0142ywane do reprezentacji WZPN oraz na zgrupowania Akademii M\u0142odych Or\u0142o\u0301w PZPN. W swoich szeregach mamy zawodniczki, kto\u0301re otrzyma\u0142y powo\u0142anie do Kadry Polski U-15 oraz sa\u0328 obje\u0328te programem PZPN Pro<\/em> \u2013 dodaje.<\/p>\n<p><strong>Witamy spo\u0142eczno\u015b\u0107 Lejdis Lubo\u0144 w Zielonej Rodzinie Warty Pozna\u0144!<\/strong><\/p>\n<p>Opr\u00f3cz m\u0142odych pi\u0142karek Lejdis Lubo\u0144, w szeregi Warty Pozna\u0144 wst\u0105pi\u0142y te\u017c zawodniczki, kt\u00f3re maj\u0105 ju\u017c za sob\u0105 treningi w innych klubach, jak r\u00f3wnie\u017c takie, kt\u00f3re dopiero zaczynaj\u0105 przygod\u0119 z futbolem.<\/p>\n<h6>Wype\u0142nij formularz i wst\u0105p do Akademii Warty Pozna\u0144<\/h6>\n<p>Chcesz gra\u0107 w pi\u0142k\u0119 w Warcie Pozna\u0144? Zg\u0142o\u015b si\u0119, wype\u0142niaj\u0105c formularz. Nale\u017cy wype\u0142ni\u0107 wszystkie pola formularza. Je\u015bli w przypadku m\u0142odszych zawodnik\u00f3w i zawodniczek nie ma informacji na temat obecnego klubu i poprzednich klub\u00f3w, prosimy wpisa\u0107 BRAK.<\/p>\n\n<div class=\"wpcf7 no-js\" id=\"wpcf7-f9129-o1\" lang=\"pl-PL\" dir=\"ltr\">\n<div class=\"screen-reader-response\"><p role=\"status\" aria-live=\"polite\" aria-atomic=\"true\"><\/p> <ul><\/ul><\/div>\n<form action=\"\/index.php\/wp-json\/wp\/v2\/posts\/10071#wpcf7-f9129-o1\" method=\"post\" class=\"wpcf7-form init\" aria-label=\"Formularz kontaktowy\" novalidate=\"novalidate\" data-status=\"init\">\n<div style=\"display: none;\">\n<input type=\"hidden\" name=\"_wpcf7\" value=\"9129\" \/>\n<input type=\"hidden\" name=\"_wpcf7_version\" value=\"5.9.8\" \/>\n<input type=\"hidden\" name=\"_wpcf7_locale\" value=\"pl_PL\" \/>\n<input type=\"hidden\" name=\"_wpcf7_unit_tag\" value=\"wpcf7-f9129-o1\" \/>\n<input type=\"hidden\" name=\"_wpcf7_container_post\" value=\"0\" \/>\n<input type=\"hidden\" name=\"_wpcf7_posted_data_hash\" value=\"\" \/>\n<input type=\"hidden\" name=\"_wpcf7_recaptcha_response\" value=\"\" \/>\n<\/div>\n<div class=\"row\">\n\t<div class=\"col-md-4\">\n\t\t<div class=\"form-group\">\n\t\t\t<p><label>Imi\u0119 i nazwisko: <span class=\"required\"><\/span><\/label><br \/>\n<span class=\"wpcf7-form-control-wrap\" data-name=\"input-name\"><input size=\"40\" maxlength=\"400\" class=\"wpcf7-form-control wpcf7-text wpcf7-validates-as-required form-control\" id=\"input-name\" aria-required=\"true\" aria-invalid=\"false\" placeholder=\"podaj imi\u0119 i nazwisko\" value=\"\" type=\"text\" name=\"input-name\" \/><\/span>\n\t\t\t<\/p>\n\t\t<\/div>\n\t<\/div>\n\t<div class=\"col-md-4\">\n\t\t<div class=\"form-group\">\n\t\t\t<p><label>Rok urodzenia <span class=\"required\"><\/span><\/label><br \/>\n<span class=\"wpcf7-form-control-wrap\" data-name=\"input-data\"><input size=\"40\" maxlength=\"400\" class=\"wpcf7-form-control wpcf7-text wpcf7-validates-as-required form-control\" id=\"input-data\" aria-required=\"true\" aria-invalid=\"false\" placeholder=\"podaj rok urodzenia\" value=\"\" type=\"text\" name=\"input-data\" \/><\/span>\n\t\t\t<\/p>\n\t\t<\/div>\n\t<\/div>\n\t<div class=\"col-md-4\">\n\t\t<div class=\"form-group\">\n\t\t\t<p><label>Pozycja na boisku <span class=\"required\"><\/span><\/label><br \/>\n<span class=\"wpcf7-form-control-wrap\" data-name=\"input-pozycja\"><input size=\"40\" maxlength=\"400\" class=\"wpcf7-form-control wpcf7-text wpcf7-validates-as-required form-control\" id=\"input-pozycja\" aria-required=\"true\" aria-invalid=\"false\" placeholder=\"podaj pozycj\u0119\" value=\"\" type=\"text\" name=\"input-pozycja\" \/><\/span>\n\t\t\t<\/p>\n\t\t<\/div>\n\t<\/div>\n\t<div class=\"col-md-4\">\n\t\t<div class=\"form-group\">\n\t\t\t<p><label>Obecny klub <span class=\"required\"><\/span><\/label><br \/>\n<span class=\"wpcf7-form-control-wrap\" data-name=\"input-klub\"><input size=\"40\" maxlength=\"400\" class=\"wpcf7-form-control wpcf7-text wpcf7-validates-as-required form-control\" id=\"input-klub\" aria-required=\"true\" aria-invalid=\"false\" placeholder=\"podaj obecny klub\" value=\"\" type=\"text\" name=\"input-klub\" \/><\/span>\n\t\t\t<\/p>\n\t\t<\/div>\n\t<\/div>\n\t<div class=\"col-md-4\">\n\t\t<div class=\"form-group\">\n\t\t\t<p><label>Poprzednie kluby <span class=\"required\"><\/span><\/label><br \/>\n<span class=\"wpcf7-form-control-wrap\" data-name=\"input-kluby\"><input size=\"40\" maxlength=\"400\" class=\"wpcf7-form-control wpcf7-text wpcf7-validates-as-required form-control\" id=\"input-kluby\" aria-required=\"true\" aria-invalid=\"false\" placeholder=\"podaj poprzednie kluby\" value=\"\" type=\"text\" name=\"input-kluby\" \/><\/span>\n\t\t\t<\/p>\n\t\t<\/div>\n\t<\/div>\n\t<div class=\"col-md-4\">\n\t\t<div class=\"form-group\">\n\t\t\t<p><label>Miejsce zamieszkania <span class=\"required\"><\/span><\/label><br \/>\n<span class=\"wpcf7-form-control-wrap\" data-name=\"input-zamieszkanie\"><input size=\"40\" maxlength=\"400\" class=\"wpcf7-form-control wpcf7-text wpcf7-validates-as-required form-control\" id=\"input-zamieszkanie\" aria-required=\"true\" aria-invalid=\"false\" placeholder=\"podaj miejsce zamieszkania\" value=\"\" type=\"text\" name=\"input-zamieszkanie\" \/><\/span>\n\t\t\t<\/p>\n\t\t<\/div>\n\t<\/div>\n\t<div class=\"col-md-4\">\n\t\t<div class=\"form-group\">\n\t\t\t<p><label>Telefon kontaktowy<span class=\"required\"><\/span><\/label><br \/>\n<span class=\"wpcf7-form-control-wrap\" data-name=\"input-telefon\"><input size=\"40\" maxlength=\"400\" class=\"wpcf7-form-control wpcf7-text wpcf7-validates-as-required form-control\" id=\"input-telefon\" aria-required=\"true\" aria-invalid=\"false\" placeholder=\"podaj telefon kontaktowy\" value=\"\" type=\"text\" name=\"input-telefon\" \/><\/span>\n\t\t\t<\/p>\n\t\t<\/div>\n\t<\/div>\n\t<div class=\"col-md-4\">\n\t\t<div class=\"form-group\">\n\t\t\t<p><label>Adres e-mail <span class=\"required\"><\/span><\/label><br \/>\n<span class=\"wpcf7-form-control-wrap\" data-name=\"input-mail\"><input size=\"40\" maxlength=\"400\" class=\"wpcf7-form-control wpcf7-text wpcf7-validates-as-required form-control\" id=\"input-mail\" aria-required=\"true\" aria-invalid=\"false\" placeholder=\"podaj e-mail kontaktowy\" value=\"\" type=\"text\" name=\"input-mail\" \/><\/span>\n\t\t\t<\/p>\n\t\t<\/div>\n\t<\/div>\n\t<div class=\"form-group form-group--submit\">\n\t\t<div class=\"form-group form-group--submit\">\n\t\t\t<p><span class=\"wpcf7-form-control-wrap\" data-name=\"zgoda\"><span class=\"wpcf7-form-control wpcf7-checkbox\"><span class=\"wpcf7-list-item first last\"><input type=\"checkbox\" name=\"zgoda[]\" value=\"Wyra\u017cam zgod\u0119 na przetwarzanie przez Warta Pozna\u0144 Sp\u00f3\u0142ka Akcyjna z siedzib\u0105 w Poznaniu przy ul. Droga D\u0119bi\u0144ska 12, 61-555 Pozna\u0144, moich danych osobowych zawartych w formularzu w celu marketingowych (zgoda opcjonalna).\" \/><span class=\"wpcf7-list-item-label\">Wyra\u017cam zgod\u0119 na przetwarzanie przez Warta Pozna\u0144 Sp\u00f3\u0142ka Akcyjna z siedzib\u0105 w Poznaniu przy ul. Droga D\u0119bi\u0144ska 12, 61-555 Pozna\u0144, moich danych osobowych zawartych w formularzu w celu marketingowych (zgoda opcjonalna).<\/span><\/span><\/span><\/span><br \/>\n<input class=\"wpcf7-form-control wpcf7-submit has-spinner btn btn-primary-inverse btn-lg btn-block\" id=\"submit\" type=\"submit\" value=\"Wy\u015blij formularz\" \/>\n\t\t\t<\/p>\n\t\t<\/div>\n\t<\/div>\n<\/div><div class=\"wpcf7-response-output\" aria-hidden=\"true\"><\/div>\n<\/form>\n<\/div>\n\n","protected":false},"excerpt":{"rendered":"<p>Ponad 50 m\u0142odych zawodniczek klubu Lejdis Lubo\u0144 rozpocznie w sierpniu treningi w Akademii Warty Pozna\u0144 i b\u0119dzie reprezentowa\u0142o barwy \u201eZielonych\u201d&#8230;.<\/p>\n","protected":false},"author":36,"featured_media":10077,"comment_status":"closed","ping_status":"closed","sticky":false,"template":"","format":"standard","meta":{"om_disable_all_campaigns":false,"inline_featured_image":false,"footnotes":"","_links_to":"","_links_to_target":""},"categories":[95,94,1],"tags":[],"aioseo_notices":[],"_links":{"self":[{"href":"https:\/\/wartapoznan.pl\/index.php\/wp-json\/wp\/v2\/posts\/10071"}],"collection":[{"href":"https:\/\/wartapoznan.pl\/index.php\/wp-json\/wp\/v2\/posts"}],"about":[{"href":"https:\/\/wartapoznan.pl\/index.php\/wp-json\/wp\/v2\/types\/post"}],"author":[{"embeddable":true,"href":"https:\/\/wartapoznan.pl\/index.php\/wp-json\/wp\/v2\/users\/36"}],"replies":[{"embeddable":true,"href":"https:\/\/wartapoznan.pl\/index.php\/wp-json\/wp\/v2\/comments?post=10071"}],"version-history":[{"count":6,"href":"https:\/\/wartapoznan.pl\/index.php\/wp-json\/wp\/v2\/posts\/10071\/revisions"}],"predecessor-version":[{"id":10080,"href":"https:\/\/wartapoznan.pl\/index.php\/wp-json\/wp\/v2\/posts\/10071\/revisions\/10080"}],"wp:featuredmedia":[{"embeddable":true,"href":"https:\/\/wartapoznan.pl\/index.php\/wp-json\/wp\/v2\/media\/10077"}],"wp:attachment":[{"href":"https:\/\/wartapoznan.pl\/index.php\/wp-json\/wp\/v2\/media?parent=10071"}],"wp:term":[{"taxonomy":"category","embeddable":true,"href":"https:\/\/wartapoznan.pl\/index.php\/wp-json\/wp\/v2\/categories?post=10071"},{"taxonomy":"post_tag","embeddable":true,"href":"https:\/\/wartapoznan.pl\/index.php\/wp-json\/wp\/v2\/tags?post=10071"}],"curies":[{"name":"wp","href":"https:\/\/api.w.org\/{rel}","templated":true}]}}