{"id":10116,"date":"2020-07-26T15:06:07","date_gmt":"2020-07-26T13:06:07","guid":{"rendered":"https:\/\/wartapoznan.pl\/?p=10116"},"modified":"2020-07-26T11:19:23","modified_gmt":"2020-07-26T09:19:23","slug":"dwoch-debiutantow-z-akademii-warty-poznan-do-pierwszej-druzyny-zielonych","status":"publish","type":"post","link":"https:\/\/wartapoznan.pl\/index.php\/2020\/07\/26\/dwoch-debiutantow-z-akademii-warty-poznan-do-pierwszej-druzyny-zielonych\/","title":{"rendered":"Dw\u00f3ch debiutant\u00f3w \u2013 z Akademii Warty Pozna\u0144 do pierwszej dru\u017cyny \u201eZielonych\u201d"},"content":{"rendered":"<p><strong>Swoje pierwsze oficjalne mecze w pierwszym zespole Warty Pozna\u0144 rozegrali w sobot\u0119 18-letni Filip Ma\u0142ek i starszy od niego o rok Dominik Smykowski. Obaj debiutanci trafili do I-ligowego zespo\u0142u z Akademii Warty Pozna\u0144.<\/strong><\/p>\n<p>Sobotni pojedynek ze Stomilem Olsztyn ko\u0144czy\u0142 sezon zasadniczy Fortuna 1 Ligi. Dru\u017cyn\u0119 trenera Piotra Tworka czeka teraz walka w bara\u017cach o Ekstraklas\u0119, wi\u0119c w meczu z ekip\u0105 z Warmii i Mazur wystawi\u0142 do\u015b\u0107 eksperymentalny sk\u0142ad. Wielu podstawowych zawodnik\u00f3w albo nie znalaz\u0142o si\u0119 w kadrze w og\u00f3le, albo pozosta\u0142o na \u0142awce rezerwowych.<\/p>\n<p>Szans\u0119 gry dostali ci zawodnicy, kt\u00f3rzy grali ostatnio rzadziej lub \u2013 tak jak Filip Ma\u0142ek \u2013 debiutowali w seniorskiej pi\u0142ce. 18-latek, kt\u00f3ry mo\u017ce wyst\u0119powa\u0107 jako \u015brodkowy obro\u0144ca b\u0105d\u017a defensywny pomocnik, przygotowywa\u0142 si\u0119 do tego wyst\u0119pu od dawna. By\u0142 z Wart\u0105 Pozna\u0144 na zimowym obozie, gra\u0142 w sparingach, ale dopiero w sobot\u0119 znalaz\u0142 si\u0119 w sk\u0142adzie na mecz mistrzowski. I to od razu w podstawowej jedenastce! Rozegra\u0142 w sobot\u0119 90 minut.<\/p>\n<p>Filip Ma\u0142ek jest poznaniakiem. Przygod\u0119 z pi\u0142k\u0105 rozpocz\u0105\u0142 w \u201eTrzynastce\u201d, z kt\u00f3rej na 6 lat trafi\u0142 do Lecha Pozna\u0144. Od po\u0142owy 2018 roku gra\u0142 i trenowa\u0142 w Warcie Pozna\u0144. W czerwcu podpisa\u0142 dwuletni kontrakt z \u201eZielonymi\u201d.<\/p>\n<p><img loading=\"lazy\" decoding=\"async\" width=\"1006\" height=\"667\" class=\"aligncenter size-full wp-image-10119\" src=\"https:\/\/wartapoznan.pl\/wp-content\/uploads\/2020\/07\/Warta_Stomil-4857-www.jpg\" alt=\"Warta Pozna\u0144 - Stomil Olsztyn 1:2. Dominik Smykowski\" srcset=\"https:\/\/wartapoznan.pl\/wp-content\/uploads\/2020\/07\/Warta_Stomil-4857-www.jpg 1006w, https:\/\/wartapoznan.pl\/wp-content\/uploads\/2020\/07\/Warta_Stomil-4857-www-300x199.jpg 300w, https:\/\/wartapoznan.pl\/wp-content\/uploads\/2020\/07\/Warta_Stomil-4857-www-768x509.jpg 768w, https:\/\/wartapoznan.pl\/wp-content\/uploads\/2020\/07\/Warta_Stomil-4857-www-128x85.jpg 128w, https:\/\/wartapoznan.pl\/wp-content\/uploads\/2020\/07\/Warta_Stomil-4857-www-32x21.jpg 32w, https:\/\/wartapoznan.pl\/wp-content\/uploads\/2020\/07\/Warta_Stomil-4857-www-356x236.jpg 356w, https:\/\/wartapoznan.pl\/wp-content\/uploads\/2020\/07\/Warta_Stomil-4857-www-470x312.jpg 470w, https:\/\/wartapoznan.pl\/wp-content\/uploads\/2020\/07\/Warta_Stomil-4857-www-70x46.jpg 70w, https:\/\/wartapoznan.pl\/wp-content\/uploads\/2020\/07\/Warta_Stomil-4857-www-100x66.jpg 100w\" sizes=\"(max-width: 1006px) 100vw, 1006px\" \/><\/p>\n<p>Z kolei 19-letni Dominik Smykowski pojawi\u0142 si\u0119 w sobot\u0119 na boisku w 78. minucie meczu ze Stomilem Olsztyn. \u00a0Dla ofensywnego pomocnika by\u0142 to pierwszy wyst\u0119p w seniorskim zespole Warty Pozna\u0144, klubu, w kt\u00f3rym sp\u0119dzi\u0142 wi\u0119kszo\u015b\u0107 swojego pi\u0142karskiego \u017cycia. R\u00f3wnie\u017c jest poznaniakiem i wychowankiem \u201eZielonych\u201d, a ma za sob\u0105 tak\u017ce trzy sezony w juniorskich zespo\u0142ach Zag\u0142\u0119bia Lubin. Do Warty Pozna\u0144 wr\u00f3ci\u0142 w 2017 roku.<\/p>\n<p>&#8211; <em>Pewnie nie b\u0119d\u0105 w stu procentach zadowoleni po tym meczu, ale b\u0119d\u0105 wspominali ten dzie\u0144, jako wa\u017cne wydarzenie w ich pi\u0142karskiej przygodzie<\/em> \u2013 uwa\u017ca trener Warty Pozna\u0144 Piotr Tworek. \u2013 <em>Wyst\u0119p Filipa Ma\u0142ka by\u0142 obiecuj\u0105cy, tym bardziej, \u017ce musia\u0142 si\u0119 przeciwstawi\u0107 do\u015bwiadczonemu napastnikowi Szymonowi Sobczakowi. Dominik Smykowski te\u017c zaliczy\u0142 debiut, zagra\u0142 kr\u00f3cej, ale mia\u0142 te\u017c udane zagrania.<\/em><\/p>\n<p>Wcze\u015bniej w tym sezonie w ekipie \u201eZielonych\u201d zadebiutowali inni wychowankowie Akademii Warty Pozna\u0144: Aleks \u0141awniczak i Jakub Apolinarski. W sumie, w ostatnim roku w oficjalnych meczach pozna\u0144skiego zespo\u0142u wyst\u0105pi\u0142o ju\u017c 31 graczy.<\/p>\n<hr \/>\n<p><a href=\"https:\/\/bit.ly\/3g7X4xm\" target=\"_blank\" rel=\"noopener noreferrer\">ZOBACZ GALERI\u0118 ZDJ\u0118\u0106 Z MECZU<\/a><\/p>\n","protected":false},"excerpt":{"rendered":"<p>Swoje pierwsze oficjalne mecze w pierwszym zespole Warty Pozna\u0144 rozegrali w sobot\u0119 18-letni Filip Ma\u0142ek i starszy od niego o&#8230;<\/p>\n","protected":false},"author":36,"featured_media":10120,"comment_status":"closed","ping_status":"closed","sticky":false,"template":"","format":"standard","meta":{"om_disable_all_campaigns":false,"inline_featured_image":false,"footnotes":"","_links_to":"","_links_to_target":""},"categories":[95,94,100,1],"tags":[],"aioseo_notices":[],"_links":{"self":[{"href":"https:\/\/wartapoznan.pl\/index.php\/wp-json\/wp\/v2\/posts\/10116"}],"collection":[{"href":"https:\/\/wartapoznan.pl\/index.php\/wp-json\/wp\/v2\/posts"}],"about":[{"href":"https:\/\/wartapoznan.pl\/index.php\/wp-json\/wp\/v2\/types\/post"}],"author":[{"embeddable":true,"href":"https:\/\/wartapoznan.pl\/index.php\/wp-json\/wp\/v2\/users\/36"}],"replies":[{"embeddable":true,"href":"https:\/\/wartapoznan.pl\/index.php\/wp-json\/wp\/v2\/comments?post=10116"}],"version-history":[{"count":4,"href":"https:\/\/wartapoznan.pl\/index.php\/wp-json\/wp\/v2\/posts\/10116\/revisions"}],"predecessor-version":[{"id":10122,"href":"https:\/\/wartapoznan.pl\/index.php\/wp-json\/wp\/v2\/posts\/10116\/revisions\/10122"}],"wp:featuredmedia":[{"embeddable":true,"href":"https:\/\/wartapoznan.pl\/index.php\/wp-json\/wp\/v2\/media\/10120"}],"wp:attachment":[{"href":"https:\/\/wartapoznan.pl\/index.php\/wp-json\/wp\/v2\/media?parent=10116"}],"wp:term":[{"taxonomy":"category","embeddable":true,"href":"https:\/\/wartapoznan.pl\/index.php\/wp-json\/wp\/v2\/categories?post=10116"},{"taxonomy":"post_tag","embeddable":true,"href":"https:\/\/wartapoznan.pl\/index.php\/wp-json\/wp\/v2\/tags?post=10116"}],"curies":[{"name":"wp","href":"https:\/\/api.w.org\/{rel}","templated":true}]}}