{"id":10160,"date":"2020-07-28T23:31:07","date_gmt":"2020-07-28T21:31:07","guid":{"rendered":"https:\/\/wartapoznan.pl\/?p=10160"},"modified":"2020-07-29T12:58:03","modified_gmt":"2020-07-29T10:58:03","slug":"warta-poznan-w-finale-barazy-o-awans-do-pko-bp-ekstraklasy","status":"publish","type":"post","link":"https:\/\/wartapoznan.pl\/index.php\/2020\/07\/28\/warta-poznan-w-finale-barazy-o-awans-do-pko-bp-ekstraklasy\/","title":{"rendered":"Warta Pozna\u0144 w finale bara\u017cy o awans do PKO Ekstraklasy!"},"content":{"rendered":"<p><b>Warta Pozna\u0144 zagra w pi\u0105tek o awans do Ekstraklasy! Pi\u0142karze trenera Piotra Tworka po zaci\u0119tym i wyr\u00f3wnanym spotkaniu p\u00f3\u0142fina\u0142owym pokonali w Grodzisku Wlkp. Bruk-Bet Termalic\u0119 Nieciecza 1:0 po bramce Micha\u0142a Jak\u00f3bowskiego w 61. minucie. W meczu fina\u0142owym \u201eZieloni\u201d zmierz\u0105 si\u0119 z Radomiakiem Radom.<\/b><\/p>\n<p>Po zaj\u0119ciu trzeciego miejsca w tabeli na pi\u0142karzy Warty Pozna\u0144 czeka\u0142 we wtorkowy wiecz\u00f3r p\u00f3\u0142fina\u0142owy mecz bara\u017cowy o awans do PKO Ekstraklasy z Bruk-Bet Termalic\u0105 Nieciecza. Zwyci\u0119stwo mia\u0142o by\u0107 pierwszym krokiem do powrotu do najwy\u017cszej klasy rozgrywkowej po 25 latach. W p\u00f3\u0142finale czeka\u0142a ich jednak nie\u0142atwa przeprawa, bowiem zesp\u00f3\u0142 z Niecieczy to dla zawodnik\u00f3w trenera Tworka bardzo niewygodny rywal. Wystarczy bowiem wspomnie\u0107, \u017ce &#8222;Zieloni&#8221; nie wygrali ani jednego meczu z tym zespo\u0142em po tym, jak dwa lata temu wr\u00f3cili do Fortuna 1 Ligi.<\/p>\n<p>Pierwsze minuty spotkania by\u0142y bardzo wyr\u00f3wnane i emocjonuj\u0105ce, gdy\u017c oba zespo\u0142y od pocz\u0105tku ruszy\u0142y do ataku w poszukiwaniu gola na 1:0. Poznaniacy, po raz pierwszy w tym sezonie w Grodzisku Wlkp. wspierani dopingiem swoich kibic\u00f3w, w 11. minucie mogli wyj\u015b\u0107 na prowadzenie, kiedy to niezwykle mocnym i precyzyjnym uderzeniem z dystansu popisa\u0142 si\u0119 Mariusz Rybicki. Ostatecznie jednak pi\u0142ka trafi\u0142a w s\u0142upek bramki strze\u017conej przez Tomasza Losk\u0119.<\/p>\n<p>Od tego momentu &#8222;Zieloni&#8221; powoli zacz\u0119li przejmowa\u0107 kontrol\u0119 nad wydarzeniami na boisku. W 23. minucie mieli kolejn\u0105 dogodn\u0105 okazj\u0119, kiedy to w sytuacji sam na sam Robertowi Janickiemu uda\u0142o si\u0119 min\u0105\u0107 interweniuj\u0105cego Losk\u0119. Pomocnik Warty nie zdecydowa\u0142 si\u0119 jednak na oddanie strza\u0142u, po czym wybieg\u0142 z pi\u0142k\u0105 poza boisko.<\/p>\n<p>Swoje okazje mia\u0142 jednak r\u00f3wnie\u017c zesp\u00f3\u0142 z Niecieczy. W 31. minucie po rzucie wolnym mocno zakot\u0142owa\u0142o si\u0119 w polu karnym Warty, a pi\u0142karze go\u015bci w jednej sytuacji trzy razy stan\u0119li przed szans\u0105 na umieszczenie pi\u0142ki w bramce. Strza\u0142 Piotra Wlaz\u0142o zosta\u0142 jednak zablokowany, po dobitce w wykonaniu Mateusza Grzybka pi\u0142ka trafi\u0142a w poprzeczk\u0119, a trzecie uderzenie poszybowa\u0142o daleko od bramki. Ostatecznie do przerwy kibice zgromadzeni na stadionie w Grodzisku Wlkp. nie zobaczyli bramek. Nikt jednak nie m\u00f3g\u0142 narzeka\u0107 na nud\u0119, bowiem na boisku dzia\u0142o si\u0119 naprawd\u0119 sporo.<\/p>\n<p>R\u00f3wnie\u017c pocz\u0105tek drugiej po\u0142owy by\u0142 emocjonuj\u0105cy, bowiem ju\u017c w 48. minucie gospodarze stan\u0119li przed kolejn\u0105 szans\u0105 na strzelenie gola. Po do\u015brodkowaniu z prawej strony w wykonaniu Rybickiego uderza\u0142 \u0141ukasz Sp\u0142awski, jednak skuteczn\u0105 interwencj\u0105 popisa\u0142 si\u0119 Loska, a sk\u0142adaj\u0105cemu si\u0119 do dobitki Micha\u0142owi Jak\u00f3bowskiemu w ostatniej chwili wybi\u0142 pi\u0142k\u0119 Piotr Wlaz\u0142o.<\/p>\n<p>Pi\u0142karze trenera Piotra Tworka d\u0142ugimi fragmentami rozgrywali pi\u0142k\u0119 na po\u0142owie rywali, nie pozwalaj\u0105c pi\u0142karzom Bruk-Betu na skuteczne wyprowadzenie pi\u0142ki z w\u0142asnej po\u0142owy. Dobra gra \u201eZielonych\u201d przynios\u0142a oczekiwany skutek w postaci bramki w 61. minucie. Najpierw z dystansu uderza\u0142 Mateusz Kupczak, jego uderzenie zdo\u0142a\u0142 sparowa\u0107 Loska, jednak przy dobitce w wykonaniu Jak\u00f3bowskiego by\u0142 ju\u017c bez szans.<\/p>\n<p>Poznaniacy nie zd\u0105\u017cyli si\u0119 nacieszy\u0107 obj\u0119ciem prowadzenia, gdy okaza\u0142o si\u0119, \u017ce asystent s\u0119dziego zasygnalizowa\u0142, \u017ce Micha\u0142 Jak\u00f3bowski by\u0142 na spalonym. Wtedy przyda\u0142 si\u0119 system VAR, kt\u00f3ry po raz pierwszy zago\u015bci\u0142 na meczu z udzia\u0142em Warty Pozna\u0144. S\u0119dziowie Szymon Marciniak i Marcin Boniek d\u0142ugo analizowali sytuacj\u0119 i dopiero 5,5 minuty po tym, jak pi\u0142ka wyl\u0105dowa\u0142a w siatce, arbiter Sebastian Jarz\u0119bak wskaza\u0142 na \u015brodek boiska.\u00a0Gol s\u0142usznie zosta\u0142 zaliczony!<\/p>\n<p>Pi\u0142karze Termaliki starali si\u0119 wyprowadzi\u0107 akcj\u0119, kt\u00f3ra da\u0142aby im wyr\u00f3wnanie, ale przez d\u0142u\u017cszy czas nie wynika\u0142o z tego nic konkretnego. Cho\u0107 zawodnicy z Poznania nie narzucali ju\u017c tempa, to jednak spokojnie kontrolowali przebieg gry, nie pozwalaj\u0105c go\u015bciom na stworzenie sobie gro\u017anej okazji.<\/p>\n<p>W ko\u0144c\u00f3wce kilka razy zrobi\u0142o si\u0119 jednak gor\u0105co w polu karnym Warty. Na chwil\u0119 przed doliczonym czasem gry po rzucie ro\u017cnym gro\u017any strza\u0142 g\u0142ow\u0105 odda\u0142 niepilnowany w polu karnym Wlaz\u0142o. Ostatecznie jednak pi\u0142ka wyl\u0105dowa\u0142a w r\u0119kach dobrze ustawionego Adriana Lisa. Go\u015bcie z Niecieczy byli jednak mocno zdesperowani, by doprowadzi\u0107 do remisu. W ko\u0144c\u00f3wce spotkania w pole karne poznaniak\u00f3w pobieg\u0142 nawet bramkarz Bruk-Betu Loska. Ostatecznie jednak ta zagrywka nie przynios\u0142a niecieczanom oczekiwanego skutku i po ko\u0144cowym gwizdku to Warta mog\u0142a si\u0119 cieszy\u0107 ze zwyci\u0119stwa.<\/p>\n<p>\u201eZieloni\u201d pokonali zesp\u00f3\u0142 Bruk-Betu Termaliki 1:0 i awansowali do pi\u0105tkowego fina\u0142u bara\u017cy o miejsce w PKO Ekstraklasie. W nim zmierz\u0105 si\u0119 z Radomiakiem Radom.<\/p>\n<p><b>WARTA POZNA\u0143 \u2013 BRUK-BET TERMALICA NIECIECZA 1:0 (0:0)<\/b><\/p>\n<p><b>Bramka:<\/b> 1:0 Jak\u00f3bowski (61. minuta).<\/p>\n<p><b>Warta: <\/b>Adrian Lis \u2013 Micha\u0142 Grobelny, Bartosz Kieliba, Aleks \u0141awniczak \u017b, Jakub Kie\u0142b \u2013 \u0141ukasz Tra\u0142ka \u017b, Mateusz Kupczak \u2013 Mariusz Rybicki \u017b, Robert Janicki (81. Adrian Laskowski), Micha\u0142 Jak\u00f3bowski \u017b \u2013 \u0141ukasz Sp\u0142awski (80. Gracjan Jaroch).<\/p>\n<p><b>S\u0119dziowa\u0142 <\/b>Sebastian Jarz\u0119bak z Bytomia<\/p>\n<p><b>Widz\u00f3w 837<\/b><\/p>\n<hr \/>\n<p><a href=\"https:\/\/bit.ly\/3gb3efQ\" target=\"_blank\" rel=\"noopener noreferrer\">ZOBACZ GALERI\u0118 ZDJ\u0118\u0106 Z MECZU<\/a><\/p>\n","protected":false},"excerpt":{"rendered":"<p>Warta Pozna\u0144 zagra w pi\u0105tek o awans do Ekstraklasy! Pi\u0142karze trenera Piotra Tworka po zaci\u0119tym i wyr\u00f3wnanym spotkaniu p\u00f3\u0142fina\u0142owym pokonali&#8230;<\/p>\n","protected":false},"author":38,"featured_media":10164,"comment_status":"closed","ping_status":"closed","sticky":false,"template":"","format":"standard","meta":{"om_disable_all_campaigns":false,"inline_featured_image":false,"footnotes":"","_links_to":"","_links_to_target":""},"categories":[94,100,1],"tags":[],"aioseo_notices":[],"_links":{"self":[{"href":"https:\/\/wartapoznan.pl\/index.php\/wp-json\/wp\/v2\/posts\/10160"}],"collection":[{"href":"https:\/\/wartapoznan.pl\/index.php\/wp-json\/wp\/v2\/posts"}],"about":[{"href":"https:\/\/wartapoznan.pl\/index.php\/wp-json\/wp\/v2\/types\/post"}],"author":[{"embeddable":true,"href":"https:\/\/wartapoznan.pl\/index.php\/wp-json\/wp\/v2\/users\/38"}],"replies":[{"embeddable":true,"href":"https:\/\/wartapoznan.pl\/index.php\/wp-json\/wp\/v2\/comments?post=10160"}],"version-history":[{"count":7,"href":"https:\/\/wartapoznan.pl\/index.php\/wp-json\/wp\/v2\/posts\/10160\/revisions"}],"predecessor-version":[{"id":10186,"href":"https:\/\/wartapoznan.pl\/index.php\/wp-json\/wp\/v2\/posts\/10160\/revisions\/10186"}],"wp:featuredmedia":[{"embeddable":true,"href":"https:\/\/wartapoznan.pl\/index.php\/wp-json\/wp\/v2\/media\/10164"}],"wp:attachment":[{"href":"https:\/\/wartapoznan.pl\/index.php\/wp-json\/wp\/v2\/media?parent=10160"}],"wp:term":[{"taxonomy":"category","embeddable":true,"href":"https:\/\/wartapoznan.pl\/index.php\/wp-json\/wp\/v2\/categories?post=10160"},{"taxonomy":"post_tag","embeddable":true,"href":"https:\/\/wartapoznan.pl\/index.php\/wp-json\/wp\/v2\/tags?post=10160"}],"curies":[{"name":"wp","href":"https:\/\/api.w.org\/{rel}","templated":true}]}}