{"id":10167,"date":"2020-07-28T23:56:12","date_gmt":"2020-07-28T21:56:12","guid":{"rendered":"https:\/\/wartapoznan.pl\/?p=10167"},"modified":"2020-07-29T10:30:18","modified_gmt":"2020-07-29T08:30:18","slug":"opinie-trenerow-po-meczu-warta-poznan-bruk-bet-termalica-nieciecza-w-polfinale-barazy-o-ekstraklase","status":"publish","type":"post","link":"https:\/\/wartapoznan.pl\/index.php\/2020\/07\/28\/opinie-trenerow-po-meczu-warta-poznan-bruk-bet-termalica-nieciecza-w-polfinale-barazy-o-ekstraklase\/","title":{"rendered":"Opinie trener\u00f3w po meczu Warta Pozna\u0144 \u2013 Bruk-Bet Termalica Nieciecza w p\u00f3\u0142finale bara\u017cy o Ekstraklas\u0119"},"content":{"rendered":"<p><strong>Gol strzelony g\u0142ow\u0105 przez Micha\u0142a Jak\u00f3bowskiego da\u0142 Warcie Pozna\u0144 zwyci\u0119stwo 1:0 nad Bruk-Bet Termalic\u0105 Nieciecza i awans do pi\u0105tkowego fina\u0142u bara\u017cy o PKO Ekstraklas\u0119. Oto, co po spotkaniu rozegranym we wtorkowy wiecz\u00f3r w Grodzisku Wlkp. powiedzieli trenerzy obu dru\u017cyn:<\/strong><\/p>\n<p><strong>Mariusz Lewandowski, trener Bruk-Bet Termaliki Nieciecza:<\/strong> <em>Nie tak mia\u0142 ten wiecz\u00f3r wygl\u0105da\u0107. Chcieli\u015bmy wygra\u0107. Ju\u017c przed meczem m\u00f3wi\u0142em, \u017ce to b\u0119dzie mecz do b\u0142\u0119du i tak si\u0119 sta\u0142o. W pierwszej po\u0142owie najpierw my mieli\u015bmy szcz\u0119\u015bcie przy s\u0142upku po strzale zawodnika Warty, a potem sami wypracowali\u015bmy swoj\u0105 szans\u0119. Gdyby\u015bmy wyszli na prowadzenie, pewnie inaczej by si\u0119 to potoczy\u0142o. Do ostatniej minuty pr\u00f3bowali\u015bmy zmieni\u0107 rezultat, ale \u015bwietnie w ko\u0144c\u00f3wce broni\u0142 Adrian Lis. Dzi\u0119kuj\u0119 wszystkim, kt\u00f3rzy pomagaj\u0105 mi w pracy. G\u0142owy do g\u00f3ry, mam nadziej\u0119, \u017ce wyci\u0105gniemy wnioski z tego do\u015bwiadczenia i w przysz\u0142ym sezonie b\u0119dziemy silniejsi i gotowi, by wr\u00f3ci\u0107 do Ekstraklasy.<\/em><\/p>\n<p><strong><img loading=\"lazy\" decoding=\"async\" width=\"1005\" height=\"667\" class=\"aligncenter size-full wp-image-10168\" src=\"https:\/\/wartapoznan.pl\/wp-content\/uploads\/2020\/07\/Warta_Termalica_baraz-5214-www.jpg\" alt=\"Warta Pozna\u0144 - Bruk-Bet Termalica Nieciecza 1:0. Trener go\u015bci, Mariusz Lewandowski\" srcset=\"https:\/\/wartapoznan.pl\/wp-content\/uploads\/2020\/07\/Warta_Termalica_baraz-5214-www.jpg 1005w, https:\/\/wartapoznan.pl\/wp-content\/uploads\/2020\/07\/Warta_Termalica_baraz-5214-www-300x199.jpg 300w, https:\/\/wartapoznan.pl\/wp-content\/uploads\/2020\/07\/Warta_Termalica_baraz-5214-www-768x510.jpg 768w, https:\/\/wartapoznan.pl\/wp-content\/uploads\/2020\/07\/Warta_Termalica_baraz-5214-www-128x85.jpg 128w, https:\/\/wartapoznan.pl\/wp-content\/uploads\/2020\/07\/Warta_Termalica_baraz-5214-www-32x21.jpg 32w, https:\/\/wartapoznan.pl\/wp-content\/uploads\/2020\/07\/Warta_Termalica_baraz-5214-www-356x236.jpg 356w, https:\/\/wartapoznan.pl\/wp-content\/uploads\/2020\/07\/Warta_Termalica_baraz-5214-www-470x312.jpg 470w, https:\/\/wartapoznan.pl\/wp-content\/uploads\/2020\/07\/Warta_Termalica_baraz-5214-www-70x46.jpg 70w, https:\/\/wartapoznan.pl\/wp-content\/uploads\/2020\/07\/Warta_Termalica_baraz-5214-www-100x66.jpg 100w\" sizes=\"(max-width: 1005px) 100vw, 1005px\" \/><\/strong><\/p>\n<p><strong>Piotr Tworek, trener Warty Pozna\u0144:<\/strong> <em>Uczynili\u015bmy pierwszy krok, mamy do postawienia jeszcze jeden w pi\u0105tek. Czeka nas teraz odnowa biologiczna, regeneracja i mocna analiza rywala.<\/em><br \/>\n<em>Je\u015bli chodzi o mecz z Termalic\u0105, by\u0142 on dobry pi\u0142karsko i taktycznie. Oba zespo\u0142y zna\u0142y mocne i s\u0142absze strony przeciwnika. To by\u0142o dobre spotkanie je\u015bli chodzi o realizacj\u0119 za\u0142o\u017ce\u0144 taktycznych. Od pocz\u0105tku starali\u015bmy si\u0119 przej\u0105\u0107 inicjatyw\u0119 i zmusi\u0107 rywala do innego stylu grania ni\u017c ten, kt\u00f3ry lubi. Ustawienie taktyczne by\u0142o decyduj\u0105ce. Zneutralizowali\u015bmy elementy, kt\u00f3re Termalice dobrze wychodzi\u0142y wcze\u015bniej. Da\u0142o nam to jednego gola, z kt\u00f3rego si\u0119 bardzo cieszymy. By\u0142y jeszcze inne sytuacje, szkoda, \u017ce ich nie wykorzystali\u015bmy, ale emocji nie zabrak\u0142o. To by\u0142o dobre widowisko. Jeszcze nic nie wygrali\u015bmy, wi\u0119c nie cieszyli\u015bmy si\u0119 w szatni i nie \u015bpiewali\u015bmy. Dru\u017cyna otrzyma\u0142a oczywi\u015bcie brawa za dzisiejsze spotkanie, ale teraz z ch\u0142odn\u0105 g\u0142ow\u0105 i pokor\u0105 czekamy na fina\u0142.<\/em><\/p>\n<hr \/>\n<p><a href=\"https:\/\/bit.ly\/3gb3efQ\" rel=\"noopener noreferrer\" target=\"_blank\">ZOBACZ GALERI\u0118 ZDJ\u0118\u0106 Z MECZU<\/a><\/p>\n","protected":false},"excerpt":{"rendered":"<p>Gol strzelony g\u0142ow\u0105 przez Micha\u0142a Jak\u00f3bowskiego da\u0142 Warcie Pozna\u0144 zwyci\u0119stwo 1:0 nad Bruk-Bet Termalic\u0105 Nieciecza i awans do pi\u0105tkowego fina\u0142u&#8230;<\/p>\n","protected":false},"author":36,"featured_media":10169,"comment_status":"closed","ping_status":"closed","sticky":false,"template":"","format":"standard","meta":{"om_disable_all_campaigns":false,"inline_featured_image":false,"footnotes":"","_links_to":"","_links_to_target":""},"categories":[94,100,1],"tags":[],"aioseo_notices":[],"_links":{"self":[{"href":"https:\/\/wartapoznan.pl\/index.php\/wp-json\/wp\/v2\/posts\/10167"}],"collection":[{"href":"https:\/\/wartapoznan.pl\/index.php\/wp-json\/wp\/v2\/posts"}],"about":[{"href":"https:\/\/wartapoznan.pl\/index.php\/wp-json\/wp\/v2\/types\/post"}],"author":[{"embeddable":true,"href":"https:\/\/wartapoznan.pl\/index.php\/wp-json\/wp\/v2\/users\/36"}],"replies":[{"embeddable":true,"href":"https:\/\/wartapoznan.pl\/index.php\/wp-json\/wp\/v2\/comments?post=10167"}],"version-history":[{"count":2,"href":"https:\/\/wartapoznan.pl\/index.php\/wp-json\/wp\/v2\/posts\/10167\/revisions"}],"predecessor-version":[{"id":10172,"href":"https:\/\/wartapoznan.pl\/index.php\/wp-json\/wp\/v2\/posts\/10167\/revisions\/10172"}],"wp:featuredmedia":[{"embeddable":true,"href":"https:\/\/wartapoznan.pl\/index.php\/wp-json\/wp\/v2\/media\/10169"}],"wp:attachment":[{"href":"https:\/\/wartapoznan.pl\/index.php\/wp-json\/wp\/v2\/media?parent=10167"}],"wp:term":[{"taxonomy":"category","embeddable":true,"href":"https:\/\/wartapoznan.pl\/index.php\/wp-json\/wp\/v2\/categories?post=10167"},{"taxonomy":"post_tag","embeddable":true,"href":"https:\/\/wartapoznan.pl\/index.php\/wp-json\/wp\/v2\/tags?post=10167"}],"curies":[{"name":"wp","href":"https:\/\/api.w.org\/{rel}","templated":true}]}}