{"id":10184,"date":"2020-07-29T12:07:47","date_gmt":"2020-07-29T10:07:47","guid":{"rendered":"https:\/\/wartapoznan.pl\/?p=10184"},"modified":"2020-07-29T12:07:47","modified_gmt":"2020-07-29T10:07:47","slug":"wszystkie-bilety-na-mecz-warta-poznan-radomiak-radom-sprzedane","status":"publish","type":"post","link":"https:\/\/wartapoznan.pl\/index.php\/2020\/07\/29\/wszystkie-bilety-na-mecz-warta-poznan-radomiak-radom-sprzedane\/","title":{"rendered":"Wszystkie bilety na mecz Warta Pozna\u0144 \u2013 Radomiak Radom sprzedane!"},"content":{"rendered":"<p><strong>Niespe\u0142na godzin\u0119 trwa\u0142a sprzeda\u017c bilet\u00f3w na pojedynek pi\u0142karzy Warty Pozna\u0144 z Radomiakiem Radom w finale bara\u017cy o awans do PKO Ekstraklasy. Wszystkie wej\u015bci\u00f3wki rozesz\u0142y si\u0119 w sprzeda\u017cy zamkni\u0119tej. Pi\u0105tkowy mecz obejrzy komplet, 837 widz\u00f3w.<\/strong><\/p>\n<p>Ostatni mecz sezonu Fortuna 1 Ligi rozstrzygnie o tym, kto do\u0142\u0105czy do Stali Mielec oraz Podbeskidzia Bielsko-Bia\u0142a i awansuje do PKO Ekstraklasy. W decyduj\u0105cym starciu w Grodzisku Wlkp. zmierz\u0105 si\u0119 Warta Pozna\u0144 i Radomiak Radom.<\/p>\n<p>Pojedynek wywo\u0142uje ogromne zainteresowanie ze strony kibic\u00f3w. O godz. 11 poinformowali\u015bmy u\u017cytkownik\u00f3w ligowej aplikacji o mo\u017cliwo\u015bci zakupu bilet\u00f3w w sprzeda\u017cy zamkni\u0119tej na stronie <a href=\"https:\/\/bilety.klubwarta.pl\/\" target=\"_blank\" rel=\"noopener noreferrer\">bilety.klubwarta.pl<\/a>. Zamkni\u0119tej, bo postanowili\u015bmy uprzywilejowa\u0107 te osoby, kt\u00f3re wcze\u015bniej, w tym sezonie kupi\u0142y bilet na mecz \u201eZielonych\u201d, wspar\u0142y Klub, nabywaj\u0105c wirtualn\u0105 wej\u015bci\u00f3wk\u0119 w trakcie zawieszenia rozgrywek lub w\u0142\u0105czy\u0142y si\u0119 do urodzinowej akcji #1912na108. Informacja o rozpocz\u0119ciu sprzeda\u017cy pojawi\u0142a si\u0119 na stronie internetowej oraz na klubowych kana\u0142ach w mediach spo\u0142eczno\u015bciowych.<\/p>\n<p>Sprzeda\u017c zamkni\u0119ta trwa\u0142a nieca\u0142\u0105 godzin\u0119, bo jeszcze przed po\u0142udniem znikn\u0105\u0142 z puli ostatni bilet. Ze wzgl\u0119du na rygor sanitarny mo\u017cemy wpu\u015bci\u0107 na trybuny stadionu w Grodzisku Wlkp. tylko 837 os\u00f3b. Tak jak we wtorek, podczas zwyci\u0119skiego meczu z Bruk-Bet Termalic\u0105 Nieciecza, na widowni b\u0119dzie wi\u0119c komplet publiczno\u015bci!<\/p>\n","protected":false},"excerpt":{"rendered":"<p>Niespe\u0142na godzin\u0119 trwa\u0142a sprzeda\u017c bilet\u00f3w na pojedynek pi\u0142karzy Warty Pozna\u0144 z Radomiakiem Radom w finale bara\u017cy o awans do PKO&#8230;<\/p>\n","protected":false},"author":36,"featured_media":10179,"comment_status":"closed","ping_status":"closed","sticky":false,"template":"","format":"standard","meta":{"om_disable_all_campaigns":false,"inline_featured_image":false,"footnotes":"","_links_to":"","_links_to_target":""},"categories":[94,100,1],"tags":[],"aioseo_notices":[],"_links":{"self":[{"href":"https:\/\/wartapoznan.pl\/index.php\/wp-json\/wp\/v2\/posts\/10184"}],"collection":[{"href":"https:\/\/wartapoznan.pl\/index.php\/wp-json\/wp\/v2\/posts"}],"about":[{"href":"https:\/\/wartapoznan.pl\/index.php\/wp-json\/wp\/v2\/types\/post"}],"author":[{"embeddable":true,"href":"https:\/\/wartapoznan.pl\/index.php\/wp-json\/wp\/v2\/users\/36"}],"replies":[{"embeddable":true,"href":"https:\/\/wartapoznan.pl\/index.php\/wp-json\/wp\/v2\/comments?post=10184"}],"version-history":[{"count":1,"href":"https:\/\/wartapoznan.pl\/index.php\/wp-json\/wp\/v2\/posts\/10184\/revisions"}],"predecessor-version":[{"id":10185,"href":"https:\/\/wartapoznan.pl\/index.php\/wp-json\/wp\/v2\/posts\/10184\/revisions\/10185"}],"wp:featuredmedia":[{"embeddable":true,"href":"https:\/\/wartapoznan.pl\/index.php\/wp-json\/wp\/v2\/media\/10179"}],"wp:attachment":[{"href":"https:\/\/wartapoznan.pl\/index.php\/wp-json\/wp\/v2\/media?parent=10184"}],"wp:term":[{"taxonomy":"category","embeddable":true,"href":"https:\/\/wartapoznan.pl\/index.php\/wp-json\/wp\/v2\/categories?post=10184"},{"taxonomy":"post_tag","embeddable":true,"href":"https:\/\/wartapoznan.pl\/index.php\/wp-json\/wp\/v2\/tags?post=10184"}],"curies":[{"name":"wp","href":"https:\/\/api.w.org\/{rel}","templated":true}]}}