{"id":10296,"date":"2020-08-08T14:55:46","date_gmt":"2020-08-08T12:55:46","guid":{"rendered":"https:\/\/wartapoznan.pl\/?p=10296"},"modified":"2020-08-08T18:00:11","modified_gmt":"2020-08-08T16:00:11","slug":"blekitni-stargard-rywalem-warty-poznan-w-pucharze-polski","status":"publish","type":"post","link":"https:\/\/wartapoznan.pl\/index.php\/2020\/08\/08\/blekitni-stargard-rywalem-warty-poznan-w-pucharze-polski\/","title":{"rendered":"B\u0142\u0119kitni Stargard rywalem Warty Pozna\u0144 w Pucharze Polski"},"content":{"rendered":"<p><strong>W 1\/32 fina\u0142u Totolotek Pucharu Polski \u201eZieloni\u201d zagraj\u0105 z B\u0142\u0119kitnymi Stargard, kt\u00f3rzy wyeliminowali dzisiaj z turnieju Legionovi\u0119 Legionowo.<\/strong><\/p>\n<p>Klub ze Stargardu zapewni\u0142 sobie awans, wygrywaj\u0105c na w\u0142asnym stadionie 2:0. Obie bramki dla gospodarzy zdoby\u0142 Mateusz Bochnak.<\/p>\n<p>O tym, \u017ce podopieczni Piotra Tworka zmierz\u0105 si\u0119 ze zwyci\u0119zc\u0105 pary B\u0142\u0119kitni \u2013 Legionovia by\u0142o wiadomo od 27 lipca, kiedy to mia\u0142o miejsce losowanie do nadchodz\u0105cej fazy krajowego pucharu.<\/p>\n<p>Konfrontacj\u0119 pomi\u0119dzy dru\u017cyn\u0105 z p\u00f3\u0142nocy Polski a Wart\u0105 zaplanowano na weekend 15-16 sierpnia. Mecz odb\u0119dzie si\u0119 w Stargardzie.<\/p>\n<p>B\u0142\u0119kitni na co dzie\u0144 rywalizuj\u0105 w II lidze. W minionym sezonie zaj\u0119li 12. miejsce w tabeli, zdobywaj\u0105c 47 punkt\u00f3w w 34 meczach.<\/p>\n","protected":false},"excerpt":{"rendered":"<p>W 1\/32 fina\u0142u Totolotek Pucharu Polski \u201eZieloni\u201d zagraj\u0105 z B\u0142\u0119kitnymi Stargard, kt\u00f3rzy wyeliminowali dzisiaj z turnieju Legionovi\u0119 Legionowo. Klub ze&#8230;<\/p>\n","protected":false},"author":36,"featured_media":6427,"comment_status":"closed","ping_status":"closed","sticky":false,"template":"","format":"standard","meta":{"om_disable_all_campaigns":false,"inline_featured_image":false,"footnotes":"","_links_to":"","_links_to_target":""},"categories":[94,100,1],"tags":[],"aioseo_notices":[],"_links":{"self":[{"href":"https:\/\/wartapoznan.pl\/index.php\/wp-json\/wp\/v2\/posts\/10296"}],"collection":[{"href":"https:\/\/wartapoznan.pl\/index.php\/wp-json\/wp\/v2\/posts"}],"about":[{"href":"https:\/\/wartapoznan.pl\/index.php\/wp-json\/wp\/v2\/types\/post"}],"author":[{"embeddable":true,"href":"https:\/\/wartapoznan.pl\/index.php\/wp-json\/wp\/v2\/users\/36"}],"replies":[{"embeddable":true,"href":"https:\/\/wartapoznan.pl\/index.php\/wp-json\/wp\/v2\/comments?post=10296"}],"version-history":[{"count":4,"href":"https:\/\/wartapoznan.pl\/index.php\/wp-json\/wp\/v2\/posts\/10296\/revisions"}],"predecessor-version":[{"id":10303,"href":"https:\/\/wartapoznan.pl\/index.php\/wp-json\/wp\/v2\/posts\/10296\/revisions\/10303"}],"wp:featuredmedia":[{"embeddable":true,"href":"https:\/\/wartapoznan.pl\/index.php\/wp-json\/wp\/v2\/media\/6427"}],"wp:attachment":[{"href":"https:\/\/wartapoznan.pl\/index.php\/wp-json\/wp\/v2\/media?parent=10296"}],"wp:term":[{"taxonomy":"category","embeddable":true,"href":"https:\/\/wartapoznan.pl\/index.php\/wp-json\/wp\/v2\/categories?post=10296"},{"taxonomy":"post_tag","embeddable":true,"href":"https:\/\/wartapoznan.pl\/index.php\/wp-json\/wp\/v2\/tags?post=10296"}],"curies":[{"name":"wp","href":"https:\/\/api.w.org\/{rel}","templated":true}]}}