{"id":10634,"date":"2020-08-28T20:41:39","date_gmt":"2020-08-28T18:41:39","guid":{"rendered":"https:\/\/wartapoznan.pl\/?p=10634"},"modified":"2020-08-29T22:50:09","modified_gmt":"2020-08-29T20:50:09","slug":"mecz-zaglebie-lubin-warta-poznan-oczami-trenerow","status":"publish","type":"post","link":"https:\/\/wartapoznan.pl\/index.php\/2020\/08\/28\/mecz-zaglebie-lubin-warta-poznan-oczami-trenerow\/","title":{"rendered":"Mecz Zag\u0142\u0119bie Lubin \u2013 Warta Pozna\u0144 oczami trener\u00f3w"},"content":{"rendered":"<p><strong>Warta Pozna\u0144 przegra\u0142a na wyje\u017adzie 0:1 z Zag\u0142\u0119biem Lubin w swoim drugim meczu w tym sezonie PKO Ekstraklasy. Oto, jak pi\u0105tkowy wyst\u0119p ocenili trenerzy obu dru\u017cyn:<\/strong><\/p>\n<p><strong>Piotr Tworek, trener Warty Pozna\u0144:<\/strong> <em>Pora\u017cka boli i jeszcze d\u0142ugo b\u0119dzie bola\u0142a. Gdy traci si\u0119 gola w ko\u0144c\u00f3wce to jest to uczucie niekomfortowe. Wida\u0107 to po ch\u0142opakach w szatni &#8211; siedz\u0105 i maj\u0105 jeszcze g\u0142owy zaprz\u0105tni\u0119te tym meczem.<\/em><\/p>\n<p><em>Zdajemy sobie spraw\u0119 z tego, \u017ce Zag\u0142\u0119bie by\u0142o dzi\u015b lepszym zespo\u0142em, szczeg\u00f3lnie w drugiej po\u0142owie. My konsekwentnie pracowali\u015bmy w defensywie, zamykali\u015bmy \u015brodek pola i uniemo\u017cliwiali\u015bmy zagrywanie prostopad\u0142ych poda\u0144 przez Starzy\u0144skiego i Baszkirowa. Dobrze nam to wychodzi\u0142o, ale niestety, stracili\u015bmy bramk\u0119 po zagraniu z bocznego sektora boiska. Na domiar z\u0142ego w takim momencie, \u017ce nie mieli\u015bmy ju\u017c za du\u017co czasu na odpowied\u017a.<\/em><\/p>\n<p><em>Zostawili\u015bmy du\u017co serca i zdrowia. Zesp\u00f3\u0142 pokaza\u0142, \u017ce ma charakter i \u017celazn\u0105 dyscyplin\u0119, mimo \u017ce w ko\u0144c\u00f3wce troch\u0119 jej zabrak\u0142o. Dlatego nie uda\u0142o nam si\u0119 zdoby\u0107 cho\u0107by jednego punktu na tym trudnym terenie.<\/em><\/p>\n<p><em>Tak na gor\u0105co, najwi\u0119kszy minus by\u0142 taki, \u017ce nie potrafili\u015bmy po przechwycie d\u0142u\u017cej utrzyma\u0107 si\u0119 przy pi\u0142ce, \u017ceby wyprowadzi\u0107 kontratak. Przez to akcje nam si\u0119 za\u0142amywa\u0142y. Powiedzieli\u015bmy sobie, \u017ce nic nas nie mo\u017ce z\u0142ama\u0107 i nie z\u0142amie. Czeka nas du\u017co pracy, ale jeste\u015bmy na t\u0119 prac\u0119 gotowi.<\/em><\/p>\n<p><strong><img loading=\"lazy\" decoding=\"async\" width=\"1003\" height=\"667\" class=\"aligncenter size-full wp-image-10636\" src=\"https:\/\/wartapoznan.pl\/wp-content\/uploads\/2020\/08\/Zaglebie_Warta-8307-www.jpg\" alt=\"Zag\u0142\u0119bie Lubin - Warta Pozna\u0144. Mateusz Kupczak i Micha\u0142 Jak\u00f3bowski. Martin Sevela\" srcset=\"https:\/\/wartapoznan.pl\/wp-content\/uploads\/2020\/08\/Zaglebie_Warta-8307-www.jpg 1003w, https:\/\/wartapoznan.pl\/wp-content\/uploads\/2020\/08\/Zaglebie_Warta-8307-www-300x200.jpg 300w, https:\/\/wartapoznan.pl\/wp-content\/uploads\/2020\/08\/Zaglebie_Warta-8307-www-768x511.jpg 768w, https:\/\/wartapoznan.pl\/wp-content\/uploads\/2020\/08\/Zaglebie_Warta-8307-www-128x85.jpg 128w, https:\/\/wartapoznan.pl\/wp-content\/uploads\/2020\/08\/Zaglebie_Warta-8307-www-32x21.jpg 32w, https:\/\/wartapoznan.pl\/wp-content\/uploads\/2020\/08\/Zaglebie_Warta-8307-www-356x237.jpg 356w, https:\/\/wartapoznan.pl\/wp-content\/uploads\/2020\/08\/Zaglebie_Warta-8307-www-470x313.jpg 470w, https:\/\/wartapoznan.pl\/wp-content\/uploads\/2020\/08\/Zaglebie_Warta-8307-www-70x47.jpg 70w, https:\/\/wartapoznan.pl\/wp-content\/uploads\/2020\/08\/Zaglebie_Warta-8307-www-100x67.jpg 100w\" sizes=\"(max-width: 1003px) 100vw, 1003px\" \/><\/strong><\/p>\n<p><strong>Martin Sevela, trener Zag\u0142\u0119bia Lubin:<\/strong> <em>To by\u0142 bardzo trudny mecz dla nas. Przeciwnik podszed\u0142 do nas z respektem i w pierwszej po\u0142owie prawie nic nam nie wychodzi\u0142o, poza strza\u0142em w poprzeczk\u0119 Zivca. Byli\u015bmy w tej cz\u0119\u015bci gry ma\u0142o niebezpieczni. Przeciwnik pokaza\u0142 jako\u015b\u0107 i dobr\u0105 organizacj\u0119 gry, wi\u0119c trudno nam by\u0142o pokaza\u0107 jako\u015b\u0107 w ataku.<\/em><\/p>\n<p><em>W drugiej po\u0142owie by\u0142o ju\u017c lepiej. Dokonali\u015bmy zmian, kt\u00f3re wzmocni\u0142y zesp\u00f3\u0142 i pomog\u0142y dru\u017cynie. Rezerwowy Chodyna zaliczy\u0142 asyst\u0119. Jego podanie by\u0142o dobrej klasy, podobnie jak wyko\u0144czenie w wykonaniu Bohara.<\/em><\/p>\n<p><em>Odnie\u015bli\u015bmy zwyci\u0119stwo w tym trudnym meczu. W poprzednim sezonie takie spotkania zazwyczaj remisowali\u015bmy. Teraz rywal nie mia\u0142 ani jednego celnego strza\u0142u, co dobrze \u015bwiadczy o naszej obronie. My mieli\u015bmy wi\u0119cej okazji do zdobycia bramek. Du\u017co jeszcze pracy przed nami, b\u0119dziemy dbali o to, \u017ceby gra by\u0142a jeszcze \u0142adniejsza i \u017ceby kibice byli z niej zadowoleni. Zdobywamy 3 punkty w ko\u0144c\u00f3wce, tak jak w ostatnim meczu z Lechem, i to jest super, bo zesp\u00f3\u0142 gra\u0142 do ko\u0144ca i pokaza\u0142 charakter.<\/em><\/p>\n<hr \/>\n<p><a href=\"http:\/\/bit.ly\/3hJLcSQ\" rel=\"noopener noreferrer\" target=\"_blank\">ZOBACZ GALERI\u0118 ZDJ\u0118\u0106 Z MECZU<\/a><\/p>\n","protected":false},"excerpt":{"rendered":"<p>Warta Pozna\u0144 przegra\u0142a na wyje\u017adzie 0:1 z Zag\u0142\u0119biem Lubin w swoim drugim meczu w tym sezonie PKO Ekstraklasy. Oto, jak&#8230;<\/p>\n","protected":false},"author":36,"featured_media":10637,"comment_status":"closed","ping_status":"closed","sticky":false,"template":"","format":"standard","meta":{"om_disable_all_campaigns":false,"inline_featured_image":false,"footnotes":"","_links_to":"","_links_to_target":""},"categories":[94,100,245,1],"tags":[],"aioseo_notices":[],"_links":{"self":[{"href":"https:\/\/wartapoznan.pl\/index.php\/wp-json\/wp\/v2\/posts\/10634"}],"collection":[{"href":"https:\/\/wartapoznan.pl\/index.php\/wp-json\/wp\/v2\/posts"}],"about":[{"href":"https:\/\/wartapoznan.pl\/index.php\/wp-json\/wp\/v2\/types\/post"}],"author":[{"embeddable":true,"href":"https:\/\/wartapoznan.pl\/index.php\/wp-json\/wp\/v2\/users\/36"}],"replies":[{"embeddable":true,"href":"https:\/\/wartapoznan.pl\/index.php\/wp-json\/wp\/v2\/comments?post=10634"}],"version-history":[{"count":3,"href":"https:\/\/wartapoznan.pl\/index.php\/wp-json\/wp\/v2\/posts\/10634\/revisions"}],"predecessor-version":[{"id":10648,"href":"https:\/\/wartapoznan.pl\/index.php\/wp-json\/wp\/v2\/posts\/10634\/revisions\/10648"}],"wp:featuredmedia":[{"embeddable":true,"href":"https:\/\/wartapoznan.pl\/index.php\/wp-json\/wp\/v2\/media\/10637"}],"wp:attachment":[{"href":"https:\/\/wartapoznan.pl\/index.php\/wp-json\/wp\/v2\/media?parent=10634"}],"wp:term":[{"taxonomy":"category","embeddable":true,"href":"https:\/\/wartapoznan.pl\/index.php\/wp-json\/wp\/v2\/categories?post=10634"},{"taxonomy":"post_tag","embeddable":true,"href":"https:\/\/wartapoznan.pl\/index.php\/wp-json\/wp\/v2\/tags?post=10634"}],"curies":[{"name":"wp","href":"https:\/\/api.w.org\/{rel}","templated":true}]}}