{"id":10640,"date":"2020-08-29T12:00:50","date_gmt":"2020-08-29T10:00:50","guid":{"rendered":"https:\/\/wartapoznan.pl\/?p=10640"},"modified":"2020-08-29T22:50:18","modified_gmt":"2020-08-29T20:50:18","slug":"skrot-meczu-zaglebie-lubin-warta-poznan-wideo","status":"publish","type":"post","link":"https:\/\/wartapoznan.pl\/index.php\/2020\/08\/29\/skrot-meczu-zaglebie-lubin-warta-poznan-wideo\/","title":{"rendered":"Skr\u00f3t meczu Zag\u0142\u0119bie Lubin &#8211; Warta Pozna\u0144 [WIDEO]"},"content":{"rendered":"<p><strong>Zapraszamy do obejrzenia skr\u00f3tu z pi\u0105tkowego meczu 2. kolejki PKO Ekstraklasy, w kt\u00f3rym Warta Pozna\u0144 przegra\u0142a 0:1 z Zag\u0142\u0119biem w Lubinie.<\/strong><\/p>\n<p>Do 88. minuty utrzymywa\u0142 si\u0119 wynik bezbramkowy, ale wtedy Damjan Bohar zaskoczy\u0142 Adriana Lisa i zapewni\u0142 gospodarzom trzy punkty.<\/p>\n<p><iframe src=\"https:\/\/video-widget.oz.com?eventId=6dc94180-1d82-41bb-b70d-5d737b33f857\" frameborder=\"0\" scrolling=\"no\" allowfullscreen=\"allowfullscreen\"><span data-mce-type=\"bookmark\" style=\"display: inline-block; width: 0px; overflow: hidden; line-height: 0;\" class=\"mce_SELRES_start\">\ufeff<\/span><\/iframe><\/p>\n<hr \/>\n<p><a href=\"http:\/\/bit.ly\/3hJLcSQ\" rel=\"noopener noreferrer\" target=\"_blank\">ZOBACZ GALERI\u0118 ZDJ\u0118\u0106 Z MECZU<\/a><\/p>\n","protected":false},"excerpt":{"rendered":"<p>Zapraszamy do obejrzenia skr\u00f3tu z pi\u0105tkowego meczu 2. kolejki PKO Ekstraklasy, w kt\u00f3rym Warta Pozna\u0144 przegra\u0142a 0:1 z Zag\u0142\u0119biem w&#8230;<\/p>\n","protected":false},"author":36,"featured_media":10643,"comment_status":"closed","ping_status":"closed","sticky":false,"template":"","format":"standard","meta":{"om_disable_all_campaigns":false,"inline_featured_image":false,"footnotes":"","_links_to":"","_links_to_target":""},"categories":[94,100,245,1],"tags":[],"aioseo_notices":[],"_links":{"self":[{"href":"https:\/\/wartapoznan.pl\/index.php\/wp-json\/wp\/v2\/posts\/10640"}],"collection":[{"href":"https:\/\/wartapoznan.pl\/index.php\/wp-json\/wp\/v2\/posts"}],"about":[{"href":"https:\/\/wartapoznan.pl\/index.php\/wp-json\/wp\/v2\/types\/post"}],"author":[{"embeddable":true,"href":"https:\/\/wartapoznan.pl\/index.php\/wp-json\/wp\/v2\/users\/36"}],"replies":[{"embeddable":true,"href":"https:\/\/wartapoznan.pl\/index.php\/wp-json\/wp\/v2\/comments?post=10640"}],"version-history":[{"count":3,"href":"https:\/\/wartapoznan.pl\/index.php\/wp-json\/wp\/v2\/posts\/10640\/revisions"}],"predecessor-version":[{"id":10649,"href":"https:\/\/wartapoznan.pl\/index.php\/wp-json\/wp\/v2\/posts\/10640\/revisions\/10649"}],"wp:featuredmedia":[{"embeddable":true,"href":"https:\/\/wartapoznan.pl\/index.php\/wp-json\/wp\/v2\/media\/10643"}],"wp:attachment":[{"href":"https:\/\/wartapoznan.pl\/index.php\/wp-json\/wp\/v2\/media?parent=10640"}],"wp:term":[{"taxonomy":"category","embeddable":true,"href":"https:\/\/wartapoznan.pl\/index.php\/wp-json\/wp\/v2\/categories?post=10640"},{"taxonomy":"post_tag","embeddable":true,"href":"https:\/\/wartapoznan.pl\/index.php\/wp-json\/wp\/v2\/tags?post=10640"}],"curies":[{"name":"wp","href":"https:\/\/api.w.org\/{rel}","templated":true}]}}