{"id":10644,"date":"2020-08-29T22:41:33","date_gmt":"2020-08-29T20:41:33","guid":{"rendered":"https:\/\/wartapoznan.pl\/?p=10644"},"modified":"2020-08-29T22:51:01","modified_gmt":"2020-08-29T20:51:01","slug":"warta-ii-poznan-nadal-bez-zwyciestwa-w-iv-lidze","status":"publish","type":"post","link":"https:\/\/wartapoznan.pl\/index.php\/2020\/08\/29\/warta-ii-poznan-nadal-bez-zwyciestwa-w-iv-lidze\/","title":{"rendered":"Warta II Pozna\u0144 nadal bez zwyci\u0119stwa w IV lidze"},"content":{"rendered":"<p><strong>Drugi zesp\u00f3\u0142 Warty Pozna\u0144 wci\u0105\u017c jest bez wygranej w rozgrywkach IV ligi. W pi\u0105tej kolejce sezonu zawodnicy trenera Bartosza Majchrzaka przegrali 1:3 (0:2) z Iskr\u0105 Szyd\u0142owo i pozostaj\u0105 na przedostatnim miejscu w tabeli.<\/strong><\/p>\n<p>Bramka dla gospodarzy pad\u0142a ju\u017c w pierwszych minutach gry &#8211; po do\u015brodkowaniu z rzutu ro\u017cnego pi\u0142k\u0119 do siatki skierowa\u0142 \u0141ukasz K\u0142\u0105czy\u0144ski. Wkr\u00f3tce po tym wynik podwy\u017cszy\u0142 Micha\u0142 Wawszczak, kt\u00f3ry dobi\u0142 pi\u0142k\u0119 po strzale obronionym przez Leo Przybylaka. Mimo dwubramkowej straty m\u0142odzi gracze \u201eZielonych\u201d walczyli o korzystny rezultat. Gra by\u0142a wyr\u00f3wnana, nie brakowa\u0142o jednak ostrych pojedynk\u00f3w, w kt\u00f3rych dobrze czuli si\u0119 bardziej do\u015bwiadczeni zawodnicy gospodarzy.<\/p>\n<p>Wysi\u0142ki poznaniak\u00f3w przynios\u0142y efekt w drugiej cz\u0119\u015bci spotkania. Przy linii bocznej skutecznie powalczy\u0142 o pi\u0142k\u0119 wprowadzony chwil\u0119 wcze\u015bniej Maksymilian Hy\u017cyk, poda\u0142 do Kajetana Szmyta, a ten pewnie pokona\u0142 bramkarza gospodarzy. M\u0142oda dru\u017cyna Warty II Pozna\u0144 mia\u0142a blisko p\u00f3\u0142 godziny na doprowadzenie do remisu, ale nie uda\u0142o si\u0119 jej strzeli\u0107 drugiego gola. W ko\u0144c\u00f3wce zawodnicy Iskry przypiecz\u0119towali wygran\u0105 \u2013 zn\u00f3w zdobyli bramk\u0119 po zagraniu z rzutu ro\u017cnego, a strzelcem by\u0142 Adrian Miko\u0142ajczak.<\/p>\n<p>&#8211; <em>Co mecz s\u0142yszymy od przeciwnika, \u017ce gra wygl\u0105da\u0142a dobrze, natomiast nie przek\u0142ada si\u0119 to na wynik. Boli te\u017c to, \u017ce tracimy bramki po dw\u00f3ch sta\u0142ych fragmentach gry. Dzisiaj przegrali\u015bmy z zespo\u0142em, kt\u00f3ry by\u0142 bardziej zdeterminowany i kt\u00f3ry chcia\u0142 wygra\u0107 w agresywnym kontakcie z przeciwnikiem<\/em> \u2013 oceni\u0142 trener drugiego zespo\u0142u Warty Pozna\u0144, Bartosz Majchrzak.<\/p>\n<p>W nast\u0119pnej kolejce rezerwy \u201eZielonych\u201d zagraj\u0105 u siebie w derbach Poznania z TPS Winogrady.<\/p>\n<p><strong>ISKRA SZYD\u0141OWO \u2013 WARTA II POZNA\u0143 3:1 (2:0)<\/strong><\/p>\n<p><strong>Bramki:<\/strong> 1:0 K\u0142\u0105czy\u0144ski (7. minuta), 2:0 Wawszczak (20.), 2:1 Szmyt (61.), 3:1 Miko\u0142ajczak (85.)<\/p>\n<p><strong>Warta II Pozna\u0144:<\/strong> Leo Przybylak \u2013 Stanis\u0142aw Jarysz (46. Dominik Konopacki), Albert \u017berkowski, \u0141ukasz Ma\u0107kowiak, Kamil Zi\u0119tkowski, Filip Ma\u0142ek, Mateusz Wojciechowski, Dominik Smykowski (57. Maksymilian Hy\u017cyk), Kajetan Szmyt, Maksymilian Lisowski (81. Ernest Korek), Filip W\u0119dzikowski (73. Jakub Poterski).<\/p>\n","protected":false},"excerpt":{"rendered":"<p>Drugi zesp\u00f3\u0142 Warty Pozna\u0144 wci\u0105\u017c jest bez wygranej w rozgrywkach IV ligi. W pi\u0105tej kolejce sezonu zawodnicy trenera Bartosza Majchrzaka&#8230;<\/p>\n","protected":false},"author":36,"featured_media":10646,"comment_status":"closed","ping_status":"closed","sticky":false,"template":"","format":"standard","meta":{"om_disable_all_campaigns":false,"inline_featured_image":false,"footnotes":"","_links_to":"","_links_to_target":""},"categories":[95,94,228,1],"tags":[],"aioseo_notices":[],"_links":{"self":[{"href":"https:\/\/wartapoznan.pl\/index.php\/wp-json\/wp\/v2\/posts\/10644"}],"collection":[{"href":"https:\/\/wartapoznan.pl\/index.php\/wp-json\/wp\/v2\/posts"}],"about":[{"href":"https:\/\/wartapoznan.pl\/index.php\/wp-json\/wp\/v2\/types\/post"}],"author":[{"embeddable":true,"href":"https:\/\/wartapoznan.pl\/index.php\/wp-json\/wp\/v2\/users\/36"}],"replies":[{"embeddable":true,"href":"https:\/\/wartapoznan.pl\/index.php\/wp-json\/wp\/v2\/comments?post=10644"}],"version-history":[{"count":2,"href":"https:\/\/wartapoznan.pl\/index.php\/wp-json\/wp\/v2\/posts\/10644\/revisions"}],"predecessor-version":[{"id":10650,"href":"https:\/\/wartapoznan.pl\/index.php\/wp-json\/wp\/v2\/posts\/10644\/revisions\/10650"}],"wp:featuredmedia":[{"embeddable":true,"href":"https:\/\/wartapoznan.pl\/index.php\/wp-json\/wp\/v2\/media\/10646"}],"wp:attachment":[{"href":"https:\/\/wartapoznan.pl\/index.php\/wp-json\/wp\/v2\/media?parent=10644"}],"wp:term":[{"taxonomy":"category","embeddable":true,"href":"https:\/\/wartapoznan.pl\/index.php\/wp-json\/wp\/v2\/categories?post=10644"},{"taxonomy":"post_tag","embeddable":true,"href":"https:\/\/wartapoznan.pl\/index.php\/wp-json\/wp\/v2\/tags?post=10644"}],"curies":[{"name":"wp","href":"https:\/\/api.w.org\/{rel}","templated":true}]}}