{"id":10877,"date":"2020-09-20T19:36:19","date_gmt":"2020-09-20T17:36:19","guid":{"rendered":"https:\/\/wartapoznan.pl\/?p=10877"},"modified":"2020-09-21T15:34:15","modified_gmt":"2020-09-21T13:34:15","slug":"warta-poznan-przegrala-z-lechem-poznan-derby-rozstrzygnal-rzut-karny","status":"publish","type":"post","link":"https:\/\/wartapoznan.pl\/index.php\/2020\/09\/20\/warta-poznan-przegrala-z-lechem-poznan-derby-rozstrzygnal-rzut-karny\/","title":{"rendered":"Warta Pozna\u0144 przegra\u0142a z Lechem Pozna\u0144. Derby rozstrzygn\u0105\u0142 rzut karny"},"content":{"rendered":"<p><strong>Bramka wychowanka &#8222;Zielonych&#8221;, Jakuba Modera z rzutu karnego w pierwszej minucie doliczonego czasu gry przes\u0105dzi\u0142a o pora\u017cce 0:1 Warty Pozna\u0144 z Lechem Pozna\u0144 w pierwszym od \u0107wier\u0107 wieku pojedynku tych dru\u017cyn w Ekstraklasie.<\/strong><\/p>\n<p>Pi\u0142karze trenera Piotra Tworka weszli w ten mecz bardzo mocno i w pierwszych minutach mieli przewag\u0119, kt\u00f3ra przy lepszej skuteczno\u015bci mog\u0142a przynie\u015b\u0107 nawet dwa gole. Po centrze Mariusza Rybickiego, z bliska chybi\u0142 Mateusz Kuzimski, a po chwili bliski szcz\u0119\u015bcia by\u0142 \u0141ukasz Tra\u0142ka. Do\u015bwiadczony pomocnik opanowa\u0142 pi\u0142k\u0119 w polu karnym, odda\u0142 mocny strza\u0142, lecz trafi\u0142 w Filipa Bednarka i bramkarz Lecha na raty z\u0142apa\u0142 pi\u0142k\u0119.<\/p>\n<p>P\u00f3\u017aniej gra si\u0119 uspokoi\u0142a i ogl\u0105dali\u015bmy du\u017co walki w \u015brodku boiska. W 27. minucie skutecznie zaatakowali gospodarze i po podaniu Mikaela Ishaka, z ostrego k\u0105ta Adriana Lisa pokona\u0142 Dani Ramirez. Ta bramka nie zosta\u0142a jednak uznana, bowiem po wideoweryfikacji s\u0119dziowie wychwycili spalonego szwedzkiego napastnika, kt\u00f3ry asystowa\u0142 Hiszpanowi.<\/p>\n<p>Druga cz\u0119\u015b\u0107 zacz\u0119\u0142a si\u0119 od bardzo gro\u017anej akcji &#8222;Kolejorza&#8221; i po dograniu Ishaka, nad poprzeczk\u0105 uderzy\u0142 z naro\u017cnika pola karnego Micha\u0142 Sk\u00f3ra\u015b. Warta nie skupia\u0142a si\u0119 jednak tylko na defensywie i te\u017c mog\u0142a obj\u0105\u0107 prowadzenie. W 74. minucie z rzutu wolnego dok\u0142adnie do\u015brodkowa\u0142 \u0141ukasz Tra\u0142ka, pi\u0142ka spad\u0142a na g\u0142ow\u0119 Aleksa \u0141awniczaka i rywali uratowa\u0142a przytomna interwencja Bednarka.<\/p>\n<p>W ko\u0144c\u00f3wce gospodarze atakowali, a Warta szuka\u0142a szans w kontrach. Niestety, zabrak\u0142o szcz\u0119\u015bcia i w doliczonym czasie lechici strzelili zwyci\u0119skiego gola. \u0141ukasz Tra\u0142ka zablokowa\u0142 strza\u0142 jednego z rywali, ale zrobi\u0142 to r\u0119k\u0105 w polu karnym i s\u0119dzia Piotr Lasyk podyktowa\u0142 rzut karny. Wykorzysta\u0142 go Jakub Moder, cho\u0107 Adrian Lis wyczu\u0142 jego intencje i by\u0142 bliski odbicia pi\u0142ki skierowanej w prawy naro\u017cnik.<\/p>\n<p>Derby Poznania zako\u0144czy\u0142y si\u0119 minimalnym zwyci\u0119stwem gospodarzy, a na pierwsz\u0105 wygran\u0105 po awansie do PKO Ekstraklasy, a tak\u017ce pierwszego gola musimy poczeka\u0107 co najmniej do pi\u0105tkowego spotkania z Wis\u0142\u0105 w P\u0142ocku.<\/p>\n<p><strong>LECH POZNA\u0143 &#8211; WARTA POZNA\u0143 1:0 (0:0)<\/strong><\/p>\n<p><strong>Bramka:<\/strong> Moder (90. minuta +1, karny)<\/p>\n<p><strong>Warta Pozna\u0144:<\/strong> Adrian Lis &#8211; Jan Grzesik, Bartosz Kieliba, Aleks \u0141awniczak <strong>\u017b<\/strong>, Jakub Kuzdra &#8211; \u0141ukasz Tra\u0142ka <strong>\u017b<\/strong>, Mateusz Kupczak &#8211; Micha\u0142 Jak\u00f3bowski (65. Mario Rodriguez), Robert Janicki (65. Mateusz Czy\u017cycki), Mariusz Rybicki &#8211; Mateusz Kuzimski <strong>\u017b <\/strong>(73 Gracjan Jaroch).<\/p>\n<p><strong>Widz\u00f3w<\/strong>\u00a0<strong>17 546<\/strong><\/p>\n<p><strong>S\u0119dziowa\u0142: <\/strong>Piotr Lasyk z Bytomia<\/p>\n<hr \/>\n<p><a href=\"https:\/\/bit.ly\/3mD0QlP\" target=\"_blank\" rel=\"noopener noreferrer\">ZOBACZ GALERI\u0118 ZDJ\u0118\u0106 Z MECZU<\/a><\/p>\n","protected":false},"excerpt":{"rendered":"<p>Bramka wychowanka &#8222;Zielonych&#8221;, Jakuba Modera z rzutu karnego w pierwszej minucie doliczonego czasu gry przes\u0105dzi\u0142a o pora\u017cce 0:1 Warty Pozna\u0144&#8230;<\/p>\n","protected":false},"author":36,"featured_media":10878,"comment_status":"closed","ping_status":"closed","sticky":false,"template":"","format":"standard","meta":{"om_disable_all_campaigns":false,"inline_featured_image":false,"footnotes":"","_links_to":"","_links_to_target":""},"categories":[94,100,245,1],"tags":[],"aioseo_notices":[],"_links":{"self":[{"href":"https:\/\/wartapoznan.pl\/index.php\/wp-json\/wp\/v2\/posts\/10877"}],"collection":[{"href":"https:\/\/wartapoznan.pl\/index.php\/wp-json\/wp\/v2\/posts"}],"about":[{"href":"https:\/\/wartapoznan.pl\/index.php\/wp-json\/wp\/v2\/types\/post"}],"author":[{"embeddable":true,"href":"https:\/\/wartapoznan.pl\/index.php\/wp-json\/wp\/v2\/users\/36"}],"replies":[{"embeddable":true,"href":"https:\/\/wartapoznan.pl\/index.php\/wp-json\/wp\/v2\/comments?post=10877"}],"version-history":[{"count":5,"href":"https:\/\/wartapoznan.pl\/index.php\/wp-json\/wp\/v2\/posts\/10877\/revisions"}],"predecessor-version":[{"id":10907,"href":"https:\/\/wartapoznan.pl\/index.php\/wp-json\/wp\/v2\/posts\/10877\/revisions\/10907"}],"wp:featuredmedia":[{"embeddable":true,"href":"https:\/\/wartapoznan.pl\/index.php\/wp-json\/wp\/v2\/media\/10878"}],"wp:attachment":[{"href":"https:\/\/wartapoznan.pl\/index.php\/wp-json\/wp\/v2\/media?parent=10877"}],"wp:term":[{"taxonomy":"category","embeddable":true,"href":"https:\/\/wartapoznan.pl\/index.php\/wp-json\/wp\/v2\/categories?post=10877"},{"taxonomy":"post_tag","embeddable":true,"href":"https:\/\/wartapoznan.pl\/index.php\/wp-json\/wp\/v2\/tags?post=10877"}],"curies":[{"name":"wp","href":"https:\/\/api.w.org\/{rel}","templated":true}]}}