{"id":10881,"date":"2020-09-20T20:17:35","date_gmt":"2020-09-20T18:17:35","guid":{"rendered":"https:\/\/wartapoznan.pl\/?p=10881"},"modified":"2020-09-21T15:33:44","modified_gmt":"2020-09-21T13:33:44","slug":"opinie-trenerow-warty-i-lecha-po-debrach-poznania","status":"publish","type":"post","link":"https:\/\/wartapoznan.pl\/index.php\/2020\/09\/20\/opinie-trenerow-warty-i-lecha-po-debrach-poznania\/","title":{"rendered":"Opinie trener\u00f3w Warty i Lecha po derbach Poznania"},"content":{"rendered":"<p><strong>Pierwsze od 1995 roku pi\u0142karskie derby Lech Pozna\u0144 &#8211; Warta Pozna\u0144 w Ekstraklasie zako\u0144czy\u0142y si\u0119 zwyci\u0119stwem gospodarzy 1:0. Pojedynek przy Bu\u0142garskiej rozstrzygn\u0105\u0142 gol Jakuba Modera w doliczonym czasie gry, strzelony z rzutu karnego. Oto, jak spotkanie podsumowali trenerzy obu dru\u017cyn:<\/strong><\/p>\n<p><strong>Piotr Tworek (trener Warty Pozna\u0144):<\/strong> <em>Boli cierpienie moich zawodnik\u00f3w w szatni. Tracimy gola w derbach w 90. minucie po rzucie karnym, gdy stawiali\u015bmy op\u00f3r zespo\u0142owi gospodarzy, ale nie utrzymali\u015bmy wyniku bezbramkowego. Z przodu nie mieli\u015bmy wystarczaj\u0105cej jako\u015bci, by zdoby\u0107 bramk\u0119. Starali\u015bmy si\u0119 strzeli\u0107 gola po sta\u0142ych fragmentach gry. Kilka by\u0142o udanych, oddali\u015bmy par\u0119 strza\u0142\u00f3w, ale bramkarz Filip Bednarek stan\u0105\u0142 na wysoko\u015bci zadania. Tak, jak mamy pouk\u0142adan\u0105 gr\u0119 w obronie, tak nie strzelamy goli i to jest nasza bol\u0105czka, cierpienie. Bo dostajemy pojedyncze bramki w ko\u0144c\u00f3wce, kt\u00f3re decyduj\u0105 o wyniku. Jeden b\u0142\u0105d, jedno do\u015brodkowanie czy podanie wyrz\u0105dza nam du\u017co krzywdy.<\/em><br \/>\n<em>Pracujemy dalej, wiemy, jakim jeste\u015bmy zespo\u0142em i chcemy w dalszym ci\u0105gu si\u0119 rozwija\u0107. Derby pozostan\u0105 na d\u0142ugo w naszej pami\u0119ci, jako fajne wydarzenie dla miasta Poznania i dla kibic\u00f3w, kt\u00f3rzy w takiej liczbie przyszli na stadion, by kibicowa\u0107 gospodarzom i Warcie. Pozostaje nam ci\u0119\u017cka praca, w gorszych nastrojach. My jeste\u015bmy Warta Pozna\u0144, nie za\u0142amujemy si\u0119. Nie raz upadali\u015bmy, ale zawsze si\u0119 podnosili\u015bmy.<\/em><\/p>\n<p><img loading=\"lazy\" decoding=\"async\" width=\"1005\" height=\"667\" class=\"aligncenter size-full wp-image-10883\" src=\"https:\/\/wartapoznan.pl\/wp-content\/uploads\/2020\/09\/derby_moje-9868-www.jpg\" alt=\"Lech Pozna\u0144 - Warta Pozna\u0144 1:0. Trener Dariusz \u017buraw\" srcset=\"https:\/\/wartapoznan.pl\/wp-content\/uploads\/2020\/09\/derby_moje-9868-www.jpg 1005w, https:\/\/wartapoznan.pl\/wp-content\/uploads\/2020\/09\/derby_moje-9868-www-300x199.jpg 300w, https:\/\/wartapoznan.pl\/wp-content\/uploads\/2020\/09\/derby_moje-9868-www-768x510.jpg 768w, https:\/\/wartapoznan.pl\/wp-content\/uploads\/2020\/09\/derby_moje-9868-www-128x85.jpg 128w, https:\/\/wartapoznan.pl\/wp-content\/uploads\/2020\/09\/derby_moje-9868-www-32x21.jpg 32w, https:\/\/wartapoznan.pl\/wp-content\/uploads\/2020\/09\/derby_moje-9868-www-356x236.jpg 356w, https:\/\/wartapoznan.pl\/wp-content\/uploads\/2020\/09\/derby_moje-9868-www-470x312.jpg 470w, https:\/\/wartapoznan.pl\/wp-content\/uploads\/2020\/09\/derby_moje-9868-www-70x46.jpg 70w, https:\/\/wartapoznan.pl\/wp-content\/uploads\/2020\/09\/derby_moje-9868-www-100x66.jpg 100w\" sizes=\"(max-width: 1005px) 100vw, 1005px\" \/><br \/>\n<strong>Dariusz \u017buraw (trener Lecha Pozna\u0144):<\/strong> <em>My\u015bl\u0119, \u017ce to by\u0142 taki prawdziwy mecz derbowy: du\u017co walki, by\u0142y sytuacje z jednej i drugiej strony i bramka w samej ko\u0144c\u00f3wce meczu. W pierwszej po\u0142owie zagrali\u015bmy troch\u0119 s\u0142abiej. Uczymy si\u0119 gry na dw\u00f3ch frontach, jak wida\u0107 mamy jeszcze momenty, kiedy przychodzi nam to ci\u0119\u017cko.<\/em><br \/>\n<em>W drugiej po\u0142owie wygl\u0105da\u0142o to ju\u017c lepiej. Zepchn\u0119li\u015bmy Wart\u0119 do defensywy. Chwa\u0142a dla zespo\u0142u, bo m\u00f3wi\u0142em przed meczem i w przerwie, \u017ce to b\u0119dzie trudny mecz, bo Warta gra bardzo dobrze w defensywie, jest dobrze zorganizowana. Nawet, gdy wypracowali\u015bmy sobie jakie\u015b sytuacje, to nie potrafili\u015bmy zamieni\u0107 ich na bramk\u0119..<\/em><br \/>\n<em>Chwa\u0142a dla ch\u0142opak\u00f3w, \u017ce grali do ko\u0144ca, do ko\u0144ca wierzyli, \u017ce mo\u017cna zdoby\u0107 t\u0119 jedn\u0105 bramk\u0119. Uda\u0142o si\u0119 i oby to by\u0142 start dobrej serii w lidze. Ostatnio grali\u015bmy dobrze, ale brakowa\u0142o punkt\u00f3w, dzisiaj zagrali\u015bmy mo\u017ce troch\u0119 s\u0142absze spotkanie, ale s\u0105 3 punkty. Bardzo si\u0119 z tego cieszymy.<\/em><\/p>\n<hr \/>\n<p><a href=\"https:\/\/bit.ly\/3mD0QlP\" target=\"_blank\" rel=\"noopener noreferrer\">ZOBACZ GALERI\u0118 ZDJ\u0118\u0106 Z MECZU<\/a><\/p>\n","protected":false},"excerpt":{"rendered":"<p>Pierwsze od 1995 roku pi\u0142karskie derby Lech Pozna\u0144 &#8211; Warta Pozna\u0144 w Ekstraklasie zako\u0144czy\u0142y si\u0119 zwyci\u0119stwem gospodarzy 1:0. Pojedynek przy&#8230;<\/p>\n","protected":false},"author":36,"featured_media":10882,"comment_status":"closed","ping_status":"closed","sticky":false,"template":"","format":"standard","meta":{"om_disable_all_campaigns":false,"inline_featured_image":false,"footnotes":"","_links_to":"","_links_to_target":""},"categories":[94,100,245,1],"tags":[],"aioseo_notices":[],"_links":{"self":[{"href":"https:\/\/wartapoznan.pl\/index.php\/wp-json\/wp\/v2\/posts\/10881"}],"collection":[{"href":"https:\/\/wartapoznan.pl\/index.php\/wp-json\/wp\/v2\/posts"}],"about":[{"href":"https:\/\/wartapoznan.pl\/index.php\/wp-json\/wp\/v2\/types\/post"}],"author":[{"embeddable":true,"href":"https:\/\/wartapoznan.pl\/index.php\/wp-json\/wp\/v2\/users\/36"}],"replies":[{"embeddable":true,"href":"https:\/\/wartapoznan.pl\/index.php\/wp-json\/wp\/v2\/comments?post=10881"}],"version-history":[{"count":3,"href":"https:\/\/wartapoznan.pl\/index.php\/wp-json\/wp\/v2\/posts\/10881\/revisions"}],"predecessor-version":[{"id":10906,"href":"https:\/\/wartapoznan.pl\/index.php\/wp-json\/wp\/v2\/posts\/10881\/revisions\/10906"}],"wp:featuredmedia":[{"embeddable":true,"href":"https:\/\/wartapoznan.pl\/index.php\/wp-json\/wp\/v2\/media\/10882"}],"wp:attachment":[{"href":"https:\/\/wartapoznan.pl\/index.php\/wp-json\/wp\/v2\/media?parent=10881"}],"wp:term":[{"taxonomy":"category","embeddable":true,"href":"https:\/\/wartapoznan.pl\/index.php\/wp-json\/wp\/v2\/categories?post=10881"},{"taxonomy":"post_tag","embeddable":true,"href":"https:\/\/wartapoznan.pl\/index.php\/wp-json\/wp\/v2\/tags?post=10881"}],"curies":[{"name":"wp","href":"https:\/\/api.w.org\/{rel}","templated":true}]}}