{"id":10888,"date":"2020-09-21T08:30:23","date_gmt":"2020-09-21T06:30:23","guid":{"rendered":"https:\/\/wartapoznan.pl\/?p=10888"},"modified":"2020-09-21T15:33:30","modified_gmt":"2020-09-21T13:33:30","slug":"skrot-meczu-lech-poznan-warta-poznan-wideo","status":"publish","type":"post","link":"https:\/\/wartapoznan.pl\/index.php\/2020\/09\/21\/skrot-meczu-lech-poznan-warta-poznan-wideo\/","title":{"rendered":"Skr\u00f3t meczu Lech Pozna\u0144 &#8211; Warta Pozna\u0144 [WIDEO]"},"content":{"rendered":"<p><strong>Zapraszamy do obejrzenia skr\u00f3tu z niedzielnych derb\u00f3w Poznania, czyli pojedynku Lecha z Wart\u0105 w 4. kolejce PKO Ekstraklasy.<\/strong><\/p>\n<p>Pocz\u0105tek meczu nale\u017ca\u0142 do &#8222;Zielonych&#8221;, kt\u00f3rzy szybko stworzyli sobie dwie bardzo dobre okazje bramkowe. W drugiej cz\u0119\u015bci inicjatyw\u0119 mia\u0142 ju\u017c zesp\u00f3\u0142 gospodarzy, ale gola strzeli\u0142 dopiero w doliczonym czasie gry z rzutu karnego.<\/p>\n<p>&nbsp;<\/p>\n<p><iframe src=\"https:\/\/video-widget.oz.com?eventId=5a18a859-9926-44ad-87fd-fec79a4371cc\" frameborder=\"0\" scrolling=\"no\" allowfullscreen=\"allowfullscreen\"><span data-mce-type=\"bookmark\" style=\"display: inline-block; width: 0px; overflow: hidden; line-height: 0;\" class=\"mce_SELRES_start\">\ufeff<\/span><\/iframe><\/p>\n<hr \/>\n<p><a href=\"https:\/\/bit.ly\/3mD0QlP\" target=\"_blank\" rel=\"noopener noreferrer\">ZOBACZ GALERI\u0118 ZDJ\u0118\u0106 Z MECZU<\/a><\/p>\n","protected":false},"excerpt":{"rendered":"<p>Zapraszamy do obejrzenia skr\u00f3tu z niedzielnych derb\u00f3w Poznania, czyli pojedynku Lecha z Wart\u0105 w 4. kolejce PKO Ekstraklasy. Pocz\u0105tek meczu&#8230;<\/p>\n","protected":false},"author":36,"featured_media":10890,"comment_status":"closed","ping_status":"closed","sticky":false,"template":"","format":"standard","meta":{"om_disable_all_campaigns":false,"inline_featured_image":false,"footnotes":"","_links_to":"","_links_to_target":""},"categories":[94,100,245,1,246],"tags":[],"aioseo_notices":[],"_links":{"self":[{"href":"https:\/\/wartapoznan.pl\/index.php\/wp-json\/wp\/v2\/posts\/10888"}],"collection":[{"href":"https:\/\/wartapoznan.pl\/index.php\/wp-json\/wp\/v2\/posts"}],"about":[{"href":"https:\/\/wartapoznan.pl\/index.php\/wp-json\/wp\/v2\/types\/post"}],"author":[{"embeddable":true,"href":"https:\/\/wartapoznan.pl\/index.php\/wp-json\/wp\/v2\/users\/36"}],"replies":[{"embeddable":true,"href":"https:\/\/wartapoznan.pl\/index.php\/wp-json\/wp\/v2\/comments?post=10888"}],"version-history":[{"count":2,"href":"https:\/\/wartapoznan.pl\/index.php\/wp-json\/wp\/v2\/posts\/10888\/revisions"}],"predecessor-version":[{"id":10905,"href":"https:\/\/wartapoznan.pl\/index.php\/wp-json\/wp\/v2\/posts\/10888\/revisions\/10905"}],"wp:featuredmedia":[{"embeddable":true,"href":"https:\/\/wartapoznan.pl\/index.php\/wp-json\/wp\/v2\/media\/10890"}],"wp:attachment":[{"href":"https:\/\/wartapoznan.pl\/index.php\/wp-json\/wp\/v2\/media?parent=10888"}],"wp:term":[{"taxonomy":"category","embeddable":true,"href":"https:\/\/wartapoznan.pl\/index.php\/wp-json\/wp\/v2\/categories?post=10888"},{"taxonomy":"post_tag","embeddable":true,"href":"https:\/\/wartapoznan.pl\/index.php\/wp-json\/wp\/v2\/tags?post=10888"}],"curies":[{"name":"wp","href":"https:\/\/api.w.org\/{rel}","templated":true}]}}