{"id":11010,"date":"2020-09-29T19:30:39","date_gmt":"2020-09-29T17:30:39","guid":{"rendered":"https:\/\/wartapoznan.pl\/?p=11010"},"modified":"2020-09-29T16:33:30","modified_gmt":"2020-09-29T14:33:30","slug":"michal-kopczynski-przeszedl-zabieg","status":"publish","type":"post","link":"https:\/\/wartapoznan.pl\/index.php\/2020\/09\/29\/michal-kopczynski-przeszedl-zabieg\/","title":{"rendered":"Micha\u0142 Kopczy\u0144ski przeszed\u0142 zabieg"},"content":{"rendered":"<p><strong>Pomocnik Warty Pozna\u0144 Micha\u0142 Kopczy\u0144ski podda\u0142 si\u0119 zabiegowi rekonstrukcji mi\u0119\u015bnia dwug\u0142owego i nie zagra ju\u017c w tym roku w pi\u0142k\u0119.<\/strong><\/p>\n<p>28-letni pi\u0142karz jest jednym z dziewi\u0119ciu nowych zawodnik\u00f3w w ekipie \u201eZielonych\u201d, ale jako jedyny nie zadebiutowa\u0142 jeszcze w zespole. Zd\u0105\u017cy\u0142 jedynie usi\u0105\u015b\u0107 na \u0142awce rezerwowych w czasie meczu z Lechi\u0105 Gda\u0144sk w pierwszej kolejce sezonu PKO Ekstraklasy. P\u00f3\u017aniej Micha\u0142 Kopczy\u0144ski z\u0142apa\u0142 kontuzj\u0119, po kt\u00f3rej konieczne by\u0142o przeprowadzenie zabiegu.<\/p>\n<p>&#8211; <em>Po konsultacjach lekarskich, analizie historii uraz\u00f3w i wnikliwej diagnozie obecnego uszkodzenia\u00a0 u Micha\u0142a, zosta\u0142a podj\u0119ta decyzja o rekonstrukcji mi\u0119\u015bnia dwug\u0142owego uda na poziomie jego rozci\u0119gna, gdzie dosz\u0142o do rozerwania. Zabieg pos\u0142u\u017cy\u00a0 wzmocnieniu si\u0142y i unikni\u0119ciu tym samym\u00a0 nawrotnych uraz\u00f3w tylnej grupy mi\u0119\u015bniowej<\/em> \u2013 t\u0142umaczy fizjoterapeuta Warty Pozna\u0144 Bart\u0142omiej Smunewski i dodaje: &#8211; <em>W tym roku Micha\u0142a nie zobaczymy ju\u017c na boisku.<\/em><\/p>\n<p>Michale, w imieniu Zielonej Rodziny Warty Pozna\u0144 \u017cyczymy szybkiego powrotu do gry!<\/p>\n","protected":false},"excerpt":{"rendered":"<p>Pomocnik Warty Pozna\u0144 Micha\u0142 Kopczy\u0144ski podda\u0142 si\u0119 zabiegowi rekonstrukcji mi\u0119\u015bnia dwug\u0142owego i nie zagra ju\u017c w tym roku w pi\u0142k\u0119&#8230;.<\/p>\n","protected":false},"author":36,"featured_media":11012,"comment_status":"closed","ping_status":"closed","sticky":false,"template":"","format":"standard","meta":{"om_disable_all_campaigns":false,"inline_featured_image":false,"footnotes":"","_links_to":"","_links_to_target":""},"categories":[94,100,1],"tags":[],"aioseo_notices":[],"_links":{"self":[{"href":"https:\/\/wartapoznan.pl\/index.php\/wp-json\/wp\/v2\/posts\/11010"}],"collection":[{"href":"https:\/\/wartapoznan.pl\/index.php\/wp-json\/wp\/v2\/posts"}],"about":[{"href":"https:\/\/wartapoznan.pl\/index.php\/wp-json\/wp\/v2\/types\/post"}],"author":[{"embeddable":true,"href":"https:\/\/wartapoznan.pl\/index.php\/wp-json\/wp\/v2\/users\/36"}],"replies":[{"embeddable":true,"href":"https:\/\/wartapoznan.pl\/index.php\/wp-json\/wp\/v2\/comments?post=11010"}],"version-history":[{"count":1,"href":"https:\/\/wartapoznan.pl\/index.php\/wp-json\/wp\/v2\/posts\/11010\/revisions"}],"predecessor-version":[{"id":11011,"href":"https:\/\/wartapoznan.pl\/index.php\/wp-json\/wp\/v2\/posts\/11010\/revisions\/11011"}],"wp:featuredmedia":[{"embeddable":true,"href":"https:\/\/wartapoznan.pl\/index.php\/wp-json\/wp\/v2\/media\/11012"}],"wp:attachment":[{"href":"https:\/\/wartapoznan.pl\/index.php\/wp-json\/wp\/v2\/media?parent=11010"}],"wp:term":[{"taxonomy":"category","embeddable":true,"href":"https:\/\/wartapoznan.pl\/index.php\/wp-json\/wp\/v2\/categories?post=11010"},{"taxonomy":"post_tag","embeddable":true,"href":"https:\/\/wartapoznan.pl\/index.php\/wp-json\/wp\/v2\/tags?post=11010"}],"curies":[{"name":"wp","href":"https:\/\/api.w.org\/{rel}","templated":true}]}}