{"id":11148,"date":"2020-10-08T08:30:36","date_gmt":"2020-10-08T06:30:36","guid":{"rendered":"https:\/\/wartapoznan.pl\/?p=11148"},"modified":"2020-10-08T00:53:46","modified_gmt":"2020-10-07T22:53:46","slug":"bartosz-wolny-wiceprezesem-warty-poznan-s-a","status":"publish","type":"post","link":"https:\/\/wartapoznan.pl\/index.php\/2020\/10\/08\/bartosz-wolny-wiceprezesem-warty-poznan-s-a\/","title":{"rendered":"Bartosz Wolny wiceprezesem Warty Pozna\u0144 S.A."},"content":{"rendered":"<p><strong>Bartosz Wolny, kt\u00f3ry dotychczas zasiada\u0142 w Radzie Nadzorczej Warty Pozna\u0144 S.A., zosta\u0142 wiceprezesem Klubu. &#8211; <em>Warta ma naprawd\u0119 fajny i zaanga\u017cowany zesp\u00f3\u0142. Nie tylko na boisku, ale te\u017c w strukturach organizacyjnych<\/em> \u2013 podkre\u015bla nowy wiceprezes.<\/strong><\/p>\n<p>&#8211; <em>Ponad p\u00f3\u0142tora roku temu napisa\u0142em list otwarty do wszystkich, kt\u00f3rym le\u017cy na sercu dobro Warty Pozna\u0144. Zaprasza\u0142em do zaanga\u017cowania si\u0119 w \u017cycie Klubu tak, aby m\u00f3g\u0142 si\u0119 ona jak najszybciej rozwija\u0107<\/em> &#8211; m\u00f3wi Bart\u0142omiej Farjaszewski, w\u0142a\u015bciciel Warty Pozna\u0144 S.A. &#8211; <em>W\u015br\u00f3d os\u00f3b, kt\u00f3re odpowiedzia\u0142y na moje zaproszenie by\u0142 Bartosz Wolny i wtedy zacz\u0119\u0142a si\u0119 nasza wsp\u00f3\u0142praca, pocz\u0105tkowo lu\u017ana, a potem \u015bci\u015blejsza, w ramach Rady Nadzorczej. Teraz z rado\u015bci\u0105 powierzy\u0142em Bartkowi rol\u0119 wiceprezesa Warty Pozna\u0144, bo okaza\u0142 si\u0119 sprawnym i skutecznym mened\u017cerem. Wiem, \u017ce da Klubowi jeszcze bardzo wiele dobrego.<\/em><\/p>\n<p>&#8211; <em>W klubie takim jak Warta Pozna\u0144 cz\u0142onkowie Rady Nadzorczej anga\u017cuj\u0105 si\u0119 w wiele bie\u017c\u0105cych projekt\u00f3w i dzia\u0142a\u0144. M\u00f3j obszar dzia\u0142alno\u015bci znacz\u0105co si\u0119 wi\u0119c nie zmieni. Nadal b\u0119d\u0119 si\u0119 skupia\u0142 na wdra\u017caniu opracowanego niedawno \u201ePlanu Rozwoju 2020-23\u201d, a przede wszystkim na w\u0105tkach finansowych, marketingowych i organizacyjnych, ale te\u017c infrastrukturalnych. Realizacja tych cel\u00f3w jest dla nas r\u00f3wnie wa\u017cna, jak wyniki sportowe naszych pi\u0142karzy<\/em> \u2013 m\u00f3wi Bartosz Wolny.<\/p>\n<p>Wiceprezes Warty Pozna\u0144 S.A. ma bogate, ponad 20-letnie do\u015bwiadczenie zawodowe zdobyte w rozmaitych bran\u017cach: bankowo\u015bci, doradztwie i wsp\u00f3\u0142pracy z administracj\u0105 publiczn\u0105. &#8211; <em>Dzi\u0119kuj\u0119 za zaufanie w\u0142a\u015bcicielowi Klubu, Bart\u0142omiejowi Farjaszewskiemu oraz ca\u0142ej Radzie Nadzorczej. Warta ma naprawd\u0119 fajny i zaanga\u017cowany zesp\u00f3\u0142. Nie tylko na boisku, ale te\u017c w strukturach organizacyjnych. To by\u0142o dla mnie dodatkowym motywem, dla kt\u00f3rego zdecydowa\u0142em si\u0119 wesprze\u0107 rozw\u00f3j klubu jeszcze bardziej. Przed nami ciekawy rok, oby by\u0142 udany pod ka\u017cdym wzgl\u0119dem<\/em> \u2013 dodaje.<\/p>\n<p>\u017byczymy powodzenia w imieniu Zielonej Rodziny Warty Pozna\u0144!<\/p>\n","protected":false},"excerpt":{"rendered":"<p>Bartosz Wolny, kt\u00f3ry dotychczas zasiada\u0142 w Radzie Nadzorczej Warty Pozna\u0144 S.A., zosta\u0142 wiceprezesem Klubu. &#8211; Warta ma naprawd\u0119 fajny i&#8230;<\/p>\n","protected":false},"author":36,"featured_media":11150,"comment_status":"closed","ping_status":"closed","sticky":false,"template":"","format":"standard","meta":{"om_disable_all_campaigns":false,"inline_featured_image":false,"footnotes":"","_links_to":"","_links_to_target":""},"categories":[94,1],"tags":[],"aioseo_notices":[],"_links":{"self":[{"href":"https:\/\/wartapoznan.pl\/index.php\/wp-json\/wp\/v2\/posts\/11148"}],"collection":[{"href":"https:\/\/wartapoznan.pl\/index.php\/wp-json\/wp\/v2\/posts"}],"about":[{"href":"https:\/\/wartapoznan.pl\/index.php\/wp-json\/wp\/v2\/types\/post"}],"author":[{"embeddable":true,"href":"https:\/\/wartapoznan.pl\/index.php\/wp-json\/wp\/v2\/users\/36"}],"replies":[{"embeddable":true,"href":"https:\/\/wartapoznan.pl\/index.php\/wp-json\/wp\/v2\/comments?post=11148"}],"version-history":[{"count":5,"href":"https:\/\/wartapoznan.pl\/index.php\/wp-json\/wp\/v2\/posts\/11148\/revisions"}],"predecessor-version":[{"id":11158,"href":"https:\/\/wartapoznan.pl\/index.php\/wp-json\/wp\/v2\/posts\/11148\/revisions\/11158"}],"wp:featuredmedia":[{"embeddable":true,"href":"https:\/\/wartapoznan.pl\/index.php\/wp-json\/wp\/v2\/media\/11150"}],"wp:attachment":[{"href":"https:\/\/wartapoznan.pl\/index.php\/wp-json\/wp\/v2\/media?parent=11148"}],"wp:term":[{"taxonomy":"category","embeddable":true,"href":"https:\/\/wartapoznan.pl\/index.php\/wp-json\/wp\/v2\/categories?post=11148"},{"taxonomy":"post_tag","embeddable":true,"href":"https:\/\/wartapoznan.pl\/index.php\/wp-json\/wp\/v2\/tags?post=11148"}],"curies":[{"name":"wp","href":"https:\/\/api.w.org\/{rel}","templated":true}]}}