{"id":11457,"date":"2020-11-03T16:00:06","date_gmt":"2020-11-03T15:00:06","guid":{"rendered":"https:\/\/wartapoznan.pl\/?p=11457"},"modified":"2020-11-03T16:36:45","modified_gmt":"2020-11-03T15:36:45","slug":"komunikat-warty-poznan-s-a-po-meczu-z-legia-warszawa","status":"publish","type":"post","link":"https:\/\/wartapoznan.pl\/index.php\/2020\/11\/03\/komunikat-warty-poznan-s-a-po-meczu-z-legia-warszawa\/","title":{"rendered":"Komunikat Warty Pozna\u0144 S.A. po meczu z Legi\u0105 Warszawa"},"content":{"rendered":"<p><strong>Publikujemy stanowisko Warty Pozna\u0144 S.A. w zwi\u0105zku z sytuacj\u0105, kt\u00f3ra mia\u0142a miejsce podczas pojedynku pi\u0142karzy Warty Pozna\u0144 i Legii Warszawa w zaleg\u0142ym meczu 6. kolejki PKO Ekstraklasy.\u00a0<\/strong><\/p>\n<p>Przypomnijmy, \u017ce na konferencji prasowej po spotkaniu w Grodzisku Wlkp. (go\u015bcie wygrali 3:0) trener Czes\u0142aw Michniewicz powiedzia\u0142 m.in.: <em>Igor Lewczuk przed rozgrzewk\u0105 zg\u0142osi\u0142, \u017ce ma gor\u0105czk\u0119, ale nie mieli\u015bmy innego stopera, \u017ceby go zamieni\u0107. Dlatego chcieli\u015bmy, \u017ceby spr\u00f3bowa\u0142 zagra\u0107. Uda\u0142o si\u0119, jestem mu bardzo wdzi\u0119czny za to, \u017ce zagra\u0142 do ko\u0144ca. Dodatkowo w przerwie Tomas Pekhart zg\u0142osi\u0142 brak w\u0119chu i m\u00f3wi\u0142, \u017ce jest mu bardzo zimno, wi\u0119c spodziewamy si\u0119 najgorszego.<\/em><\/p>\n<h6>Komunikat Warty Pozna\u0144 S.A.<\/h6>\n<p><em>Jako Warta Pozna\u0144 S.A. z zaniepokojeniem i zaskoczeniem wys\u0142uchali\u015bmy s\u0142\u00f3w trenera Legii Warszawa Czes\u0142awa Michniewicza na konferencji prasowej po meczu w 6. kolejce PKO Ekstraklasy. Szkoleniowiec poinformowa\u0142, \u017ce na boisku przebywali dwaj zawodnicy, u kt\u00f3rych zaobserwowano objawy charakterystyczne dla COVID-19.<\/em><\/p>\n<p><em>Uznajemy ten fakt za naruszenie zasad, na kt\u00f3rych opiera si\u0119 funkcjonowanie najwy\u017cszych lig pi\u0142karskich w kraju, w czasie pandemii. Pi\u0142karze, trenerzy, pracownicy klub\u00f3w od wielu miesi\u0119cy s\u0105 obj\u0119ci re\u017cimem sanitarnym, wysy\u0142aj\u0105 raporty na temat swojego stanu zdrowia. Wszystko po to, \u017ceby zachowa\u0107 ci\u0105g\u0142o\u015b\u0107 rozgrywek, a jednocze\u015bnie nie nara\u017ca\u0107 si\u0119 nawzajem na ryzyko zaka\u017cenia.<\/em><\/p>\n<p><em>Ta d\u017centelme\u0144ska umowa mog\u0142a zosta\u0107 z\u0142amana podczas meczu. Chcemy stanowczo podkre\u015bli\u0107, \u017ce przyjmujemy wynik z boiska, mimo \u017ce znale\u017ali si\u0119 na nim zawodnicy, kt\u00f3rzy &#8211; w my\u015bl zalece\u0144 Zespo\u0142u Medycznego PZPN &#8211; powinni zosta\u0107 odsuni\u0119ci od sk\u0142adu. Uczestniczyli jednak w grze, czym potencjalnie mogli nara\u017ca\u0107 na zaka\u017cenie innych pi\u0142karzy, trener\u00f3w oraz wszystkie osoby, kt\u00f3re tego dnia pracowa\u0142y nad organizacj\u0105 meczu oraz przy realizacji transmisji TV.<\/em><\/p>\n<p><em>Takie post\u0119powanie stoi w jawnej sprzeczno\u015bci z regu\u0142ami, kt\u00f3rych wszyscy zobowi\u0105zali\u015bmy si\u0119 przestrzega\u0107. Budzi te\u017c obawy, co do wzajemnego zaufania w przysz\u0142o\u015bci. A to w\u0142a\u015bnie na nim opiera si\u0119 przede wszystkim idea sportowej rywalizacji w czasach pandemii.<\/em><\/p>\n<p><em>Zdajemy sobie spraw\u0119 z tego, \u017ce ka\u017cdy zesp\u00f3\u0142 chce gra\u0107 w jak najmocniejszym sk\u0142adzie i zwi\u0119ksza\u0107 swoje szanse na zwyci\u0119stwo. Warta Pozna\u0144 by\u0142a w podobnej sytuacji na pocz\u0105tku pa\u017adziernika, akurat przed meczem z Legi\u0105 Warszawa. Gdy u przedstawicieli naszego klubu pojawi\u0142y si\u0119 objawy typowe dla COVID-19, dzia\u0142ali\u015bmy w porozumieniu z Zespo\u0142em Medycznym PZPN oraz Ekstraklas\u0105. W efekcie tych dzia\u0142a\u0144 mecz zosta\u0142 odwo\u0142any. Stracili\u015bmy na tym finansowo, ale te\u017c sportowo, bo to rywal by\u0142 kilka dni po swoim pucharowym wyst\u0119pie. Byli\u015bmy jednak przekonani, \u017ce tak nale\u017cy post\u0105pi\u0107. \u017be tak jest po prostu w zgodzie z duchem fair play.<\/em><\/p>\n<p><em>Jeste\u015bmy w kontakcie z przedstawicielami sp\u00f3\u0142ki Ekstraklasa S.A. oraz klubem Legia Warszawa. Skierowali\u015bmy r\u00f3wnocze\u015bnie pro\u015bb\u0119 o interpretacj\u0119 wczorajszej sytuacji przez przedstawicieli Zespo\u0142u Medycznego PZPN, poniewa\u017c zale\u017cy nam na wyja\u015bnieniu wszystkich okoliczno\u015bci tego wydarzenia. Zdrowie zawodnik\u00f3w i ich najbli\u017cszych jest dla nas warto\u015bci\u0105 nadrz\u0119dn\u0105. Wychodzimy bowiem z za\u0142o\u017cenia, \u017ce warto wyci\u0105gn\u0105\u0107 wnioski i ustali\u0107 standardy dzia\u0142ania &#8211; tak, aby podobne sytuacje nie zdarzy\u0142y si\u0119 w przysz\u0142o\u015bci.<\/em><\/p>\n","protected":false},"excerpt":{"rendered":"<p>Publikujemy stanowisko Warty Pozna\u0144 S.A. w zwi\u0105zku z sytuacj\u0105, kt\u00f3ra mia\u0142a miejsce podczas pojedynku pi\u0142karzy Warty Pozna\u0144 i Legii Warszawa&#8230;<\/p>\n","protected":false},"author":36,"featured_media":11453,"comment_status":"closed","ping_status":"closed","sticky":false,"template":"","format":"standard","meta":{"om_disable_all_campaigns":false,"inline_featured_image":false,"footnotes":"","_links_to":"","_links_to_target":""},"categories":[94,100,245,1],"tags":[],"aioseo_notices":[],"_links":{"self":[{"href":"https:\/\/wartapoznan.pl\/index.php\/wp-json\/wp\/v2\/posts\/11457"}],"collection":[{"href":"https:\/\/wartapoznan.pl\/index.php\/wp-json\/wp\/v2\/posts"}],"about":[{"href":"https:\/\/wartapoznan.pl\/index.php\/wp-json\/wp\/v2\/types\/post"}],"author":[{"embeddable":true,"href":"https:\/\/wartapoznan.pl\/index.php\/wp-json\/wp\/v2\/users\/36"}],"replies":[{"embeddable":true,"href":"https:\/\/wartapoznan.pl\/index.php\/wp-json\/wp\/v2\/comments?post=11457"}],"version-history":[{"count":5,"href":"https:\/\/wartapoznan.pl\/index.php\/wp-json\/wp\/v2\/posts\/11457\/revisions"}],"predecessor-version":[{"id":11466,"href":"https:\/\/wartapoznan.pl\/index.php\/wp-json\/wp\/v2\/posts\/11457\/revisions\/11466"}],"wp:featuredmedia":[{"embeddable":true,"href":"https:\/\/wartapoznan.pl\/index.php\/wp-json\/wp\/v2\/media\/11453"}],"wp:attachment":[{"href":"https:\/\/wartapoznan.pl\/index.php\/wp-json\/wp\/v2\/media?parent=11457"}],"wp:term":[{"taxonomy":"category","embeddable":true,"href":"https:\/\/wartapoznan.pl\/index.php\/wp-json\/wp\/v2\/categories?post=11457"},{"taxonomy":"post_tag","embeddable":true,"href":"https:\/\/wartapoznan.pl\/index.php\/wp-json\/wp\/v2\/tags?post=11457"}],"curies":[{"name":"wp","href":"https:\/\/api.w.org\/{rel}","templated":true}]}}