{"id":11546,"date":"2020-11-13T08:34:07","date_gmt":"2020-11-13T07:34:07","guid":{"rendered":"https:\/\/wartapoznan.pl\/?p=11546"},"modified":"2020-11-13T08:34:07","modified_gmt":"2020-11-13T07:34:07","slug":"najblizsze-mecze-ligowe-zespolow-warty-poznan-terminarz-9","status":"publish","type":"post","link":"https:\/\/wartapoznan.pl\/index.php\/2020\/11\/13\/najblizsze-mecze-ligowe-zespolow-warty-poznan-terminarz-9\/","title":{"rendered":"Najbli\u017csze mecze ligowe zespo\u0142\u00f3w Warty Pozna\u0144 [terminarz]"},"content":{"rendered":"<p><strong>Tylko dwie dru\u017cyny Warty Pozna\u0144 rozegraj\u0105 ligowe spotkania w nadchodz\u0105cy weekend. Zawodniczki kobiecej dru\u017cyny podejm\u0105 lidera tabeli, natomiast ekipa Warty II Pozna\u0144 wybierze si\u0119 na mecz do Leszna.<\/strong><\/p>\n<p><strong>WARTA POZNA\u0143<\/strong><br \/>\nW Ekstraklasie trwa przerwa zwi\u0105zana z wyst\u0119pami dru\u017cyn narodowych. Pi\u0142karze trenera Piotra Tworka ponownie powalcz\u0105 o punkty w sobot\u0119, 21 listopada o godz. 20. Rywalem \u201eZielonych\u201d w Grodzisku Wlkp. b\u0119dzie Wis\u0142a Krak\u00f3w.<\/p>\n<p><strong>WARTA POZNA\u0143 \u2013 KOBIETY<\/strong><br \/>\n<strong>7. kolejka RED BOX IV ligi kobiet: Warta Pozna\u0144 \u2013 UKS G\u00f3rnicza Konin<\/strong> (niedziela, 15 listopada, godz. 10; Stadion Gol\u0119cin w Poznaniu, ul. Warmi\u0144ska 1)<br \/>\nPi\u0142karki Warty Pozna\u0144 zagraj\u0105 ostatni mecz w rundzie jesiennej IV ligi kobiet. B\u0119dzie to zaleg\u0142e spotkanie, kt\u00f3re w pierwotnym terminie zosta\u0142o prze\u0142o\u017cone z powodu kwarantanny u rywalek. Zesp\u00f3\u0142 z Konina jest liderem tabeli i ma w niej dwa punkty przewagi nad \u201eZielonymi\u201d.<\/p>\n<p><strong>WARTA II POZNA\u0143<\/strong><br \/>\n<strong>17. kolejka Proeko IV ligi: Polonia 1912 Leszno \u2013 Warta II Pozna\u0144<\/strong> (sobota, 14 listopada, godz. 13; Stadion MOSiR w Lesznie, ul. Strzelecka 8).<br \/>\nNajbli\u017cszy rywal drugiego zespo\u0142u Warty Pozna\u0144 zajmuje 17. miejsce w tabeli &#8211; zdoby\u0142 14 punkt\u00f3w w 17 meczach tego sezonu. Zawodnicy trenera Bartosza Majchrzaka maj\u0105 jeszcze do rozegrania dwa zaleg\u0142e spotkania, ale je\u015bli wygraj\u0105 w Lesznie, wyprzedz\u0105 Poloni\u0119. Gospodarze sobotniego meczu stracili dot\u0105d najwi\u0119cej bramek w lidze \u2013 do tej pory wyci\u0105gali pi\u0142k\u0119 z siatki 50 razy.<\/p>\n<p><strong>WARTA POZNA\u0143 AMP FUTBOL<\/strong><br \/>\nZawodnicy Warty Pozna\u0144 b\u0119d\u0105 gospodarzem ostatniego w sezonie, IV turnieju Amp Futbol Ekstraklasy. Zawody zaplanowane s\u0105 na weekend 28-29 listopada.<\/p>\n<p>Fot. Micha\u0142 Ko\u015bcielak<\/p>\n","protected":false},"excerpt":{"rendered":"<p>Tylko dwie dru\u017cyny Warty Pozna\u0144 rozegraj\u0105 ligowe spotkania w nadchodz\u0105cy weekend. Zawodniczki kobiecej dru\u017cyny podejm\u0105 lidera tabeli, natomiast ekipa Warty&#8230;<\/p>\n","protected":false},"author":36,"featured_media":11548,"comment_status":"closed","ping_status":"closed","sticky":false,"template":"","format":"standard","meta":{"om_disable_all_campaigns":false,"inline_featured_image":false,"footnotes":"","_links_to":"","_links_to_target":""},"categories":[94,228,248,1],"tags":[],"aioseo_notices":[],"_links":{"self":[{"href":"https:\/\/wartapoznan.pl\/index.php\/wp-json\/wp\/v2\/posts\/11546"}],"collection":[{"href":"https:\/\/wartapoznan.pl\/index.php\/wp-json\/wp\/v2\/posts"}],"about":[{"href":"https:\/\/wartapoznan.pl\/index.php\/wp-json\/wp\/v2\/types\/post"}],"author":[{"embeddable":true,"href":"https:\/\/wartapoznan.pl\/index.php\/wp-json\/wp\/v2\/users\/36"}],"replies":[{"embeddable":true,"href":"https:\/\/wartapoznan.pl\/index.php\/wp-json\/wp\/v2\/comments?post=11546"}],"version-history":[{"count":2,"href":"https:\/\/wartapoznan.pl\/index.php\/wp-json\/wp\/v2\/posts\/11546\/revisions"}],"predecessor-version":[{"id":11549,"href":"https:\/\/wartapoznan.pl\/index.php\/wp-json\/wp\/v2\/posts\/11546\/revisions\/11549"}],"wp:featuredmedia":[{"embeddable":true,"href":"https:\/\/wartapoznan.pl\/index.php\/wp-json\/wp\/v2\/media\/11548"}],"wp:attachment":[{"href":"https:\/\/wartapoznan.pl\/index.php\/wp-json\/wp\/v2\/media?parent=11546"}],"wp:term":[{"taxonomy":"category","embeddable":true,"href":"https:\/\/wartapoznan.pl\/index.php\/wp-json\/wp\/v2\/categories?post=11546"},{"taxonomy":"post_tag","embeddable":true,"href":"https:\/\/wartapoznan.pl\/index.php\/wp-json\/wp\/v2\/tags?post=11546"}],"curies":[{"name":"wp","href":"https:\/\/api.w.org\/{rel}","templated":true}]}}