{"id":11550,"date":"2020-11-14T17:03:11","date_gmt":"2020-11-14T16:03:11","guid":{"rendered":"https:\/\/wartapoznan.pl\/?p=11550"},"modified":"2020-11-14T19:52:49","modified_gmt":"2020-11-14T18:52:49","slug":"minimalna-porazka-warty-ii-poznan","status":"publish","type":"post","link":"https:\/\/wartapoznan.pl\/index.php\/2020\/11\/14\/minimalna-porazka-warty-ii-poznan\/","title":{"rendered":"Minimalna pora\u017cka Warty II Pozna\u0144"},"content":{"rendered":"<p><strong>Drugi zesp\u00f3\u0142 Warty Pozna\u0144 nadal pozostaje bez ligowego zwyci\u0119stwa w roli go\u015bci. W meczu 17. kolejki Proeko IV ligi poznaniacy przegrali 0:1 z Poloni\u0105 1912 Leszno.<\/strong><\/p>\n<p>Przez pierwsze minuty gry \u201eZieloni\u201d prezentowali si\u0119 dobrze na boisku. Praw\u0105 stron\u0105 przedziera\u0142 si\u0119 Szymon Soi\u0144ski, kt\u00f3ry posy\u0142a\u0142 pi\u0142ki w pole karne do lepiej ustawionych koleg\u00f3w. Poznaniacy szukali okazji do otwarcia wyniku, mieli swoje szanse po sta\u0142ych fragmentach gry, jednak pi\u0142ka nie trafi\u0142a do siatki gospodarzy.<\/p>\n<p>Z biegiem czasu role zacz\u0119\u0142y si\u0119 odwraca\u0107 i to pi\u0142karze Polonii przej\u0119li inicjatyw\u0119. Byli przy tym skuteczniejsi i w 19. minucie strzelili gola. Zawodnicy trenera Bartosza Majchrzaka trzykrotnie blokowali pi\u0142k\u0119 po strza\u0142ach rywali, jednak w ko\u0144cu drog\u0119 do bramki znalaz\u0142 Adam Piwo\u0144ski. Kilka minut p\u00f3\u017aniej pozna\u0144ski golkiper, Bartosz Dubel, ponownie wyci\u0105gn\u0105\u0142 pi\u0142k\u0119 z siatki, ale gol nie zosta\u0142 uznany z powodu spalonego.<\/p>\n<p>\u201eZieloni\u201d pr\u00f3bowali odpowiedzie\u0107 przeciwnikom. Miko\u0142aj Naro\u017cny pos\u0142a\u0142 pi\u0142k\u0119 wzd\u0142u\u017c bramki, jednak min\u0119\u0142a ona pole karne. Poznaniacy mieli r\u00f3wnie\u017c dwie dobre okazje po rzutach wolnych, ale bezpo\u015brednie uderzenia na bramk\u0119 by\u0142y nieskuteczne. Zmiany wyniku nie przynios\u0142o te\u017c uderzenie z dystansu Miko\u0142aja Naro\u017cnego pod koniec pierwszej po\u0142owy.<\/p>\n<p>W drugiej cz\u0119\u015bci gry gospodarze zaatakowali mocniej i coraz cz\u0119\u015bciej oddawali strza\u0142y na bramk\u0119 poznaniak\u00f3w. Dobrze spisywa\u0142 si\u0119 jednak Bartosz Dubel, kt\u00f3ry mia\u0142 w Lesznie sporo pracy. Niebezpiecznie pod bramk\u0105 Warty zrobi\u0142o si\u0119 w 69. minucie meczu. Najpierw poznaniak\u00f3w od straty gola uchroni\u0142 Bartosz Dubel, a p\u00f3\u017aniej poprzeczka.<\/p>\n<p>Zawodnicy Polonii ca\u0142y czas przedzierali si\u0119 na po\u0142ow\u0119 \u201eZielonych\u201d, z kolei drugi zesp\u00f3\u0142 Warty nie stwarza\u0142 sobie dogodnych sytuacji. Pojedyncze pr\u00f3by strza\u0142\u00f3w z dystansu nie zmusza\u0142y bramkarza rywali do trudnych interwencji. W doliczonym czasie gry poznaniacy mieli jeszcze nadziej\u0119 na remis po trzech rzutach wolnych, ale nie zdo\u0142ali zmieni\u0107 wyniku.<\/p>\n<p>Przed Wart\u0105 II Pozna\u0144 zaleg\u0142y mecz z 12. kolejki ligowej &#8211; z Ostrovi\u0105 Ostr\u00f3w Wielkopolski. Spotkanie odb\u0119dzie si\u0119 w \u015brod\u0119, 18 listopada o godz. 19. Poznaniacy tym razem podejm\u0105 go\u015bci w Grodzisku Wielkopolskim.<\/p>\n<p><strong>Polonia 1912 Leszno \u2013 Warta II Pozna\u0144 1:0 (1:0)<\/strong><br \/>\n<strong>Bramka:<\/strong> 1:0 Piwo\u0144ski (19. minuta)<br \/>\n<strong>Warta II Pozna\u0144:<\/strong> Bartosz Dubel \u2013 Stanis\u0142aw Jarysz, Hubert Kaptur (60. Maksymilian Hy\u017cyk), Albert \u017berkowski, Szymon Soi\u0144ski, Mateusz So\u0142tysiak (86. Klaudiusz Marecki), Antonio Asani (46. Dominik Konopacki), Maksymilian Lisowski, Jakub Poterski, Miko\u0142aj Dorsz (66. Wiktor Kr\u00f3l), Miko\u0142aj Naro\u017cny (76. Szymon W\u0142odarczyk).<\/p>\n","protected":false},"excerpt":{"rendered":"<p>Drugi zesp\u00f3\u0142 Warty Pozna\u0144 nadal pozostaje bez ligowego zwyci\u0119stwa w roli go\u015bci. W meczu 17. kolejki Proeko IV ligi poznaniacy&#8230;<\/p>\n","protected":false},"author":36,"featured_media":11552,"comment_status":"closed","ping_status":"closed","sticky":false,"template":"","format":"standard","meta":{"om_disable_all_campaigns":false,"inline_featured_image":false,"footnotes":"","_links_to":"","_links_to_target":""},"categories":[94,228,1],"tags":[],"aioseo_notices":[],"_links":{"self":[{"href":"https:\/\/wartapoznan.pl\/index.php\/wp-json\/wp\/v2\/posts\/11550"}],"collection":[{"href":"https:\/\/wartapoznan.pl\/index.php\/wp-json\/wp\/v2\/posts"}],"about":[{"href":"https:\/\/wartapoznan.pl\/index.php\/wp-json\/wp\/v2\/types\/post"}],"author":[{"embeddable":true,"href":"https:\/\/wartapoznan.pl\/index.php\/wp-json\/wp\/v2\/users\/36"}],"replies":[{"embeddable":true,"href":"https:\/\/wartapoznan.pl\/index.php\/wp-json\/wp\/v2\/comments?post=11550"}],"version-history":[{"count":2,"href":"https:\/\/wartapoznan.pl\/index.php\/wp-json\/wp\/v2\/posts\/11550\/revisions"}],"predecessor-version":[{"id":11553,"href":"https:\/\/wartapoznan.pl\/index.php\/wp-json\/wp\/v2\/posts\/11550\/revisions\/11553"}],"wp:featuredmedia":[{"embeddable":true,"href":"https:\/\/wartapoznan.pl\/index.php\/wp-json\/wp\/v2\/media\/11552"}],"wp:attachment":[{"href":"https:\/\/wartapoznan.pl\/index.php\/wp-json\/wp\/v2\/media?parent=11550"}],"wp:term":[{"taxonomy":"category","embeddable":true,"href":"https:\/\/wartapoznan.pl\/index.php\/wp-json\/wp\/v2\/categories?post=11550"},{"taxonomy":"post_tag","embeddable":true,"href":"https:\/\/wartapoznan.pl\/index.php\/wp-json\/wp\/v2\/tags?post=11550"}],"curies":[{"name":"wp","href":"https:\/\/api.w.org\/{rel}","templated":true}]}}