{"id":11571,"date":"2020-11-17T17:10:01","date_gmt":"2020-11-17T16:10:01","guid":{"rendered":"https:\/\/wartapoznan.pl\/?p=11571"},"modified":"2020-11-17T16:02:35","modified_gmt":"2020-11-17T15:02:35","slug":"jak-grali-wypozyczeni-zawodnicy-warty-poznan-raport-42","status":"publish","type":"post","link":"https:\/\/wartapoznan.pl\/index.php\/2020\/11\/17\/jak-grali-wypozyczeni-zawodnicy-warty-poznan-raport-42\/","title":{"rendered":"Jak grali wypo\u017cyczeni zawodnicy Warty Pozna\u0144 \u2013 raport"},"content":{"rendered":"<p><strong>18-letni pomocnik Mateusz Malu\u015bki zdoby\u0142 swoj\u0105 pierwsz\u0105 bramk\u0119 w seniorskiej lidze i przypiecz\u0119towa\u0142 wygran\u0105 Unii Swarz\u0119dz z Pogoni\u0105 II Szczecin. Przeczytaj raport i dowiedz si\u0119, jak w ostatnim tygodniu radzili sobie inni zawodnicy wypo\u017cyczeni z Warty Pozna\u0144.<\/strong><\/p>\n<p><strong>Sebastian Olszewski, 19 lat, obro\u0144ca (Hutnik Krak\u00f3w, II liga)<\/strong><br \/>\n&#8211; gra\u0142 przez pierwsze 45 minut meczu ze \u015al\u0105skiem II Wroc\u0142aw (2:5) i zosta\u0142 napomniany \u017c\u00f3\u0142t\u0105 kartk\u0105; 90 minut i \u017c\u00f3\u0142ta kartka w meczu z Wigrami Suwa\u0142ki (1:2)<br \/>\n&#8211;<strong> wyst\u0119py w sezonie 2020\/21:<\/strong> 12 (813 minut)<\/p>\n<p><strong>Szymon Piekarski, 21 lat, pomocnik (Jarota Jarocin; gr. 2 III ligi)<\/strong><br \/>\n&#8211; poza kadr\u0105 na mecz III ligi z Chemikiem Police (3:0); gra\u0142 do 82. minuty z GKS Przodkowo (2:1)<br \/>\n<strong>&#8211; wyst\u0119py w sezonie 2020\/21:<\/strong> 15 (1257 minut), 2 gole<\/p>\n<p><strong>Mateusz Malu\u015bki, 18 lat, pomocnik (Unia Swarz\u0119dz; gr. 2 III ligi)<\/strong><br \/>\n&#8211; gra\u0142 od 70. minuty i zdoby\u0142 bramk\u0119 na 3:1 w meczu z Pogoni\u0105 II Szczecin (3:1); gra\u0142 od 25. minuty meczu z Mieszkiem Gniezno (7:0)<br \/>\n<strong>&#8211; wyst\u0119py w sezonie 2020\/21:<\/strong> 12 (722 minuty), 1 gol<\/p>\n<p><strong>Patryk Prange, 18 lat, bramkarz (Lechia II Gda\u0144sk; pomorska IV liga oraz CLJ U-18)<\/strong><br \/>\n&#8211; 90 minut w meczu IV ligi z Soko\u0142em Zblewo (2:0); na \u0142awce rezerwowych w meczu IV ligi z MKS W\u0142adys\u0142awowo (1:2) ; nie gra\u0142 w meczu Centralnej Ligi Junior\u00f3w z Ark\u0105 Gdynia (0:2)<br \/>\n<strong>&#8211; wyst\u0119py w sezonie 2020\/21:<\/strong> 10 (900 minut)<\/p>\n<p><strong>Miko\u0142aj Rakowski, 18 lat, pomocnik (Lechia II Gda\u0144sk; pomorska IV liga oraz CLJ U-18)<\/strong><br \/>\n&#8211; \u00a090 minut w meczu IV ligi z Soko\u0142em Zblewo (2:0); nie gra\u0142 w meczu IV ligi z MKS W\u0142adys\u0142awowo (1:2) ; gra\u0142 do 64. minuty meczu Centralnej Ligi Junior\u00f3w z Ark\u0105 Gdynia (0:2)<br \/>\n<strong>&#8211; wyst\u0119py w sezonie 2020\/21:<\/strong> 16 (1205 minut); 1 gol<\/p>\n<p><strong>Mateusz Kustosz, 17 lat, bramkarz (Lechia Kostrzyn; gr. 1 wielkopolskiej V ligi)<\/strong><br \/>\n&#8211; na \u0142awce rezerwowych w meczu z Concordi\u0105 Murowana Go\u015blina (3:0)<br \/>\n<strong>&#8211; wyst\u0119py w sezonie 2020\/21:<\/strong> 7 (630 minut).<\/p>\n","protected":false},"excerpt":{"rendered":"<p>18-letni pomocnik Mateusz Malu\u015bki zdoby\u0142 swoj\u0105 pierwsz\u0105 bramk\u0119 w seniorskiej lidze i przypiecz\u0119towa\u0142 wygran\u0105 Unii Swarz\u0119dz z Pogoni\u0105 II Szczecin&#8230;.<\/p>\n","protected":false},"author":36,"featured_media":10916,"comment_status":"closed","ping_status":"closed","sticky":false,"template":"","format":"standard","meta":{"om_disable_all_campaigns":false,"inline_featured_image":false,"footnotes":"","_links_to":"","_links_to_target":""},"categories":[94,100,250,1],"tags":[],"aioseo_notices":[],"_links":{"self":[{"href":"https:\/\/wartapoznan.pl\/index.php\/wp-json\/wp\/v2\/posts\/11571"}],"collection":[{"href":"https:\/\/wartapoznan.pl\/index.php\/wp-json\/wp\/v2\/posts"}],"about":[{"href":"https:\/\/wartapoznan.pl\/index.php\/wp-json\/wp\/v2\/types\/post"}],"author":[{"embeddable":true,"href":"https:\/\/wartapoznan.pl\/index.php\/wp-json\/wp\/v2\/users\/36"}],"replies":[{"embeddable":true,"href":"https:\/\/wartapoznan.pl\/index.php\/wp-json\/wp\/v2\/comments?post=11571"}],"version-history":[{"count":1,"href":"https:\/\/wartapoznan.pl\/index.php\/wp-json\/wp\/v2\/posts\/11571\/revisions"}],"predecessor-version":[{"id":11572,"href":"https:\/\/wartapoznan.pl\/index.php\/wp-json\/wp\/v2\/posts\/11571\/revisions\/11572"}],"wp:featuredmedia":[{"embeddable":true,"href":"https:\/\/wartapoznan.pl\/index.php\/wp-json\/wp\/v2\/media\/10916"}],"wp:attachment":[{"href":"https:\/\/wartapoznan.pl\/index.php\/wp-json\/wp\/v2\/media?parent=11571"}],"wp:term":[{"taxonomy":"category","embeddable":true,"href":"https:\/\/wartapoznan.pl\/index.php\/wp-json\/wp\/v2\/categories?post=11571"},{"taxonomy":"post_tag","embeddable":true,"href":"https:\/\/wartapoznan.pl\/index.php\/wp-json\/wp\/v2\/tags?post=11571"}],"curies":[{"name":"wp","href":"https:\/\/api.w.org\/{rel}","templated":true}]}}