{"id":11577,"date":"2020-11-18T21:41:10","date_gmt":"2020-11-18T20:41:10","guid":{"rendered":"https:\/\/wartapoznan.pl\/?p=11577"},"modified":"2020-11-18T21:41:10","modified_gmt":"2020-11-18T20:41:10","slug":"warta-ii-poznan-zremisowala-z-ostrovia-1909-ostrow-wlkp-cztery-gole-w-grodzisku-wlkp","status":"publish","type":"post","link":"https:\/\/wartapoznan.pl\/index.php\/2020\/11\/18\/warta-ii-poznan-zremisowala-z-ostrovia-1909-ostrow-wlkp-cztery-gole-w-grodzisku-wlkp\/","title":{"rendered":"Warta II Pozna\u0144 zremisowa\u0142a z Ostrovi\u0105 1909 Ostr\u00f3w Wlkp. \u2013 cztery gole w Grodzisku Wlkp."},"content":{"rendered":"<p><strong>Warta II Pozna\u0144 przerwa\u0142a seri\u0119 pora\u017cek i w zaleg\u0142ym meczu 12. kolejki Proeko IV ligi zremisowa\u0142a w Grodzisku Wlkp. z Ostrovi\u0105 Ostr\u00f3w Wlkp. 2:2. \u201eZieloni\u201d prowadzili w tym spotkaniu ju\u017c 2:0\u2026 &#8211; <em>I pi\u0142karsko, i fizycznie postawili\u015bmy dzi\u015b wysoko poprzeczk\u0119 rywalom <\/em>\u2013 uwa\u017ca trener Bartosz Majchrzak.<\/strong><\/p>\n<p>Mecz Warty II z Ostrovi\u0105 mia\u0142 si\u0119 odby\u0107 ponad miesi\u0105c temu, ale zosta\u0142 odwo\u0142any ze wzgl\u0119du na sytuacj\u0119 pandemiczn\u0105. Teraz go\u015bcie przyjechali w znacznie lepszych nastrojach ni\u017c byli w po\u0142owie pa\u017adziernika \u2013 wygrali trzy ostatnie spotkania, a w miniony weekend sprawili ogromn\u0105 sensacj\u0119, gdy pokonali na wyje\u017adzie lidera rozgrywek, Victori\u0119 Wrze\u015bnia.<\/p>\n<p>Zesp\u00f3\u0142 trenera Bartosza Majchrzaka postawi\u0142 si\u0119 rozp\u0119dzonemu rywalowi. W pierwszych dw\u00f3ch kwadransach m\u0142oda dru\u017cyna \u201eZielonych\u201d stworzy\u0142a sobie kilka bardzo dobrych okazji bramkowych. Na gola zamieni\u0142a ju\u017c pierwsz\u0105 z nich \u2013 po zagraniu z rzutu wolnego pi\u0142ka trafi\u0142a w s\u0142upek bramki Ostrovii, a w zamieszaniu w polu bramkowym najsprytniejszy by\u0142 Miko\u0142aj Naro\u017cny i wepchn\u0105\u0142 pi\u0142k\u0119 do siatki.<\/p>\n<p>Dobr\u0105 okazj\u0119 do podwy\u017cszenia wyniku mia\u0142 Maksymilian Lisowski, ale po do\u015brodkowaniu z lewego skrzyd\u0142a nie trafi\u0142 dobrze w pi\u0142k\u0119, mimo \u017ce by\u0142 kilka metr\u00f3w od bramki. To niepowodzenia kapitan Warty II Pozna\u0144 powetowa\u0142 sobie w 26. minucie, gdy wykorzysta\u0142 rzut karny podyktowany po faulu na Jakubie Poterskim, kt\u00f3ry dwa razy oszuka\u0142 dryblingiem obro\u0144c\u0119 go\u015bci. Po pewnym strzale Maksymiliana Lisowskiego z 11 metr\u00f3w by\u0142o wi\u0119c 2:0 dla poznaniak\u00f3w.<\/p>\n<p>Wynik wskazywa\u0142 na przewag\u0119 \u201eZielonych\u201d, ale rywale te\u017c gro\u017anie nacierali. Kilka razy efektownie i skutecznie broni\u0142 Bartosz Dubel, ale w 31. minucie zosta\u0142 pokonany. Zd\u0105\u017cy\u0142 wprawdzie odbi\u0107 pi\u0142k\u0119 po strzale z rzutu wolnego po\u015bredniego z pola karnego, ale chwil\u0119 p\u00f3\u017aniej z bliska trafi\u0142 Safian Skupi\u0144ski.<\/p>\n<p>Mecz by\u0142 naprawd\u0119 niez\u0142y, a po golu na 2:1 zrobi\u0142 si\u0119 jeszcze bardziej zaci\u0119ty. Posypa\u0142y si\u0119 \u017c\u00f3\u0142te kartki, bo zawodnicy obu zespo\u0142\u00f3w nie unikali ostrych star\u0107. Drugiej dru\u017cynie Warty Pozna\u0144 nie uda\u0142o si\u0119 utrzyma\u0107 prowadzenia, a wyr\u00f3wnuj\u0105ca bramka pad\u0142a kr\u00f3tko po zmianie stron. Bartosz Dubel nie utrzyma\u0142 pi\u0142ki w r\u0119kach po niezbyt gro\u017anym strzale z rzutu wolnego i zrobi\u0142o si\u0119 2:2.<\/p>\n<p>Do ko\u0144ca ju\u017c trwa\u0142a wymiana cios\u00f3w, kt\u00f3ra jednak nie przynios\u0142a zmiany wyniku i po trzech pora\u017ckach Warta II Pozna\u0144 zapisa\u0142a na swoim koncie punkt. \u2013 <em>Ciesz\u0119 si\u0119 przede wszystkim z tego, \u017ce moi zawodnicy realizowali za\u0142o\u017cenia na ten mecz i rywalizowali jak r\u00f3wny z r\u00f3wnym z mocnym fizycznie przeciwnikiem. Nie odpuszczali, byli momentami agresywniejsi, skutecznie przerywali akcje<\/em> \u2013 m\u00f3wi Bartosz Majchrzak, trener drugiego zespo\u0142u Warty Pozna\u0144. &#8211; <em>My\u015bl\u0119, \u017ce i pi\u0142karsko, i fizycznie postawili\u015bmy wysoko poprzeczk\u0119. Mamy w zespole samych m\u0142odzie\u017cowc\u00f3w i tym bardziej \u017ca\u0142uj\u0119, \u017ce takiej determinacji zabrak\u0142o nam par\u0119 dni temu w Lesznie, bo wtedy wynik by\u0142by korzystny dla nas. Punkt w meczu z Ostrovi\u0105 ceni\u0119, ale nie patrz\u0119 tylko na wynik. Cieszy mnie praca, kt\u00f3r\u0105 ch\u0142opaki wykonali na boisku, bo je\u015bli nadal b\u0119d\u0105 tak pracowali, to w kolejnych meczach b\u0119dziemy mieli powody do rado\u015bci<\/em>.<\/p>\n<p><strong>WARTA II POZNA\u0143 \u2013 OSTROVIA 1909 OSTR\u00d3W WLKP. 2:2 (2:1)<\/strong><br \/>\n<strong>Bramki:<\/strong> 1:0 Naro\u017cny (7. minuta), 2:0 Lisowski (26., karny) 2:1 Skupi\u0144ski (31.), 2:2 Sobczak (53.)<br \/>\n<strong>Warta II Pozna\u0144:<\/strong> Bartosz Dubel \u2013 Mateusz So\u0142tysiak, Albert \u017berkowski, Hubert Kaptur, Stanis\u0142aw Jarysz \u017b \u2013 Mateusz So\u0142tysiak \u017b (65. Filip W\u0119dzikowski), Miko\u0142aj Stangel \u2013 Miko\u0142aj Naro\u017cny (78. Kamil Zi\u0119tkowski), Maksymilian Lisowski \u017b, Jakub Poterski \u2013 Maksymilian Hy\u017cyk (89. Antonio Asani).<br \/>\n<strong>Mecz bez publiczno\u015bci<\/strong><\/p>\n","protected":false},"excerpt":{"rendered":"<p>Warta II Pozna\u0144 przerwa\u0142a seri\u0119 pora\u017cek i w zaleg\u0142ym meczu 12. kolejki Proeko IV ligi zremisowa\u0142a w Grodzisku Wlkp. z&#8230;<\/p>\n","protected":false},"author":36,"featured_media":11579,"comment_status":"closed","ping_status":"closed","sticky":false,"template":"","format":"standard","meta":{"om_disable_all_campaigns":false,"inline_featured_image":false,"footnotes":"","_links_to":"","_links_to_target":""},"categories":[94,228,1],"tags":[],"aioseo_notices":[],"_links":{"self":[{"href":"https:\/\/wartapoznan.pl\/index.php\/wp-json\/wp\/v2\/posts\/11577"}],"collection":[{"href":"https:\/\/wartapoznan.pl\/index.php\/wp-json\/wp\/v2\/posts"}],"about":[{"href":"https:\/\/wartapoznan.pl\/index.php\/wp-json\/wp\/v2\/types\/post"}],"author":[{"embeddable":true,"href":"https:\/\/wartapoznan.pl\/index.php\/wp-json\/wp\/v2\/users\/36"}],"replies":[{"embeddable":true,"href":"https:\/\/wartapoznan.pl\/index.php\/wp-json\/wp\/v2\/comments?post=11577"}],"version-history":[{"count":2,"href":"https:\/\/wartapoznan.pl\/index.php\/wp-json\/wp\/v2\/posts\/11577\/revisions"}],"predecessor-version":[{"id":11580,"href":"https:\/\/wartapoznan.pl\/index.php\/wp-json\/wp\/v2\/posts\/11577\/revisions\/11580"}],"wp:featuredmedia":[{"embeddable":true,"href":"https:\/\/wartapoznan.pl\/index.php\/wp-json\/wp\/v2\/media\/11579"}],"wp:attachment":[{"href":"https:\/\/wartapoznan.pl\/index.php\/wp-json\/wp\/v2\/media?parent=11577"}],"wp:term":[{"taxonomy":"category","embeddable":true,"href":"https:\/\/wartapoznan.pl\/index.php\/wp-json\/wp\/v2\/categories?post=11577"},{"taxonomy":"post_tag","embeddable":true,"href":"https:\/\/wartapoznan.pl\/index.php\/wp-json\/wp\/v2\/tags?post=11577"}],"curies":[{"name":"wp","href":"https:\/\/api.w.org\/{rel}","templated":true}]}}