{"id":11753,"date":"2020-12-04T20:00:39","date_gmt":"2020-12-04T19:00:39","guid":{"rendered":"https:\/\/wartapoznan.pl\/?p=11753"},"modified":"2020-12-04T09:52:02","modified_gmt":"2020-12-04T08:52:02","slug":"warta-poznan-gra-w-bialymstoku-z-jagiellonia-jedziemy-walczyc-i-wygrywac","status":"publish","type":"post","link":"https:\/\/wartapoznan.pl\/index.php\/2020\/12\/04\/warta-poznan-gra-w-bialymstoku-z-jagiellonia-jedziemy-walczyc-i-wygrywac\/","title":{"rendered":"Warta Pozna\u0144 gra w Bia\u0142ymstoku z Jagielloni\u0105. \u201eJedziemy walczy\u0107 i wygrywa\u0107\u201d"},"content":{"rendered":"<p><strong>Jagiellonia Bia\u0142ystok jest bezlitosna dla faworyt\u00f3w, ale z beniaminkami PKO Ekstraklasy nie radzi sobie najlepiej. &#8211; <em>Z ka\u017cdym bijemy si\u0119 o zwyci\u0119stwo i taki jest cel przed tym meczem <\/em>\u2013 zapewnia trener Warty Pozna\u0144, Piotr Tworek. Pojedynek 12. kolejki Jagiellonia \u2013 Warta w sobot\u0119 o godz. 15. Transmisja w Canal+ Sport i na antenie MC Radia.<\/strong><\/p>\n<p>Trudno jednoznacznie oceni\u0107 najbli\u017cszego rywala Warty Pozna\u0144. Zesp\u00f3\u0142 prowadzony od sierpnia przez Bogdana Zaj\u0105ca (przez ostatnie lata by\u0142 asystentem Adama Nawa\u0142ki, m.in. w reprezentacji Polski) ma na koncie zwyci\u0119stwa z trzema najlepszymi zespo\u0142ami poprzedniego sezonu \u2013 mistrza kraju, Legi\u0119 Warszawa pokona\u0142 na wyje\u017adzie 2:1, podobnie jak Piasta Gliwice (1:0), a na swoim stadionie rozprawi\u0142 si\u0119 2:1 z wicemistrzem Polski, Lechem Pozna\u0144. Tylko w tych trzech pojedynkach Jagiellonia uzbiera\u0142a 9 ze swoich 14 punkt\u00f3w. Ma ich o jeden wi\u0119cej od \u201eZielonych\u201d. Warta Pozna\u0144 z kolei zdoby\u0142a punkty z dru\u017cynami, kt\u00f3re s\u0105 za ni\u0105 w tabeli PKO Ekstraklasy.<\/p>\n<p>Z drugiej strony dru\u017cyna z Podlasia nie najlepiej radzi sobie w starciach z beniaminkami. Podbeskidzie wywalczy\u0142o we wrze\u015bniu jeden z dw\u00f3ch swoich wyjazdowych punkt\u00f3w w\u0142a\u015bnie w Bia\u0142ymstoku (by\u0142o 2:2, a go\u015bcie prowadzili do przerwy 2:0), a w miniony weekend Stal Mielec przerwa\u0142a swoj\u0105 seri\u0119 pi\u0119ciu mecz\u00f3w bez wygranej i pokona\u0142a 3:1 Jagielloni\u0119, dla kt\u00f3rej by\u0142a to czwarta z rz\u0119du pora\u017cka na wyje\u017adzie.<\/p>\n<p><img loading=\"lazy\" decoding=\"async\" width=\"1003\" height=\"667\" class=\"aligncenter size-full wp-image-11755\" src=\"https:\/\/wartapoznan.pl\/wp-content\/uploads\/2020\/12\/Trening_na_sniegu-2109-www.jpg\" alt=\"Trening Warty Pozna\u0144. Trener Piotr Tworek\" srcset=\"https:\/\/wartapoznan.pl\/wp-content\/uploads\/2020\/12\/Trening_na_sniegu-2109-www.jpg 1003w, https:\/\/wartapoznan.pl\/wp-content\/uploads\/2020\/12\/Trening_na_sniegu-2109-www-300x200.jpg 300w, https:\/\/wartapoznan.pl\/wp-content\/uploads\/2020\/12\/Trening_na_sniegu-2109-www-768x511.jpg 768w, https:\/\/wartapoznan.pl\/wp-content\/uploads\/2020\/12\/Trening_na_sniegu-2109-www-128x85.jpg 128w, https:\/\/wartapoznan.pl\/wp-content\/uploads\/2020\/12\/Trening_na_sniegu-2109-www-32x21.jpg 32w, https:\/\/wartapoznan.pl\/wp-content\/uploads\/2020\/12\/Trening_na_sniegu-2109-www-356x237.jpg 356w, https:\/\/wartapoznan.pl\/wp-content\/uploads\/2020\/12\/Trening_na_sniegu-2109-www-470x313.jpg 470w, https:\/\/wartapoznan.pl\/wp-content\/uploads\/2020\/12\/Trening_na_sniegu-2109-www-70x47.jpg 70w, https:\/\/wartapoznan.pl\/wp-content\/uploads\/2020\/12\/Trening_na_sniegu-2109-www-100x67.jpg 100w\" sizes=\"(max-width: 1003px) 100vw, 1003px\" \/><\/p>\n<p>&#8211; <em>Zesp\u00f3\u0142 z Bia\u0142egostoku ma ostatnio troszeczk\u0119 problem\u00f3w, ale to trudny rywal. U siebie i na wyje\u017adzie to jakby dwie r\u00f3\u017cne dru\u017cyny<\/em> \u2013 uwa\u017ca trener Warty Pozna\u0144, Piotr Tworek. \u2013 <em>Na swoim stadionie Jagiellonia gra zdecydowanie lepiej. Teraz b\u0119dzie szczeg\u00f3lnie podra\u017cniona pora\u017ck\u0105 ze Stal\u0105 i b\u0119dzie chcia\u0142a zrehabilitowa\u0107 si\u0119 na swoim terenie. My musimy si\u0119 jednak skupi\u0107 na sobie i zwraca\u0107 uwag\u0119 wy\u0142\u0105cznie na to, jak odpowiednio podej\u015b\u0107 do zawod\u00f3w. Czeka na bowiem ci\u0119\u017ckie spotkanie. Zn\u00f3w musimy pokaza\u0107 maksimum swoich umiej\u0119tno\u015bci, wykorzystywa\u0107 sytuacje w ofensywie, bo by\u0107 mo\u017ce nie b\u0119dzie ich zbyt wiele, i nie da\u0107 si\u0119 zaskoczy\u0107 w defensywie.<\/em><\/p>\n<p>Przed tygodniem \u201eZieloni\u201d byli o dwie minuty od wywiezienia punktu ze stadionu lidera rozgrywek, Rakowa Cz\u0119stochowa. O pora\u017cce 0:1 przes\u0105dzi\u0142 rzut karny w 90. minucie spotkania. \u2013 Ka\u017cdy mo\u017ce sobie wyobrazi\u0107, jakie by\u0142y nastroje w szatni w Be\u0142chatowie. Ale dla mnie i mojego sztabu najwa\u017cniejsze jest takie podej\u015bcie, by mecz, kt\u00f3ry jest za nami, by\u0142 drogowskazem do przygotowa\u0144 przed kolejnymi spotkaniami: czego nie wolno robi\u0107, a co robi\u0107 lepiej, \u017ceby wygra\u0107 spotkanie \u2013 podkre\u015bla szkoleniowiec. \u2013 <em>Teraz stracili\u015bmy bramk\u0119 w ostatnich minutach i bardzo du\u017co o tym rozmawiamy, ale taki gol nie r\u00f3\u017cni si\u0119 niczym od gola na pocz\u0105tku meczu czy w innej fazie spotkania. Po prostu koncentracja musi by\u0107 na takim samym poziomie przez ca\u0142y mecz. Od pocz\u0105tku do ko\u0144ca.<\/em><\/p>\n<p>Trener Piotr Tworek odrzuca teori\u0119, \u017ce jego zesp\u00f3\u0142 traci bramki w ko\u0144c\u00f3wkach spotka\u0144 przez s\u0142absz\u0105 dyspozycj\u0119 fizyczn\u0105. \u2013 <em>W \u017cadnym razie nie mo\u017cna tak tego t\u0142umaczy\u0107. Na bie\u017c\u0105co analizujemy dane dotycz\u0105ce liczby przebiegni\u0119tych kilometr\u00f3w przez pi\u0142karzy, intensywno\u015b\u0107 biegania, liczb\u0119 sprint\u00f3w itp. I jeste\u015bmy w pierwszej sz\u00f3stce-si\u00f3demce w Ekstraklasie. Mo\u017cemy by\u0107 z tego zadowoleni<\/em> \u2013 m\u00f3wi trener i dodaje: &#8211; <em>Przyczyny s\u0105 inne. Ja je znam i zesp\u00f3\u0142 je zna, bo cz\u0119sto o tym rozmawiamy. Musimy robi\u0107 wszystko, \u017ceby takie sytuacje si\u0119 nie powtarza\u0142y.<\/em><\/p>\n<p><img loading=\"lazy\" decoding=\"async\" width=\"1000\" height=\"667\" class=\"aligncenter size-full wp-image-11756\" src=\"https:\/\/wartapoznan.pl\/wp-content\/uploads\/2020\/12\/GJ211120_116-www.jpg\" alt=\"Warta Pozna\u0144, mecz PKO Ekstraklasy, Bartosz Kieliba, \u0141ukasz Tra\u0142ka\" srcset=\"https:\/\/wartapoznan.pl\/wp-content\/uploads\/2020\/12\/GJ211120_116-www.jpg 1000w, https:\/\/wartapoznan.pl\/wp-content\/uploads\/2020\/12\/GJ211120_116-www-300x200.jpg 300w, https:\/\/wartapoznan.pl\/wp-content\/uploads\/2020\/12\/GJ211120_116-www-768x512.jpg 768w, https:\/\/wartapoznan.pl\/wp-content\/uploads\/2020\/12\/GJ211120_116-www-128x85.jpg 128w, https:\/\/wartapoznan.pl\/wp-content\/uploads\/2020\/12\/GJ211120_116-www-32x21.jpg 32w, https:\/\/wartapoznan.pl\/wp-content\/uploads\/2020\/12\/GJ211120_116-www-356x237.jpg 356w, https:\/\/wartapoznan.pl\/wp-content\/uploads\/2020\/12\/GJ211120_116-www-470x313.jpg 470w, https:\/\/wartapoznan.pl\/wp-content\/uploads\/2020\/12\/GJ211120_116-www-70x47.jpg 70w, https:\/\/wartapoznan.pl\/wp-content\/uploads\/2020\/12\/GJ211120_116-www-100x67.jpg 100w\" sizes=\"(max-width: 1000px) 100vw, 1000px\" \/><\/p>\n<p>Zdaniem trenera \u201eZielonych\u201d defensywna taktyka to jeden z \u015brodk\u00f3w do osi\u0105gni\u0119cia celu: &#8211; <em>Czasami trzeba si\u0119 g\u0142\u0119boko cofn\u0105\u0107 i zag\u0119\u015bci\u0107 \u015brodek pola. Mamy zawodnik\u00f3w, kt\u00f3rzy swoim dobrym ustawieniem potrafi\u0105 za\u017cegna\u0107 niebezpiecze\u0144stwo. Zdajemy sobie spraw\u0119 z tego, z jakimi rywalami przychodzi nam si\u0119 mierzy\u0107 i nasz zesp\u00f3\u0142 musi cofn\u0105\u0107. Inna sprawa, \u017ce przeciwnicy nie pozwalaj\u0105 nam rozwin\u0105\u0107 ataku. Wiemy, \u017ce jako\u015b\u0107 pierwszego podania i przesuni\u0119cia ci\u0119\u017caru gry na po\u0142ow\u0119 rywala wymagaj\u0105 poprawy. Pracujemy nad tym.<\/em><\/p>\n<p>W tym tygodniu do trening\u00f3w z dru\u017cyn\u0105 wr\u00f3cili Gracjan Jaroch i Mariusz Rybicki. Drugi mikrocykl po kontuzji ma za sob\u0105 Aleks \u0141awniczak. W Bia\u0142ymstoku nie b\u0119dzie m\u00f3g\u0142 zagra\u0107 Adrian Laskowski, kt\u00f3ry jest zawieszony za kartki.<\/p>\n<p>Sytuacja kadrowa \u201eZielonych\u201d wci\u0105\u017c nie jest optymalna, ale trener Piotr Tworek ma ambitny cel przed trzema ostatnimi meczami w tym roku. \u2013 <em>Ile punkt\u00f3w chcemy zdoby\u0107, \u017ceby uda\u0107 si\u0119 na zimowe urlopy z poczuciem dobrze wykonanej pracy? Celujemy w maksa! Chcemy z ka\u017cdego meczu wydusi\u0107 tyle, ile si\u0119 da. Tak jest przygotowywany m\u00f3j zesp\u00f3\u0142 i z takim podej\u015bciem codziennie trenujemy<\/em> \u2013 podkre\u015bla szkoleniowiec. &#8211; <em>Nie ma znaczenia, z kim gramy. Z ka\u017cdym bijemy si\u0119 o zwyci\u0119stwo i taki jest cel przed meczem z Jagielloni\u0105. Nie p\u0119kamy, nie boimy si\u0119 nikogo. Zdajemy sobie spraw\u0119 z si\u0142y przeciwnika, szanujemy go, ale jeste\u015bmy przygotowani do gry o wszystko. Jakby to mia\u0142 by\u0107 nasz ostatni mecz. Jedziemy walczy\u0107, wygrywa\u0107 dla Warty, dla kibic\u00f3w, dla siebie, bo ci\u0119\u017cko na to pracujemy!<\/em><\/p>\n<p>Mecz Jagiellonia Bia\u0142ystok \u2013 Warta Pozna\u0144 zostanie rozegrany w sobot\u0119. Pierwszy gwizdek s\u0119dziego Zbigniewa Dobrynina z \u0141odzi o godz. 15. Transmisja w Canal+ Sport oraz w MC Radio na 102,7 FM.<\/p>\n<p>&nbsp;<\/p>\n","protected":false},"excerpt":{"rendered":"<p>Jagiellonia Bia\u0142ystok jest bezlitosna dla faworyt\u00f3w, ale z beniaminkami PKO Ekstraklasy nie radzi sobie najlepiej. &#8211; Z ka\u017cdym bijemy si\u0119&#8230;<\/p>\n","protected":false},"author":36,"featured_media":11757,"comment_status":"closed","ping_status":"closed","sticky":false,"template":"","format":"standard","meta":{"om_disable_all_campaigns":false,"inline_featured_image":false,"footnotes":"","_links_to":"","_links_to_target":""},"categories":[94,100,245,1],"tags":[],"aioseo_notices":[],"_links":{"self":[{"href":"https:\/\/wartapoznan.pl\/index.php\/wp-json\/wp\/v2\/posts\/11753"}],"collection":[{"href":"https:\/\/wartapoznan.pl\/index.php\/wp-json\/wp\/v2\/posts"}],"about":[{"href":"https:\/\/wartapoznan.pl\/index.php\/wp-json\/wp\/v2\/types\/post"}],"author":[{"embeddable":true,"href":"https:\/\/wartapoznan.pl\/index.php\/wp-json\/wp\/v2\/users\/36"}],"replies":[{"embeddable":true,"href":"https:\/\/wartapoznan.pl\/index.php\/wp-json\/wp\/v2\/comments?post=11753"}],"version-history":[{"count":2,"href":"https:\/\/wartapoznan.pl\/index.php\/wp-json\/wp\/v2\/posts\/11753\/revisions"}],"predecessor-version":[{"id":11758,"href":"https:\/\/wartapoznan.pl\/index.php\/wp-json\/wp\/v2\/posts\/11753\/revisions\/11758"}],"wp:featuredmedia":[{"embeddable":true,"href":"https:\/\/wartapoznan.pl\/index.php\/wp-json\/wp\/v2\/media\/11757"}],"wp:attachment":[{"href":"https:\/\/wartapoznan.pl\/index.php\/wp-json\/wp\/v2\/media?parent=11753"}],"wp:term":[{"taxonomy":"category","embeddable":true,"href":"https:\/\/wartapoznan.pl\/index.php\/wp-json\/wp\/v2\/categories?post=11753"},{"taxonomy":"post_tag","embeddable":true,"href":"https:\/\/wartapoznan.pl\/index.php\/wp-json\/wp\/v2\/tags?post=11753"}],"curies":[{"name":"wp","href":"https:\/\/api.w.org\/{rel}","templated":true}]}}