{"id":11803,"date":"2021-01-03T15:57:19","date_gmt":"2021-01-03T14:57:19","guid":{"rendered":"https:\/\/wartapoznan.pl\/?p=11803"},"modified":"2021-01-03T15:57:21","modified_gmt":"2021-01-03T14:57:21","slug":"kreta-droga-ktora-dotarl-na-szczyt-nie-zaluje-niczego","status":"publish","type":"post","link":"https:\/\/wartapoznan.pl\/index.php\/2021\/01\/03\/kreta-droga-ktora-dotarl-na-szczyt-nie-zaluje-niczego\/","title":{"rendered":"Kr\u0119ta droga, kt\u00f3r\u0105 dotar\u0142 na szczyt. \u201eNie \u017ca\u0142uj\u0119 niczego\u201d."},"content":{"rendered":"\n<p><strong>Pakowanie warzyw w Wielkiej Brytanii zamieni\u0142 na \u0142adowanie pi\u0142ek do bramek w barwach Warty Pozna\u0144. Poznajcie losy napastnika \u201eZielonych\u201d, kt\u00f3ry wci\u0105\u017c pisze kolejne rozdzia\u0142y swojej niezwyk\u0142ej, pi\u0142karskiej historii.<\/strong><\/p>\n\n\n\n<p>Tczew \u2013 kilkudziesi\u0119ciotysi\u0119czne miasto w wojew\u00f3dztwie pomorskim oddalone o 30 kilometr\u00f3w od Gda\u0144ska i o 20 kilometr\u00f3w od Malborka. To w\u0142a\u015bnie w Tczewie, w 1991 roku urodzi\u0142 si\u0119 Mateusz Kuzimski. Gra\u0142 w pi\u0142k\u0119 w trzech klubach z rodzinnego miasta: Unii, Wi\u015ble oraz Gryfie. Skuteczno\u015bci\u0105 zaskakiwa\u0142 od najm\u0142odszych lat. Najpierw w pomorskich ligach juniorskich, a potem ju\u017c w doros\u0142ym futbolu. Na wyst\u0119py i gole w Ekstraklasie przyjdzie mu jednak czeka\u0107 a\u017c do 2020 roku, gdy zosta\u0142 pi\u0142karzem Warty Pozna\u0144. Ale po kolei\u2026<\/p>\n\n\n\n<p><strong>Zaporowa cena \u2013 100 tys. z\u0142<\/strong><\/p>\n\n\n\n<p>O m\u0142odym, zdolnym napastniku zacz\u0119\u0142o si\u0119 robi\u0107 coraz g\u0142o\u015bniej, wi\u0119c Gryf zaproponowa\u0142 swojemu zawodnikowi kontrakt, kt\u00f3ry Mateusz Kuzimski \u2013 po namowach \u2013 podpisa\u0142, co mia\u0142o du\u017ce znaczenie dla najbli\u017cszych los\u00f3w pi\u0142karza. W listopadzie 2010 roku zosta\u0142 zaproszony na testy do Arki Gdynia. Zagra\u0142 w jej barwach w dw\u00f3ch meczach M\u0142odej Ekstraklasy (nieistniej\u0105ce ju\u017c rozgrywki, w trakcie kt\u00f3rych kluby Ekstraklasy mog\u0142y m.in. sprawdza\u0107 perspektywicznych graczy).<\/p>\n\n\n\n<p>Arka pokona\u0142a Legi\u0119 Warszawa 3:2 i zremisowa\u0142a 1:1 ze \u015al\u0105skiem we Wroc\u0142awiu, a Mateusz Kuzimski w obu meczach wychodzi\u0142 w podstawowym sk\u0142adzie i zdobywa\u0142 po bramce. Dzia\u0142acze klubu z Tr\u00f3jmiasta z miejsca rozpocz\u0119li rozmowy na temat transferu, jednak w\u0142adze Gryfa 2009 Tczew postawili zaporow\u0105 cen\u0119 100 tys. z\u0142 i napastnik musia\u0142 wr\u00f3ci\u0107 do IV ligi.<\/p>\n\n\n\n<p><strong>Kolejne oferty<\/strong><\/p>\n\n\n\n<p>W niej nadal strzela\u0142, jak na zawo\u0142anie. W meczu \u017bu\u0142awy Nowy Dw\u00f3r &#8211; Gryf 2009 Tczew zesp\u00f3\u0142 Mateusza Kuzimskiego wygra\u0142 6:0, a on zdoby\u0142 wszystkie bramki. Kibice Arki Gdynia postanowili wzi\u0105\u0107 sprawy w swoje r\u0119ce i zorganizowali zbi\u00f3rk\u0119 pieni\u0119dzy, dzi\u0119ki kt\u00f3rym mogliby wykupi\u0107 napastnika z tczewskiego klubu. Cho\u0107 uda\u0142o im si\u0119 zebra\u0107 ca\u0142kiem poka\u017an\u0105 kwot\u0119, to suma by\u0142a zbyt niska, by pi\u0142karz m\u00f3g\u0142 opu\u015bci\u0107 swoje rodzinne miasto. Temat przenosin do Arki Gdynia upad\u0142.<\/p>\n\n\n\n<p>Po kolejnych golach dla Gryfa o zawodnika pyta\u0142y nast\u0119pne kluby. Mateusz Kuzimski pojecha\u0142 na testy do Legii Warszawa, zabiega\u0142 o niego GKS Be\u0142chat\u00f3w. Ostatecznie, jesieni\u0105 2009 roku napastnik trafi\u0142 na wypo\u017cyczenie do II-ligowej Miedzi Legnica. Ta mia\u0142a jednak w kadrze wielu napastnik\u00f3w i wychowanek Unii Tczew by\u0142 ustawiany jako skrzyd\u0142owy. Na tej pozycji nie by\u0142 w stanie pokaza\u0107 swoich mo\u017cliwo\u015bci. Nie odnalaz\u0142 si\u0119 w zespole z Dolnego \u015al\u0105ska i zn\u00f3w musia\u0142 wr\u00f3ci\u0107 do Gryfa, kt\u00f3ry po awansie wyst\u0119powa\u0142 ju\u017c w III lidze.<\/p>\n\n\n\n<div class=\"wp-block-image\"><figure class=\"aligncenter size-large\"><img loading=\"lazy\" decoding=\"async\" width=\"1001\" height=\"667\" src=\"https:\/\/wartapoznan.pl\/wp-content\/uploads\/2020\/10\/20201019_ZIE_266-najskuteczniejsi_www.jpg\" alt=\"Podbeskidzie Bielsko-Bia\u0142a - Warta Pozna\u0144 1:2. Mateusz Kuzimski\" class=\"wp-image-11303\" srcset=\"https:\/\/wartapoznan.pl\/wp-content\/uploads\/2020\/10\/20201019_ZIE_266-najskuteczniejsi_www.jpg 1001w, https:\/\/wartapoznan.pl\/wp-content\/uploads\/2020\/10\/20201019_ZIE_266-najskuteczniejsi_www-300x200.jpg 300w, https:\/\/wartapoznan.pl\/wp-content\/uploads\/2020\/10\/20201019_ZIE_266-najskuteczniejsi_www-768x512.jpg 768w, https:\/\/wartapoznan.pl\/wp-content\/uploads\/2020\/10\/20201019_ZIE_266-najskuteczniejsi_www-128x85.jpg 128w, https:\/\/wartapoznan.pl\/wp-content\/uploads\/2020\/10\/20201019_ZIE_266-najskuteczniejsi_www-32x21.jpg 32w, https:\/\/wartapoznan.pl\/wp-content\/uploads\/2020\/10\/20201019_ZIE_266-najskuteczniejsi_www-356x237.jpg 356w, https:\/\/wartapoznan.pl\/wp-content\/uploads\/2020\/10\/20201019_ZIE_266-najskuteczniejsi_www-470x313.jpg 470w, https:\/\/wartapoznan.pl\/wp-content\/uploads\/2020\/10\/20201019_ZIE_266-najskuteczniejsi_www-70x47.jpg 70w, https:\/\/wartapoznan.pl\/wp-content\/uploads\/2020\/10\/20201019_ZIE_266-najskuteczniejsi_www-100x67.jpg 100w\" sizes=\"(max-width: 1001px) 100vw, 1001px\" \/><\/figure><\/div>\n\n\n\n<p><strong>Praca kolidowa\u0142a z pi\u0142k\u0105<\/strong><\/p>\n\n\n\n<p>Mateuszowi Kuzimskiemu nie wiod\u0142o si\u0119 ju\u017c tak dobrze, jak wcze\u015bniej. Trapi\u0142y go kontuzje i po niespe\u0142na roku od powrotu, po kolejnym urazie powiedzia\u0142: \u201edo\u015b\u0107\u201d. Rzuci\u0142 krajow\u0105 pi\u0142k\u0119 i wyjecha\u0142 do Anglii.<\/p>\n\n\n\n<p>Na Wyspach Brytyjskich sp\u0119dzi\u0142 p\u00f3\u0142tora roku. Zmieni\u0142 w swoim \u017cyciu prawie wszystko: otoczenie, j\u0119zyk, tryb \u017cycia i prac\u0119. Teraz zarabia\u0142 na \u017cycie, pakuj\u0105c warzywa w magazynie. Z futbolem nie zerwa\u0142 do ko\u0144ca. Nadal strzela\u0142 gole, tyle \u017ce w si\u00f3dmej lidze angielskiej, w barwach Cambridge City. Po roku trafi\u0142 do pobliskiego Histon FC, dla kt\u00f3rego zdoby\u0142 4 bramki w 22 spotkaniach. Futbol musia\u0142 jednak godzi\u0107 z innymi obowi\u0105zkami, co nie zawsze by\u0142o \u0142atwe. <em>\u2013 Na treningi musia\u0142em doje\u017cd\u017ca\u0107 oko\u0142o 40 minut, co cz\u0119sto kolidowa\u0142o z prac\u0105. Zdarza\u0142o si\u0119, \u017ce musia\u0142em pyta\u0107 prze\u0142o\u017conych czy mog\u0119 wyj\u015b\u0107 szybciej albo usi\u0142owa\u0142em w\u00f3wczas prze\u0142o\u017cy\u0107 zmian\u0119. Na pi\u0142ce co prawda zarabia\u0142em, ale nie na tyle, \u017ceby skupi\u0107 si\u0119 wy\u0142\u0105cznie na grze <\/em>\u2013 wspomina zawodnik.<\/p>\n\n\n\n<p><strong>Powr\u00f3t przez Ba\u0142tyk<\/strong><\/p>\n\n\n\n<p>Wr\u00f3ci\u0142 do kraju w 2015 roku. Zanim trafi\u0142 do Warty Pozna\u0144, reprezentowa\u0142 barwy czterech klub\u00f3w: III-ligowego Ba\u0142tyku Gdynia, II-ligowego Gryfu Wejherowo, I-ligowej Bytovii Byt\u00f3w oraz I-ligowej Chojniczanki Chojnice. W ka\u017cdym z nich mocno zaznaczy\u0142 swoj\u0105 obecno\u015b\u0107. <em>\u2013 Decyzja o powrocie nie by\u0142a prosta, lecz przyczyni\u0142a si\u0119 do niej oferta Ba\u0142tyku Gdynia. I nie mowa tu o zarobkach, tylko o projekcie, jaki mia\u0142 by\u0107 realizowany. Postanowi\u0142em wr\u00f3ci\u0107, bo czu\u0142em, \u017ce mog\u0119 na dobre po\u015bwi\u0119ci\u0107 si\u0119 pi\u0142ce no\u017cnej<\/em> \u2013 t\u0142umaczy Mateusz Kuzimski. Pobyt w Gdyni okaza\u0142 si\u0119 wa\u017cny dla zawodnika z jeszcze jednego powodu. Pozna\u0142 tam trenera Sebastiana Letniowskiego, kt\u00f3ry mia\u0142 du\u017cy wk\u0142ad w rozw\u00f3j pi\u0142karza. \u2013<em> Od ka\u017cdego trenera, kt\u00f3rego spotka\u0142em, bardzo du\u017co wyci\u0105gn\u0105\u0142em. Trener Letniowski jednak najbardziej na mnie wp\u0142yn\u0105\u0142, zacz\u0105\u0142em bra\u0107 pod uwag\u0119 r\u00f3wnie\u017c pozycj\u0119 skrzyd\u0142owego, z kt\u00f3r\u0105 wcze\u015bniej nie umia\u0142em si\u0119 pogodzi\u0107. Dzi\u0119ki niemu wszystko zacz\u0119\u0142o i\u015b\u0107 w dobrym kierunku <\/em>\u2013 uwa\u017ca napastnik.<\/p>\n\n\n\n<p>I tak faktycznie si\u0119 sta\u0142o. W Ba\u0142tyku mia\u0142 seri\u0119 10 mecz\u00f3w z co najmniej jedn\u0105 zdobyt\u0105 bramk\u0105 (w sumie strzeli\u0142 w tych meczach 12 goli), w Chojnicach z kolei wywalczy\u0142 tytu\u0142 wicekr\u00f3la strzelc\u00f3w I-ligi (z 15 trafieniami na koncie). Kr\u00f3tko potem do\u0142\u0105czy\u0142 do \u201eZielonych\u201d.<\/p>\n\n\n\n<p>Pi\u0142karzem Warty Pozna\u0144 Mateusz Kuzimski zosta\u0142 oficjalnie 13 sierpnia 2020 roku. Po latach stara\u0144 wreszcie trafi\u0142 do Ekstraklasy. \u2013 <em>Powiem otwarcie: w pewien spos\u00f3b liczy\u0142em na to od dziecka<\/em> \u2013 m\u00f3wi pi\u0142karz. \u2013&nbsp; <em>Nie s\u0105dzi\u0142em jednak, \u017ce moja droga do Ekstraklasy b\u0119dzie tak d\u0142uga i przydarzy mi si\u0119 tyle r\u00f3\u017cnych historii. Nawet w ostatnich latach: walczy\u0142em ze swoimi dru\u017cynami o utrzymanie si\u0119 w I lidze, a teraz jestem w beniaminku Ekstraklasy <\/em>\u2013 dodaje.<\/p>\n\n\n\n<p><strong>Aklimatyzacja w Warcie Pozna\u0144<\/strong><\/p>\n\n\n\n<p>Perspektywa gry w najwy\u017cszej lidze nie by\u0142a jedynym czynnikiem, kt\u00f3ry zdecydowa\u0142 o tym, \u017ce Mateusz Kuzimski wybra\u0142 Wart\u0119 Pozna\u0144. &#8211; <em>Warta by\u0142a najbardziej konkretna w rozmowach, ale dla mnie wa\u017cne by\u0142o te\u017c to, \u017ce trener Piotr Tworek chcia\u0142 mie\u0107 mnie w swojej dru\u017cynie. Naciska\u0142 na to, \u017cebym do\u0142\u0105czy\u0142 do jego zespo\u0142u. To by\u0142o bardzo znacz\u0105ce w podj\u0119ciu decyzji<\/em>.<\/p>\n\n\n\n<p>W po\u0142owie sierpnia Warta Pozna\u0144 by\u0142a dwa tygodnie po wywalczeniu awansu do Ekstraklasy. Ju\u017c w pierwszych dniach zgrupowania w Grodzisku Wielkopolskim Mateusz Kuzimski z\u0142apa\u0142 dobry kontakt z kolegami z zespo\u0142u &#8211; zar\u00f3wno na boisku, jak i poza nim. Wkomponowa\u0142 si\u0119 do \u201eSwojskiej bandy\u201d na tyle dobrze, \u017ce a\u017c trudno by\u0142o uwierzy\u0107, \u017ce jest w niej nowy. \u2013 <em>Nie mam wielkich problem\u00f3w z zaaklimatyzowaniem. Dobra atmosfera w dru\u017cynie i to, \u017ce jest tutaj kolektyw, by\u0142o wida\u0107 od samego pocz\u0105tku. Wybiegaj\u0105c do przodu, takie rzeczy s\u0105 niezb\u0119dne do tego, \u017ceby\u015bmy osi\u0105gn\u0119li jak najlepszy wynik<\/em> \u2013 przekonuje zawodnik.<\/p>\n\n\n\n<div class=\"wp-block-image\"><figure class=\"aligncenter size-large\"><img loading=\"lazy\" decoding=\"async\" width=\"1001\" height=\"667\" src=\"https:\/\/wartapoznan.pl\/wp-content\/uploads\/2020\/11\/GJ211120_092-www.jpg\" alt=\"Warta Pozna\u0144 - Wis\u0142a Krak\u00f3w 2:1\" class=\"wp-image-11623\" srcset=\"https:\/\/wartapoznan.pl\/wp-content\/uploads\/2020\/11\/GJ211120_092-www.jpg 1001w, https:\/\/wartapoznan.pl\/wp-content\/uploads\/2020\/11\/GJ211120_092-www-300x200.jpg 300w, https:\/\/wartapoznan.pl\/wp-content\/uploads\/2020\/11\/GJ211120_092-www-768x512.jpg 768w, https:\/\/wartapoznan.pl\/wp-content\/uploads\/2020\/11\/GJ211120_092-www-128x85.jpg 128w, https:\/\/wartapoznan.pl\/wp-content\/uploads\/2020\/11\/GJ211120_092-www-32x21.jpg 32w, https:\/\/wartapoznan.pl\/wp-content\/uploads\/2020\/11\/GJ211120_092-www-356x237.jpg 356w, https:\/\/wartapoznan.pl\/wp-content\/uploads\/2020\/11\/GJ211120_092-www-470x313.jpg 470w, https:\/\/wartapoznan.pl\/wp-content\/uploads\/2020\/11\/GJ211120_092-www-70x47.jpg 70w, https:\/\/wartapoznan.pl\/wp-content\/uploads\/2020\/11\/GJ211120_092-www-100x67.jpg 100w\" sizes=\"(max-width: 1001px) 100vw, 1001px\" \/><\/figure><\/div>\n\n\n\n<p><strong>Operacja: Ekstraklasa<\/strong><\/p>\n\n\n\n<p>Wej\u015bcie do dru\u017cyny Mateusz Kuzimski mia\u0142 bardzo dobre. W debiutanckim wyst\u0119pie strzeli\u0142 gola i pom\u00f3g\u0142 \u201eZielonym\u201d odrobi\u0107 straty w meczu z B\u0142\u0119kitnymi Stargard. Warta Pozna\u0144 zremisowa\u0142a 3:3 i awansowa\u0142a w Pucharze Polski po rzutach karnych.<\/p>\n\n\n\n<p>P\u00f3\u017aniej zacz\u0119\u0142y si\u0119 schody. Po sze\u015bciu meczach w Ekstraklasie dorobek bramkowy Mateusza Kuzimskiego by\u0142 zerowy. Zacz\u0119\u0142y pojawia\u0107 si\u0119 nawet g\u0142osy, \u017ce to ju\u017c za wysokie progi dla tego pi\u0142karza. &#8211; <em>Wiadomo, \u017ce jak napastnik nie strzela, to mo\u017ce si\u0119 wkra\u015b\u0107 cie\u0144 zw\u0105tpienia, ale nie pozwoli\u0142em na to. D\u0105\u017cy\u0142em z ca\u0142ych si\u0142 do tego, \u017ceby w ko\u0144cu si\u0119 prze\u0142ama\u0107 i zdoby\u0107 bramk\u0119<\/em> <em>w lidze<\/em> \u2013 m\u00f3wi napastnik Warty Pozna\u0144.<\/p>\n\n\n\n<p>Te starania w ko\u0144cu przynios\u0142y efekt. W si\u00f3dmej kolejce, w ci\u0119\u017ckim, wyjazdowym meczu z Podbeskidziem Bielsko-Bia\u0142a Mateusz Kuzimski wreszcie pos\u0142a\u0142 pi\u0142k\u0119 do siatki, a \u201eZieloni\u201d pokonali beniaminka 2:1. &#8211; <em>By\u0142em bardzo szcz\u0119\u015bliwy. Tak naprawd\u0119 nie spos\u00f3b to opisa\u0107. Wewn\u0119trznie cz\u0142owiek czuje rado\u015b\u0107. Wiadomo jak si\u0119 p\u00f3\u017aniej okaza\u0142o, \u017ce wygrali\u015bmy to ta rado\u015b\u0107 by\u0142a podw\u00f3jna, je\u015bli nie potr\u00f3jna <\/em>\u2013 wspomina pi\u0142karz.<\/p>\n\n\n\n<p>Tu\u017c przed drug\u0105 w sezonie przerw\u0105 na mecze reprezentacji, Mateusz Kuzimski zapewni\u0142 Warcie Pozna\u0144 wygran\u0105 na boisku Stali Mielec, innego zespo\u0142u, kt\u00f3ry latem awansowa\u0142 do Ekstraklasy. Tam poznaniacy przez ponad godzin\u0119 grali w os\u0142abieniu, a jednak wydarli 3 punkty po wygranej 1:0. Po tym wyst\u0119pie 29-latek ma ju\u017c na koncie wi\u0119cej goli dla Warty Pozna\u0144, bo do trafie\u0144 w Stargardzie, Bielsku-Bia\u0142ej i Mielcu do\u0142o\u017cy\u0142 jeszcze dwie kluczowe bramki w pucharowym meczu z Soko\u0142em Ostr\u00f3da, kt\u00f3re zapewni\u0142y \u201eZielonym\u201d awans do kolejnej rundy. Nie da si\u0119 ukry\u0107, \u017ce bramki napastnika maj\u0105 szczeg\u00f3ln\u0105 wag\u0119 i cz\u0119sto decyduj\u0105 o losach meczu. W pojedynku z Wis\u0142\u0105 Krak\u00f3w Mateusz Kuzimski ponownie strzeli\u0142 gola, kt\u00f3ry da\u0142 Warcie Pozna\u0144 ligowe zwyci\u0119stwo \u2013 pierwsze w roli gospodarza w Ekstraklasie od ponad 25 lat! Napastnik po raz ostatni trafi\u0142 do siatki w meczu z Jagielloni\u0105 Bia\u0142ystok i jak dot\u0105d odnotowa\u0142 \u0142\u0105cznie siedem goli i dwie asysty w barwach &#8222;Zielonych&#8221;, co czyni go liderem klasyfikacji kanadyjskiej w zespole.<\/p>\n\n\n\n<p><strong>Up\u00f3r najwa\u017cniejszy<\/strong><\/p>\n\n\n\n<p>Historia Mateusza Kuzimskiego pokazuje, \u017ce \u2013 mimo wielu przeciwno\u015bci \u2013 warto walczy\u0107 o swoje marzenia, nawet wtedy, gdy pojawiaj\u0105 si\u0119 chwile zw\u0105tpienia. &#8211; <em>Mo\u017ce mog\u0142em kiedy\u015b podj\u0105\u0107 inne decyzje, ale nie \u017ca\u0142uj\u0119 niczego, co przeszed\u0142em w swojej, nazwijmy to, karierze pi\u0142karskiej<\/em> \u2013 m\u00f3wi zawodnik. Droga do Ekstraklasy by\u0142a d\u0142uga, jednak przynios\u0142a cenne do\u015bwiadczenie. <em>\u2013 Przez te wszystkie lata widzia\u0142em u innych determinacj\u0119, z jak\u0105 pr\u00f3bowali d\u0105\u017cy\u0107 do w\u0142asnych cel\u00f3w. I udawa\u0142o im si\u0119 to. Ten up\u00f3r to najwa\u017cniejsza rzecz, jak\u0105 wynios\u0142em z grania w ni\u017cszych ligach i w\u0142a\u015bnie dzi\u0119ki temu tu jestem <\/em>\u2013 ko\u0144czy pi\u0142karz.<\/p>\n","protected":false},"excerpt":{"rendered":"<p>Pakowanie warzyw w Wielkiej Brytanii zamieni\u0142 na \u0142adowanie pi\u0142ek do bramek w barwach Warty Pozna\u0144. Poznajcie losy napastnika \u201eZielonych\u201d, kt\u00f3ry&#8230;<\/p>\n","protected":false},"author":36,"featured_media":11901,"comment_status":"closed","ping_status":"closed","sticky":false,"template":"","format":"standard","meta":{"om_disable_all_campaigns":false,"inline_featured_image":false,"footnotes":"","_links_to":"","_links_to_target":""},"categories":[259],"tags":[],"aioseo_notices":[],"_links":{"self":[{"href":"https:\/\/wartapoznan.pl\/index.php\/wp-json\/wp\/v2\/posts\/11803"}],"collection":[{"href":"https:\/\/wartapoznan.pl\/index.php\/wp-json\/wp\/v2\/posts"}],"about":[{"href":"https:\/\/wartapoznan.pl\/index.php\/wp-json\/wp\/v2\/types\/post"}],"author":[{"embeddable":true,"href":"https:\/\/wartapoznan.pl\/index.php\/wp-json\/wp\/v2\/users\/36"}],"replies":[{"embeddable":true,"href":"https:\/\/wartapoznan.pl\/index.php\/wp-json\/wp\/v2\/comments?post=11803"}],"version-history":[{"count":2,"href":"https:\/\/wartapoznan.pl\/index.php\/wp-json\/wp\/v2\/posts\/11803\/revisions"}],"predecessor-version":[{"id":11951,"href":"https:\/\/wartapoznan.pl\/index.php\/wp-json\/wp\/v2\/posts\/11803\/revisions\/11951"}],"wp:featuredmedia":[{"embeddable":true,"href":"https:\/\/wartapoznan.pl\/index.php\/wp-json\/wp\/v2\/media\/11901"}],"wp:attachment":[{"href":"https:\/\/wartapoznan.pl\/index.php\/wp-json\/wp\/v2\/media?parent=11803"}],"wp:term":[{"taxonomy":"category","embeddable":true,"href":"https:\/\/wartapoznan.pl\/index.php\/wp-json\/wp\/v2\/categories?post=11803"},{"taxonomy":"post_tag","embeddable":true,"href":"https:\/\/wartapoznan.pl\/index.php\/wp-json\/wp\/v2\/tags?post=11803"}],"curies":[{"name":"wp","href":"https:\/\/api.w.org\/{rel}","templated":true}]}}