{"id":11960,"date":"2021-01-05T09:25:54","date_gmt":"2021-01-05T08:25:54","guid":{"rendered":"https:\/\/wartapoznan.pl\/?p=11960"},"modified":"2021-01-05T09:26:34","modified_gmt":"2021-01-05T08:26:34","slug":"amp-futbolisci-warty-poznan-w-reprezentacji-polski","status":"publish","type":"post","link":"https:\/\/wartapoznan.pl\/index.php\/2021\/01\/05\/amp-futbolisci-warty-poznan-w-reprezentacji-polski\/","title":{"rendered":"Amp futboli\u015bci Warty Pozna\u0144 w reprezentacji Polski"},"content":{"rendered":"<p><strong>Trzej zawodnicy Warty Pozna\u0144 \u2013 Kacper Ha\u0142a, Przemys\u0142aw Fajtanowski i Przemys\u0142aw Nadobny \u2013 znale\u017ali si\u0119 w sk\u0142adzie reprezentacji Polski na zgrupowanie kadry, kt\u00f3re odb\u0119dzie si\u0119 w najbli\u017cszy weekend w Warszawie.<\/strong><\/p>\n<p>To kolejne powo\u0142anie dla tej tr\u00f3jki graczy \u201eZielonych\u201d od selekcjonera Marka Dragosza. W ostatni weekend przed Bo\u017cym Narodzeniem Kacper Ha\u0142a, Przemys\u0142aw Fajtanowski i Przemys\u0142aw Nadobny r\u00f3wnie\u017c trenowali w gronie najlepszych amp futbolowych zawodnik\u00f3w w kraju.<\/p>\n<p>Najwa\u017cniejsz\u0105 w tym roku imprez\u0105 dla \u201eBia\u0142o-czerwonych\u201d b\u0119d\u0105 mistrzostwa Europy, kt\u00f3re s\u0105 zaplanowane na 12-19 wrze\u015bnia. Gospodarzem turnieju b\u0119dzie Krak\u00f3w.<\/p>\n<h5>Kadra Polski amp futbolu na zgrupowanie w Warszawie (8-10 stycznia)<\/h5>\n<p><strong>BRAMKARZE:<\/strong> \u0141ukasz Mi\u015bkiewicz (TSP Kuloodporni), Mateusz Kowalczyk (Widzew \u0141\u00f3d\u017a), <strong>Przemys\u0142aw Nadobny (Warta Pozna\u0144)<\/strong>, Jakub Pop\u0142awski (Legia Warszawa), Igor Wo\u017aniak (Wis\u0142a Krak\u00f3w). <strong>ZAWODNICY Z POLA: <\/strong>Mariusz Adamczyk (Wis\u0142a Krak\u00f3w), Dawid Dobkowski (TSP Kuloodporni), Kamil Grygiel (Wis\u0142a Krak\u00f3w), Marcin Guszkiewicz (Wis\u0142a Krak\u00f3w), <strong>Przemys\u0142aw Fajtanowski (Warta Pozna\u0144), <\/strong>Krystian Kap\u0142on (Wis\u0142a Krak\u00f3w), Jakub Ko\u017cuch (Legia Warszawa), Bartosz \u0141astowski (Legia Warszawa), Piotr Mizera (TSP Kuloodporni), Adrian Stanecki (Legia Warszawa), Mateusz \u015alusarczyk (Wis\u0142a Krak\u00f3w), Przemys\u0142aw \u015awiercz (Wis\u0142a Krak\u00f3w), Krzysztof Wrona (TSP Kuloodporni), Kamil Rosiek (Wis\u0142a Krak\u00f3w), <strong>Kacper Ha\u0142a (Warta Pozna\u0144)<\/strong>, Jacek Konieczny (TSP Kuloodporni), Tomasz Mi\u015b (TSP Kuloodporni).<\/p>\n<hr \/>\n<p><a href=\"https:\/\/www.siepomaga.pl\/warta-poznan\" target=\"_blank\" rel=\"noopener noreferrer\">Wesprzyj zbi\u00f3rk\u0119 pieni\u0119dzy na rzecz dru\u017cyny amp futbolu Warty Pozna\u0144 na siepomaga.pl<\/a><\/p>\n<p><small>Fot. Piotr Kucza<\/small><\/p>\n","protected":false},"excerpt":{"rendered":"<p>Trzej zawodnicy Warty Pozna\u0144 \u2013 Kacper Ha\u0142a, Przemys\u0142aw Fajtanowski i Przemys\u0142aw Nadobny \u2013 znale\u017ali si\u0119 w sk\u0142adzie reprezentacji Polski na&#8230;<\/p>\n","protected":false},"author":36,"featured_media":11963,"comment_status":"closed","ping_status":"closed","sticky":false,"template":"","format":"standard","meta":{"om_disable_all_campaigns":false,"inline_featured_image":false,"footnotes":"","_links_to":"","_links_to_target":""},"categories":[94,184,1],"tags":[],"aioseo_notices":[],"_links":{"self":[{"href":"https:\/\/wartapoznan.pl\/index.php\/wp-json\/wp\/v2\/posts\/11960"}],"collection":[{"href":"https:\/\/wartapoznan.pl\/index.php\/wp-json\/wp\/v2\/posts"}],"about":[{"href":"https:\/\/wartapoznan.pl\/index.php\/wp-json\/wp\/v2\/types\/post"}],"author":[{"embeddable":true,"href":"https:\/\/wartapoznan.pl\/index.php\/wp-json\/wp\/v2\/users\/36"}],"replies":[{"embeddable":true,"href":"https:\/\/wartapoznan.pl\/index.php\/wp-json\/wp\/v2\/comments?post=11960"}],"version-history":[{"count":1,"href":"https:\/\/wartapoznan.pl\/index.php\/wp-json\/wp\/v2\/posts\/11960\/revisions"}],"predecessor-version":[{"id":11962,"href":"https:\/\/wartapoznan.pl\/index.php\/wp-json\/wp\/v2\/posts\/11960\/revisions\/11962"}],"wp:featuredmedia":[{"embeddable":true,"href":"https:\/\/wartapoznan.pl\/index.php\/wp-json\/wp\/v2\/media\/11963"}],"wp:attachment":[{"href":"https:\/\/wartapoznan.pl\/index.php\/wp-json\/wp\/v2\/media?parent=11960"}],"wp:term":[{"taxonomy":"category","embeddable":true,"href":"https:\/\/wartapoznan.pl\/index.php\/wp-json\/wp\/v2\/categories?post=11960"},{"taxonomy":"post_tag","embeddable":true,"href":"https:\/\/wartapoznan.pl\/index.php\/wp-json\/wp\/v2\/tags?post=11960"}],"curies":[{"name":"wp","href":"https:\/\/api.w.org\/{rel}","templated":true}]}}