{"id":11970,"date":"2021-01-18T14:22:55","date_gmt":"2021-01-18T13:22:55","guid":{"rendered":"https:\/\/wartapoznan.pl\/?p=11970"},"modified":"2021-01-18T14:22:59","modified_gmt":"2021-01-18T13:22:59","slug":"firma-varta-partnerem-warty-poznan","status":"publish","type":"post","link":"https:\/\/wartapoznan.pl\/index.php\/2021\/01\/18\/firma-varta-partnerem-warty-poznan\/","title":{"rendered":"Firma VARTA partnerem Warty Pozna\u0144"},"content":{"rendered":"<p><strong>Mi\u0142o nam poinformowa\u0107, \u017ce firma VARTA Consumer Batteries Poland, ekspert w zakresie przeno\u015bnych \u017ar\u00f3de\u0142 energii, zosta\u0142a Partnerem Projekt\u00f3w Spo\u0142ecznych Warty Pozna\u0144. Podpisana w\u0142a\u015bnie umowa obowi\u0105zuje do ko\u0144ca czerwca 2021 roku. Witamy w Zielonej Rodzinie!<\/strong><\/p>\n<p>&#8211; <em>Bardzo cieszymy si\u0119 z rozpocz\u0119cia wsp\u00f3\u0142pracy z Warta Pozna\u0144 jako Partner Projekt\u00f3w Spo\u0142ecznych. Nasze has\u0142o \u201eZ VARTA Warto\u201d w tym przypadku podwaja swoj\u0105 moc. Jako jeden z wiod\u0105cych, \u015bwiatowych ekspert\u00f3w w dziedzinie mobilnej energii uwa\u017camy, \u017ce naszym obowi\u0105zkiem jest prowadzenie dzia\u0142a\u0144 z zakresu odpowiedzialno\u015bci spo\u0142ecznej! Programy Spo\u0142eczne Warta Pozna\u0144, kt\u00f3rym b\u0119dziemy partnerowa\u0107, doskonale wpisuj\u0105 si\u0119 w ten cel i daj\u0105 nadziej\u0119 na wspania\u0142\u0105 przysz\u0142o\u015b\u0107 polskiej pi\u0142ki oraz zdrowia Polek i Polak\u00f3w poprzez promowanie zdrowego trybu \u017cycia<\/em> \u2013 m\u00f3wi Mateusz Orkisz, Managing Director VARTA Consumer Batteries Poland.<\/p>\n<p>Warta Pozna\u0144 w swoim \u201ePlanie Rozwoju 2020-23\u201d stawia na inicjatywy zaanga\u017cowane spo\u0142ecznie, m.in. aktywizacj\u0119 senior\u00f3w, promowanie zdrowych nawyk\u00f3w w codziennym \u017cyciu, walk\u0119 z wykluczeniami, wspieranie os\u00f3b z niepe\u0142nosprawno\u015bciami, dbanie o \u015brodowisko naturalne. Jeste\u015bmy szcz\u0119\u015bliwi, \u017ce uda\u0142o nam si\u0119 pozyska\u0107 tak renomowanego partnera do realizowania tego typu projekt\u00f3w.<\/p>\n<p>Grupa VARTA AG, w sk\u0142ad kt\u00f3rej wchodzi VARTA Consumer Batteries Poland, wytwarza i prowadzi sprzeda\u017c szerokiego portfolio bateryjnego, na kt\u00f3re sk\u0142adaj\u0105 si\u0119: mikro ogniwa, ogniwa konsumenckie, systemy magazynowania energii oraz rozwi\u0105zania o szerokim spektrum zastosowania, dopasowane do potrzeb klienta. B\u0119d\u0105c liderem technologicznym, VARTA AG ustanawia standardy bran\u017cowe w kluczowych dziedzinach.<\/p>\n<p>Obecnie Grupa VARTA AG zatrudnia prawie 4 tysi\u0105ce pracownik\u00f3w. \u0141\u0105cznie z pi\u0119cioma zak\u0142adami produkcyjnymi i wytw\u00f3rczymi w Europie i Azji oraz centrami dystrybucyjnymi w Azji, Europie i Stanach Zjednoczonych, oddzia\u0142y operacyjne VARTA AG dzia\u0142aj\u0105 obecnie w ponad 75 krajach na ca\u0142ym \u015bwiecie.<\/p>\n<p>Nazwa firmy VARTA jest kojarzona z has\u0142em \u201eMade in Germany\u201d, a wi\u0119c oznacza r\u00f3wnie\u017c jako\u015b\u0107 i do\u015bwiadczenie, kt\u00f3re s\u0105 cenione na ca\u0142ym \u015bwiecie od ponad 130 lat. Niezale\u017cnie od tego, czy s\u0105 to baterie konsumenckie, akumulatorki, \u0142adowarki czy power banki \u2013 te produkty ciesz\u0105 si\u0119 ogromn\u0105 popularno\u015bci\u0105 w\u015br\u00f3d konsument\u00f3w.<\/p>\n","protected":false},"excerpt":{"rendered":"<p>Mi\u0142o nam poinformowa\u0107, \u017ce firma VARTA Consumer Batteries Poland, ekspert w zakresie przeno\u015bnych \u017ar\u00f3de\u0142 energii, zosta\u0142a Partnerem Projekt\u00f3w Spo\u0142ecznych Warty&#8230;<\/p>\n","protected":false},"author":36,"featured_media":12076,"comment_status":"closed","ping_status":"closed","sticky":false,"template":"","format":"standard","meta":{"om_disable_all_campaigns":false,"inline_featured_image":false,"footnotes":"","_links_to":"","_links_to_target":""},"categories":[94,253,103,1],"tags":[],"aioseo_notices":[],"_links":{"self":[{"href":"https:\/\/wartapoznan.pl\/index.php\/wp-json\/wp\/v2\/posts\/11970"}],"collection":[{"href":"https:\/\/wartapoznan.pl\/index.php\/wp-json\/wp\/v2\/posts"}],"about":[{"href":"https:\/\/wartapoznan.pl\/index.php\/wp-json\/wp\/v2\/types\/post"}],"author":[{"embeddable":true,"href":"https:\/\/wartapoznan.pl\/index.php\/wp-json\/wp\/v2\/users\/36"}],"replies":[{"embeddable":true,"href":"https:\/\/wartapoznan.pl\/index.php\/wp-json\/wp\/v2\/comments?post=11970"}],"version-history":[{"count":3,"href":"https:\/\/wartapoznan.pl\/index.php\/wp-json\/wp\/v2\/posts\/11970\/revisions"}],"predecessor-version":[{"id":12077,"href":"https:\/\/wartapoznan.pl\/index.php\/wp-json\/wp\/v2\/posts\/11970\/revisions\/12077"}],"wp:featuredmedia":[{"embeddable":true,"href":"https:\/\/wartapoznan.pl\/index.php\/wp-json\/wp\/v2\/media\/12076"}],"wp:attachment":[{"href":"https:\/\/wartapoznan.pl\/index.php\/wp-json\/wp\/v2\/media?parent=11970"}],"wp:term":[{"taxonomy":"category","embeddable":true,"href":"https:\/\/wartapoznan.pl\/index.php\/wp-json\/wp\/v2\/categories?post=11970"},{"taxonomy":"post_tag","embeddable":true,"href":"https:\/\/wartapoznan.pl\/index.php\/wp-json\/wp\/v2\/tags?post=11970"}],"curies":[{"name":"wp","href":"https:\/\/api.w.org\/{rel}","templated":true}]}}