{"id":12071,"date":"2021-01-15T20:04:18","date_gmt":"2021-01-15T19:04:18","guid":{"rendered":"https:\/\/wartapoznan.pl\/?p=12071"},"modified":"2021-01-15T18:05:00","modified_gmt":"2021-01-15T17:05:00","slug":"trener-piotr-tworek-po-sparingu-z-pogonia-szczecin-zrobilismy-to-co-sobie-zakladalismy","status":"publish","type":"post","link":"https:\/\/wartapoznan.pl\/index.php\/2021\/01\/15\/trener-piotr-tworek-po-sparingu-z-pogonia-szczecin-zrobilismy-to-co-sobie-zakladalismy\/","title":{"rendered":"Trener Piotr Tworek po sparingu z Pogoni\u0105 Szczecin: Zrobili\u015bmy to, co sobie zak\u0142adali\u015bmy"},"content":{"rendered":"<p><strong>Pi\u0142karze Warty Pozna\u0144 wygrali sw\u00f3j pierwszy w pojedynek kontrolny w 2021 roku. Beniaminek PKO Ekstraklasy pokona\u0142 2:0 trzeci zesp\u00f3\u0142 ligi, Pogo\u0144 Szczecin. Oto, jak ten mecz podsumowa\u0142 trener pozna\u0144skiego zespo\u0142u, Piotr Tworek.<\/strong><\/p>\n<p><em>&#8211; Zrobili\u015bmy to, co sobie zak\u0142adali\u015bmy: chcieli\u015bmy dobrze rozpocz\u0105\u0107 rok sparingowo i w dobrych nastrojach zako\u0144czy\u0107 dwutygodniowy okres przygotowa\u0144, kt\u00f3ry jest ju\u017c za nami. Cieszy wynik, ale w grze du\u017co jest jeszcze do poprawy. W drugiej tercji przez kilka minut nie byli\u015bmy przy pi\u0142ce, nie mogli\u015bmy jej odebra\u0107 Pogoni. To martwi. Natomiast ju\u017c p\u00f3\u017aniej, z biegiem czasu wr\u00f3cili\u015bmy do rytmu. Druga i trzecia tercja og\u00f3lnie fajne. Zacz\u0119\u0142a si\u0119 dynamiczna gra z naszej strony. \u017ba\u0142ujemy, \u017ce to nie liga. Martwi mnie sytuacj\u0105 z Kub\u0105 Kuzdr\u0105, kt\u00f3ry opu\u015bci\u0142 boisko w pierwszej cz\u0119\u015bci gry z powodu urazu mi\u0119\u015bniowego. To mo\u017ce by\u0107 absencja na d\u0142u\u017cszy czas.<\/em><\/p>\n<p><em>&#8211; Chcia\u0142em od pocz\u0105tku meczu zobaczy\u0107 dwie nowe twarze, czyli Ma\u0107ka \u017burawskiego i Makan\u0119 Baku. Rzuci\u0107 ich na g\u0142\u0119bok\u0105 wod\u0119 od pierwszej minuty, w nowym zespole, w nowym otoczeniu \u017ceby zobaczy\u0107 jak radz\u0105 sobie z t\u0105 presj\u0105 czy stresem zwi\u0105zanym z wyst\u0119pem od pocz\u0105tku. Bo \u0142atwiej wchodzi si\u0119 z \u0142awki, gdy najpierw obserwuje si\u0119 mecz z boku. Dlatego Maciek i Makana zagrali od razu, z marszu, a na ocen\u0119 ich wyst\u0119pu jeszcze przyjdzie czas. B\u0119dziemy ich gr\u0119 jeszcze analizowali na spokojnie, ale my\u015bl\u0119, \u017ce obaj zagrali poprawnie.<\/em><\/p>\n<p><em>&#8211; Okazj\u0119 do pokazania si\u0119 mia\u0142 te\u017c Bartek Burman, boczny obro\u0144ca, m\u0142odzie\u017cowiec. To by\u0142 bardzo dobry wyst\u0119p. My\u015bl\u0119, \u017ce zaskoczy\u0142 nas wszystkich. Ju\u017c w treningu prezentowa\u0142 si\u0119 bardzo dobrze, ale dzisiaj w warunkach sparingowych z wymagaj\u0105cym przecie\u017c rywalem zagra\u0142 bezb\u0142\u0119dnie.<\/em><\/p>\n","protected":false},"excerpt":{"rendered":"<p>Pi\u0142karze Warty Pozna\u0144 wygrali sw\u00f3j pierwszy w pojedynek kontrolny w 2021 roku. Beniaminek PKO Ekstraklasy pokona\u0142 2:0 trzeci zesp\u00f3\u0142 ligi,&#8230;<\/p>\n","protected":false},"author":36,"featured_media":12073,"comment_status":"closed","ping_status":"closed","sticky":false,"template":"","format":"standard","meta":{"om_disable_all_campaigns":false,"inline_featured_image":false,"footnotes":"","_links_to":"","_links_to_target":""},"categories":[94,100,102,1],"tags":[],"aioseo_notices":[],"_links":{"self":[{"href":"https:\/\/wartapoznan.pl\/index.php\/wp-json\/wp\/v2\/posts\/12071"}],"collection":[{"href":"https:\/\/wartapoznan.pl\/index.php\/wp-json\/wp\/v2\/posts"}],"about":[{"href":"https:\/\/wartapoznan.pl\/index.php\/wp-json\/wp\/v2\/types\/post"}],"author":[{"embeddable":true,"href":"https:\/\/wartapoznan.pl\/index.php\/wp-json\/wp\/v2\/users\/36"}],"replies":[{"embeddable":true,"href":"https:\/\/wartapoznan.pl\/index.php\/wp-json\/wp\/v2\/comments?post=12071"}],"version-history":[{"count":1,"href":"https:\/\/wartapoznan.pl\/index.php\/wp-json\/wp\/v2\/posts\/12071\/revisions"}],"predecessor-version":[{"id":12072,"href":"https:\/\/wartapoznan.pl\/index.php\/wp-json\/wp\/v2\/posts\/12071\/revisions\/12072"}],"wp:featuredmedia":[{"embeddable":true,"href":"https:\/\/wartapoznan.pl\/index.php\/wp-json\/wp\/v2\/media\/12073"}],"wp:attachment":[{"href":"https:\/\/wartapoznan.pl\/index.php\/wp-json\/wp\/v2\/media?parent=12071"}],"wp:term":[{"taxonomy":"category","embeddable":true,"href":"https:\/\/wartapoznan.pl\/index.php\/wp-json\/wp\/v2\/categories?post=12071"},{"taxonomy":"post_tag","embeddable":true,"href":"https:\/\/wartapoznan.pl\/index.php\/wp-json\/wp\/v2\/tags?post=12071"}],"curies":[{"name":"wp","href":"https:\/\/api.w.org\/{rel}","templated":true}]}}