{"id":12582,"date":"2021-02-23T18:33:00","date_gmt":"2021-02-23T17:33:00","guid":{"rendered":"https:\/\/wartapoznan.pl\/?p=12582"},"modified":"2021-02-23T13:47:40","modified_gmt":"2021-02-23T12:47:40","slug":"ekstraklasa-swietuje-100-rocznice-urodzin-kazimierza-gorskiego","status":"publish","type":"post","link":"https:\/\/wartapoznan.pl\/index.php\/2021\/02\/23\/ekstraklasa-swietuje-100-rocznice-urodzin-kazimierza-gorskiego\/","title":{"rendered":"Ekstraklasa \u015bwi\u0119tuje 100. rocznic\u0119 urodzin Kazimierza G\u00f3rskiego"},"content":{"rendered":"\n<p><em><strong>19. kolejka PKO Bank Polski Ekstraklasy dedykowana jest legendarnemu trenerowi stulecia \u2013 Kazimierzowi G\u00f3rskiemu. Najwybitniejszy szkoleniowiec w historii polskiego futbolu urodzi\u0142 si\u0119 2 marca 1921 roku i cho\u0107 kojarzony jest g\u0142\u00f3wnie z reprezentacj\u0105, to tak\u017ce z polsk\u0105 lig\u0105 zwi\u0105zany by\u0142 jako pi\u0142karz i trener.<\/strong><\/em><\/p>\n\n\n\n<p>Obchody rocznicy organizowane s\u0105 wsp\u00f3lnie z Fundacj\u0105 Kazimierza G\u00f3rskiego. W ramach kolejki, kt\u00f3ra potrwa od pi\u0105tku 26 lutego do niedzieli 28 lutego, wszyscy pi\u0142karze wychodzi\u0107 b\u0119d\u0105 na przedmeczowe rozgrzewki w koszulkach okoliczno\u015bciowych. W transmisjach z mecz\u00f3w pojawi\u0105 si\u0119 dedykowane grafiki telewizyjne. Tre\u015bci po\u015bwi\u0119cone legendarnemu trenerowi pojawi\u0105 si\u0119 tak\u017ce we wszystkich kana\u0142ach multimedialnych PKO Bank Polski Ekstraklasy oraz klub\u00f3w.<\/p>\n\n\n\n<p>Kazimierz G\u00f3rski, zanim poprowadzi\u0142 reprezentacj\u0119 do dw\u00f3ch medali na igrzyskach olimpijskich i trzeciego miejsca na M\u015a, gra\u0142 w Ekstraklasie jako pi\u0142karz Legii Warszawa. W latach 1948 \u2013 1953 rozegra\u0142 81 mecz\u00f3w, zdobywaj\u0105c 34 gole. W 1951 zdoby\u0142 z warszawsk\u0105 dru\u017cyn\u0105 br\u0105zowy medal.<\/p>\n\n\n\n<p>Osiem lat p\u00f3\u017aniej po zdobyciu do\u015bwiadczenia trenerskiego w rezerwach Legii, Marymoncie oraz w kadrach Polski, zosta\u0142 tymczasowym trenerem Legii.&nbsp; Wywalczy\u0142 z ni\u0105 wicemistrzostwo oraz br\u0105zowy medal, zanim przeni\u00f3s\u0142 si\u0119 do Gwardii Warszawa. Z t\u0105 dru\u017cyn\u0105 zajmowa\u0142 ju\u017c ni\u017csze miejsca w lidze, a w 1966 roku zanotowa\u0142a ona spadek do II ligi. Ju\u017c w trakcie pracy z reprezentacj\u0105 Polski, zosta\u0142 w 1973 roku trenerem-konsultantem w \u0141KS-ie \u0141\u00f3d\u017a. Do Legii wr\u00f3ci\u0142 jeszcze po zako\u0144czeniu pracy z kadr\u0105 na prze\u0142omie 1981 i 1982 roku. Pierwszy z dw\u00f3ch sezon\u00f3w pracy z \u201eWojskowymi\u201d zako\u0144czy\u0142 na czwartym miejscu w tabeli.<\/p>\n\n\n\n<p>W Ekstraklasie w trakcie 12 sezon\u00f3w Kazimierz G\u00f3rski prowadzi\u0142 dru\u017cyny w 214 meczach, z kt\u00f3rych a\u017c 84 zako\u0144czy\u0142y si\u0119 zwyci\u0119stwami jego zespo\u0142\u00f3w. Po zako\u0144czeniu bogatej kariery trenerskiej pe\u0142ni\u0142 tak\u017ce rol\u0119 Prezesa Polskiego Zwi\u0105zku Pi\u0142ki No\u017cnej. P\u00f3\u017aniej \u2013 w uznaniu zas\u0142ug dla polskiego futbolu zosta\u0142 wybrany Prezesem Honorowym PZPN. Do dzi\u015b jest ikon\u0105 ca\u0142ego polskiego sportu.<\/p>\n","protected":false},"excerpt":{"rendered":"<p>19. kolejka PKO Bank Polski Ekstraklasy dedykowana jest legendarnemu trenerowi stulecia \u2013 Kazimierzowi G\u00f3rskiemu. Najwybitniejszy szkoleniowiec w historii polskiego futbolu&#8230;<\/p>\n","protected":false},"author":36,"featured_media":12583,"comment_status":"closed","ping_status":"closed","sticky":false,"template":"","format":"standard","meta":{"om_disable_all_campaigns":false,"inline_featured_image":false,"footnotes":"","_links_to":"","_links_to_target":""},"categories":[94],"tags":[255,265,266],"aioseo_notices":[],"_links":{"self":[{"href":"https:\/\/wartapoznan.pl\/index.php\/wp-json\/wp\/v2\/posts\/12582"}],"collection":[{"href":"https:\/\/wartapoznan.pl\/index.php\/wp-json\/wp\/v2\/posts"}],"about":[{"href":"https:\/\/wartapoznan.pl\/index.php\/wp-json\/wp\/v2\/types\/post"}],"author":[{"embeddable":true,"href":"https:\/\/wartapoznan.pl\/index.php\/wp-json\/wp\/v2\/users\/36"}],"replies":[{"embeddable":true,"href":"https:\/\/wartapoznan.pl\/index.php\/wp-json\/wp\/v2\/comments?post=12582"}],"version-history":[{"count":1,"href":"https:\/\/wartapoznan.pl\/index.php\/wp-json\/wp\/v2\/posts\/12582\/revisions"}],"predecessor-version":[{"id":12584,"href":"https:\/\/wartapoznan.pl\/index.php\/wp-json\/wp\/v2\/posts\/12582\/revisions\/12584"}],"wp:featuredmedia":[{"embeddable":true,"href":"https:\/\/wartapoznan.pl\/index.php\/wp-json\/wp\/v2\/media\/12583"}],"wp:attachment":[{"href":"https:\/\/wartapoznan.pl\/index.php\/wp-json\/wp\/v2\/media?parent=12582"}],"wp:term":[{"taxonomy":"category","embeddable":true,"href":"https:\/\/wartapoznan.pl\/index.php\/wp-json\/wp\/v2\/categories?post=12582"},{"taxonomy":"post_tag","embeddable":true,"href":"https:\/\/wartapoznan.pl\/index.php\/wp-json\/wp\/v2\/tags?post=12582"}],"curies":[{"name":"wp","href":"https:\/\/api.w.org\/{rel}","templated":true}]}}