{"id":12743,"date":"2021-03-09T08:30:36","date_gmt":"2021-03-09T07:30:36","guid":{"rendered":"https:\/\/wartapoznan.pl\/?p=12743"},"modified":"2021-03-10T08:19:16","modified_gmt":"2021-03-10T07:19:16","slug":"skrot-meczu-warta-poznan-wisla-plock-wideo","status":"publish","type":"post","link":"https:\/\/wartapoznan.pl\/index.php\/2021\/03\/09\/skrot-meczu-warta-poznan-wisla-plock-wideo\/","title":{"rendered":"Skr\u00f3t meczu Warta Pozna\u0144 &#8211; Wis\u0142a P\u0142ock [WIDEO]"},"content":{"rendered":"<p><strong>Pi\u0142karze Warty Pozna\u0144 pokonali 2:0 Wis\u0142\u0119 P\u0142ock w ostatnim meczu 20. kolejki PKO BP Ekstraklasy Zapraszamy do obejrzenia skr\u00f3tu z tego meczu.<\/strong><\/p>\n<p>Obie bramki dla &#8222;Zielonych&#8221; zdoby\u0142 Makana Baku, dla kt\u00f3rego by\u0142y to pierwsze trafienia w barwach pozna\u0144skiego zespo\u0142u.<\/p>\n<p><iframe src=\"https:\/\/video-widget.oz.com?eventId=abe7bf61-e84a-49cd-8e2a-8e31856d642e\" frameborder=\"0\" scrolling=\"no\" allowfullscreen=\"allowfullscreen\"><span data-mce-type=\"bookmark\" style=\"display: inline-block; width: 0px; overflow: hidden; line-height: 0;\" class=\"mce_SELRES_start\">\ufeff<\/span><span data-mce-type=\"bookmark\" style=\"display: inline-block; width: 0px; overflow: hidden; line-height: 0;\" class=\"mce_SELRES_start\">\ufeff<\/span><span data-mce-type=\"bookmark\" style=\"display: inline-block; width: 0px; overflow: hidden; line-height: 0;\" class=\"mce_SELRES_start\"><span data-mce-type=\"bookmark\" style=\"display: inline-block; width: 0px; overflow: hidden; line-height: 0;\" class=\"mce_SELRES_start\">\ufeff<\/span><\/span><\/iframe><\/p>\n<hr \/>\n<p><a href=\"http:\/\/bit.ly\/3cu6rXB\" target=\"_blank\" rel=\"noopener noreferrer\">ZOBACZ ZDJ\u0118CIA Z MECZU WARTA POZNA\u0143 &#8211; WIS\u0141A P\u0141OCK<\/a><\/p>\n","protected":false},"excerpt":{"rendered":"<p>Pi\u0142karze Warty Pozna\u0144 pokonali 2:0 Wis\u0142\u0119 P\u0142ock w ostatnim meczu 20. kolejki PKO BP Ekstraklasy Zapraszamy do obejrzenia skr\u00f3tu z&#8230;<\/p>\n","protected":false},"author":36,"featured_media":12744,"comment_status":"closed","ping_status":"closed","sticky":false,"template":"","format":"standard","meta":{"om_disable_all_campaigns":false,"inline_featured_image":false,"footnotes":"","_links_to":"","_links_to_target":""},"categories":[94,100,245,1],"tags":[],"aioseo_notices":[],"_links":{"self":[{"href":"https:\/\/wartapoznan.pl\/index.php\/wp-json\/wp\/v2\/posts\/12743"}],"collection":[{"href":"https:\/\/wartapoznan.pl\/index.php\/wp-json\/wp\/v2\/posts"}],"about":[{"href":"https:\/\/wartapoznan.pl\/index.php\/wp-json\/wp\/v2\/types\/post"}],"author":[{"embeddable":true,"href":"https:\/\/wartapoznan.pl\/index.php\/wp-json\/wp\/v2\/users\/36"}],"replies":[{"embeddable":true,"href":"https:\/\/wartapoznan.pl\/index.php\/wp-json\/wp\/v2\/comments?post=12743"}],"version-history":[{"count":2,"href":"https:\/\/wartapoznan.pl\/index.php\/wp-json\/wp\/v2\/posts\/12743\/revisions"}],"predecessor-version":[{"id":12769,"href":"https:\/\/wartapoznan.pl\/index.php\/wp-json\/wp\/v2\/posts\/12743\/revisions\/12769"}],"wp:featuredmedia":[{"embeddable":true,"href":"https:\/\/wartapoznan.pl\/index.php\/wp-json\/wp\/v2\/media\/12744"}],"wp:attachment":[{"href":"https:\/\/wartapoznan.pl\/index.php\/wp-json\/wp\/v2\/media?parent=12743"}],"wp:term":[{"taxonomy":"category","embeddable":true,"href":"https:\/\/wartapoznan.pl\/index.php\/wp-json\/wp\/v2\/categories?post=12743"},{"taxonomy":"post_tag","embeddable":true,"href":"https:\/\/wartapoznan.pl\/index.php\/wp-json\/wp\/v2\/tags?post=12743"}],"curies":[{"name":"wp","href":"https:\/\/api.w.org\/{rel}","templated":true}]}}