{"id":12746,"date":"2021-03-08T21:25:16","date_gmt":"2021-03-08T20:25:16","guid":{"rendered":"https:\/\/wartapoznan.pl\/?p=12746"},"modified":"2021-03-10T08:19:03","modified_gmt":"2021-03-10T07:19:03","slug":"opinie-trenerow-po-meczu-warta-poznan-wisla-plock","status":"publish","type":"post","link":"https:\/\/wartapoznan.pl\/index.php\/2021\/03\/08\/opinie-trenerow-po-meczu-warta-poznan-wisla-plock\/","title":{"rendered":"Opinie trener\u00f3w po meczu Warta Pozna\u0144 &#8211; Wis\u0142a P\u0142ock"},"content":{"rendered":"<p><strong>Pi\u0119kny prezent sprawili pi\u0142karze Warty Pozna\u0144 trenerowi Piotrowi Tworkowi, kt\u00f3ry 10 marca b\u0119dzie obchodzi\u0142 urodziny. &#8222;Zieloni&#8221; pokonali 2:0 Wis\u0142\u0119 P\u0142ock w ostatnim meczu 20. kolejki PKO BP Ekstraklasy. Oto, jak to spotkanie podsumowali szkoleniowcy obu zespo\u0142\u00f3w:<\/strong><\/p>\n<p><strong>Trener Wis\u0142y P\u0142ock, Rados\u0142aw Sobolewski:<\/strong> <em>Niestety, bardzo s\u0142abo weszli\u015bmy w to spotkanie i szybko stracili\u015bmy bramk\u0119. Wiadomo, jak Warta Pozna\u0144 reaguje po tym, jak wychodzi na prowadzenie &#8211; ci\u0119\u017cko si\u0119 wtedy gra przeciwko temu zespo\u0142owi. Niestety, stworzyli\u015bmy zbyt ma\u0142o sytuacji, \u017ceby mocniej zagrozi\u0107 bramce Warty i nad tym mocno ubolewam. Przed nami kolejny mecz i musimy si\u0119 do niego jak najlepiej przygotowa\u0107.<\/em><\/p>\n<p><strong><img loading=\"lazy\" decoding=\"async\" width=\"1000\" height=\"667\" class=\"aligncenter size-full wp-image-12749\" src=\"https:\/\/wartapoznan.pl\/wp-content\/uploads\/2021\/03\/IMG_2553-www.jpg\" alt=\"Trener Wis\u0142y P\u0142ock, Rados\u0142aw Sobolewski po meczu Warta Pozna\u0144 - Wis\u0142a P\u0142ock\" srcset=\"https:\/\/wartapoznan.pl\/wp-content\/uploads\/2021\/03\/IMG_2553-www.jpg 1000w, https:\/\/wartapoznan.pl\/wp-content\/uploads\/2021\/03\/IMG_2553-www-300x200.jpg 300w, https:\/\/wartapoznan.pl\/wp-content\/uploads\/2021\/03\/IMG_2553-www-768x512.jpg 768w, https:\/\/wartapoznan.pl\/wp-content\/uploads\/2021\/03\/IMG_2553-www-128x85.jpg 128w, https:\/\/wartapoznan.pl\/wp-content\/uploads\/2021\/03\/IMG_2553-www-32x21.jpg 32w, https:\/\/wartapoznan.pl\/wp-content\/uploads\/2021\/03\/IMG_2553-www-356x237.jpg 356w, https:\/\/wartapoznan.pl\/wp-content\/uploads\/2021\/03\/IMG_2553-www-470x313.jpg 470w, https:\/\/wartapoznan.pl\/wp-content\/uploads\/2021\/03\/IMG_2553-www-70x47.jpg 70w, https:\/\/wartapoznan.pl\/wp-content\/uploads\/2021\/03\/IMG_2553-www-100x67.jpg 100w\" sizes=\"(max-width: 1000px) 100vw, 1000px\" \/><\/strong><\/p>\n<p><strong>Trener Warty Pozna\u0144, Piotr Tworek:<\/strong> <em>Zanim przejdziemy do meritum, chcia\u0142bym wszystkim paniom w imieniu sztabu i pi\u0142karzy z\u0142o\u017cy\u0107 serdeczne \u017cyczenia z okazji Dnia Kobiet, zw\u0142aszcza tym, kt\u00f3re maj\u0105 zielone serca &#8211; zdrowia i rado\u015bci. Co do meczu, by\u0142 on z rangi tych, kt\u00f3ry m\u00f3g\u0142 ustawi\u0107 dwa zespo\u0142y w tabeli. To by\u0142o istotne dla nas, \u017ceby dopisa\u0107 sobie trzy punkty i zrobili\u015bmy to. Mecz by\u0142 trudny pod wzgl\u0119dem mentalnym, poniewa\u017c znali\u015bmy uk\u0142ad wszystkich spotka\u0144, kt\u00f3re ju\u017c si\u0119 odby\u0142y w tej kolejce. To zas\u0142uga zespo\u0142u, \u017ce wymaza\u0142 z pami\u0119ci wszystkie wyniki dru\u017cyn, kt\u00f3re s\u0105 za nami i przyst\u0105pi\u0142 do meczu z czyst\u0105 g\u0142ow\u0105. Wygrali\u015bmy po m\u0105drej i konsekwentnej grze. Przed nami kolejne mecze i musimy wyci\u0105gn\u0105\u0107 z nich jak najwi\u0119cej.<\/em><\/p>\n<p><em>Zesp\u00f3\u0142 nabiera pewno\u015bci i do\u015bwiadczenia, ale te\u017c czuje swoj\u0105 warto\u015b\u0107 i to powoduje, \u017ce gra si\u0119 \u0142atwiej. Umiej\u0119tno\u015bci indywidualne w formacjach ofensywnych robi\u0105 r\u00f3\u017cnic\u0119, dlatego z ka\u017cdym nast\u0119pnym meczem i treningiem dru\u017cyna b\u0119dzie jeszcze lepiej si\u0119 prezentowa\u0142a i mamy nadziej\u0119, \u017ce w ka\u017cdym kolejnym spotkaniu b\u0119dziemy cieszy\u0107 gr\u0105 kibic\u00f3w.<\/em><\/p>\n<p><em>Jeste\u015bmy zadowoleni, bo mieli\u015bmy mecz pod kontrol\u0105. Wynik jest zawsze spraw\u0105 otwart\u0105, nawet gdy prowadzili\u015bmy 2:0 i zbli\u017ca\u0142 si\u0119 koniec spotkania, to trzeba by\u0142o da\u0107 bodziec zespo\u0142owi zmianami i korektami z linii, bo w ostatnich minutach stracili\u015bmy ju\u017c pi\u0119\u0107 punkt\u00f3w. Mimo, \u017ce prowadzimy, mo\u017ce nam si\u0119 to wyrwa\u0107 spod kontroli, wi\u0119c spok\u00f3j by\u0142 dopiero po ostatnim gwizdku. <\/em><em>Jakub Kie\u0142b przed wyj\u015bciem na boisko powiedzia\u0142 w szatni, \u017ce nie dostali\u015bmy nic od losu, tylko wszystko sami sobie wypracowali\u015bmy. Mamy 10 punkt\u00f3w przewagi nad Stal\u0105 Mielec, ale nie patrzymy, czy to du\u017co. Chcemy wygrywa\u0107 i zdobywa\u0107 komplet punkt\u00f3w.<\/em><\/p>\n<p><em>Maciej \u017burawski nie odni\u00f3s\u0142 wi\u0119kszego urazu, natomiast maj\u0105c na uwadze kolejne spotkania i nasz\u0105 mocn\u0105 \u0142awk\u0119, kt\u00f3r\u0105 uruchamiamy w newralgicznych sytuacjach, wola\u0142em zdj\u0105\u0107 Macieja i nie nara\u017ca\u0107 go na pog\u0142\u0119bienie kontuzji. B\u0119dzie on na pewno gotowy na nast\u0119pny mecz. Z kolei <\/em><em>Adam Zrelak zadebiutowa\u0142 i jeste\u015bmy zadowoleni, chocia\u017c mia\u0142 jedn\u0105 sytuacj\u0119, kt\u00f3rej nie zako\u0144czy\u0142 strza\u0142em. Ale ma on to, co lubi\u0119 w napastnikach \u2013 inteligencj\u0119, m\u0105dro\u015b\u0107 i utrzymanie si\u0119 przy pi\u0142ce, bo by\u0142 moment, gdzie Wis\u0142a P\u0142ock postawi\u0142a wszystko na jedna kart\u0119 i zacz\u0119li\u015bmy oddawa\u0107 pi\u0142k\u0119, a Adam to uspokoi\u0142.<\/em><\/p>\n<p><em>Zdecydowanie tort urodzinowy b\u0119dzie lepiej smakowa\u0142, ale ten zesp\u00f3\u0142 daje mi tyle rado\u015bci i niezapomnianych wra\u017ce\u0144, nawet w sytuacjach gdzie s\u0105 trudy i pora\u017cki, \u017ce praca z nim sprawia, jakbym mia\u0142 codziennie urodziny.<\/em><\/p>\n<p><small>Fot. Klaudia Berda \/ Warta Pozna\u0144<\/small><\/p>\n<hr \/>\n<p><a href=\"http:\/\/bit.ly\/3cu6rXB\" target=\"_blank\" rel=\"noopener noreferrer\">ZOBACZ ZDJ\u0118CIA Z MECZU WARTA POZNA\u0143 &#8211; WIS\u0141A P\u0141OCK<\/a><\/p>\n","protected":false},"excerpt":{"rendered":"<p>Pi\u0119kny prezent sprawili pi\u0142karze Warty Pozna\u0144 trenerowi Piotrowi Tworkowi, kt\u00f3ry 10 marca b\u0119dzie obchodzi\u0142 urodziny. &#8222;Zieloni&#8221; pokonali 2:0 Wis\u0142\u0119 P\u0142ock&#8230;<\/p>\n","protected":false},"author":36,"featured_media":12750,"comment_status":"closed","ping_status":"closed","sticky":false,"template":"","format":"standard","meta":{"om_disable_all_campaigns":false,"inline_featured_image":false,"footnotes":"","_links_to":"","_links_to_target":""},"categories":[94,100,245,1],"tags":[],"aioseo_notices":[],"_links":{"self":[{"href":"https:\/\/wartapoznan.pl\/index.php\/wp-json\/wp\/v2\/posts\/12746"}],"collection":[{"href":"https:\/\/wartapoznan.pl\/index.php\/wp-json\/wp\/v2\/posts"}],"about":[{"href":"https:\/\/wartapoznan.pl\/index.php\/wp-json\/wp\/v2\/types\/post"}],"author":[{"embeddable":true,"href":"https:\/\/wartapoznan.pl\/index.php\/wp-json\/wp\/v2\/users\/36"}],"replies":[{"embeddable":true,"href":"https:\/\/wartapoznan.pl\/index.php\/wp-json\/wp\/v2\/comments?post=12746"}],"version-history":[{"count":5,"href":"https:\/\/wartapoznan.pl\/index.php\/wp-json\/wp\/v2\/posts\/12746\/revisions"}],"predecessor-version":[{"id":12768,"href":"https:\/\/wartapoznan.pl\/index.php\/wp-json\/wp\/v2\/posts\/12746\/revisions\/12768"}],"wp:featuredmedia":[{"embeddable":true,"href":"https:\/\/wartapoznan.pl\/index.php\/wp-json\/wp\/v2\/media\/12750"}],"wp:attachment":[{"href":"https:\/\/wartapoznan.pl\/index.php\/wp-json\/wp\/v2\/media?parent=12746"}],"wp:term":[{"taxonomy":"category","embeddable":true,"href":"https:\/\/wartapoznan.pl\/index.php\/wp-json\/wp\/v2\/categories?post=12746"},{"taxonomy":"post_tag","embeddable":true,"href":"https:\/\/wartapoznan.pl\/index.php\/wp-json\/wp\/v2\/tags?post=12746"}],"curies":[{"name":"wp","href":"https:\/\/api.w.org\/{rel}","templated":true}]}}