{"id":13763,"date":"2021-04-30T10:10:29","date_gmt":"2021-04-30T08:10:29","guid":{"rendered":"https:\/\/wartapoznan.pl\/?p=13763"},"modified":"2021-04-30T10:10:29","modified_gmt":"2021-04-30T08:10:29","slug":"najblizsze-mecze-ligowe-zespolow-warty-poznan-terminarz-13","status":"publish","type":"post","link":"https:\/\/wartapoznan.pl\/index.php\/2021\/04\/30\/najblizsze-mecze-ligowe-zespolow-warty-poznan-terminarz-13\/","title":{"rendered":"Najbli\u017csze mecze ligowe zespo\u0142\u00f3w Warty Pozna\u0144 [terminarz]"},"content":{"rendered":"<p>W najbli\u017cszych dniach tylko dwa zespo\u0142y Warty Pozna\u0144 rozegraj\u0105 mecze o punkty. Pi\u0142karze pierwszego zespo\u0142u zmierz\u0105 si\u0119 w Szczecinie z trzeci\u0105 si\u0142\u0105 Ekstraklasy, natomiast dru\u017cyna kobieca powalczy w \u015brod\u0119 o kolejne ligowe zwyci\u0119stwo.<\/p>\n<p><strong>WARTA POZNA\u0143<\/strong><br \/>\n<strong>28. kolejka PKO BP Ekstraklasy: Pogo\u0144 Szczecin &#8211; Warta Pozna\u0144<\/strong> (sobota, 1 maja, 17:30; Stadion Miejski im. Floriana Krygiera w Szczecinie, ul. Kar\u0142owicza 28)<br \/>\nTransmisja w Canal+ Sport oraz w MC Radiu na 102,7 FM.<br \/>\nMecz bez udzia\u0142u publiczno\u015bci.<\/p>\n<p><strong>WARTA POZNA\u0143 &#8211; KOBIETY<\/strong><br \/>\n<strong>10. kolejka RED BOX IV ligi kobiet: Warta Pozna\u0144 &#8211; S\u0142upczanka S\u0142upca<\/strong> (\u015broda, 5 maja, 19; Pozna\u0144, ul. Warmi\u0144ska 1)<br \/>\nPi\u0142karki Warty Pozna\u0144 maj\u0105 za sob\u0105 pierwszy mecz rundy wiosennej, w kt\u00f3rym pokona\u0142y Ostrovi\u0119 II Ostr\u00f3w Wielkopolski 5:4. Zielone zajmuj\u0105 trzeci\u0105 pozycj\u0119 w tabeli IV ligi kobiet i do tej pory odnotowa\u0142y tylko jedn\u0105 pora\u017ck\u0119.<\/p>\n<p><strong>WARTA II POZNA\u0143<\/strong><br \/>\nDrugi zesp\u00f3\u0142 Warty Pozna\u0144 najbli\u017cszy ligowy mecz rozegra w sobot\u0119, 8 maja. Rywalem Zielonych b\u0119dzie Lubuszanin Trzcianka. Zwyci\u0119stwo w tym spotkaniu da szans\u0119 podopiecznym trenera Bartosza Majchrzaka na opuszczenie strefy spadkowej.<\/p>\n<p><strong>WARTA POZNA\u0143 AMP FUTBOL<br \/>\n<\/strong>Pod koniec kwietnia w Poznaniu odby\u0142 si\u0119 I turniej Amp Futbol Ekstraklasy, w kt\u00f3rym zawodnicy Warty Pozna\u0144 zaj\u0119li czwarte miejsce. Kolejne zawody zaplanowane s\u0105 na 26-27 czerwca w Bielsku-Bia\u0142ej.<\/p>\n","protected":false},"excerpt":{"rendered":"<p>W najbli\u017cszych dniach tylko dwa zespo\u0142y Warty Pozna\u0144 rozegraj\u0105 mecze o punkty. Pi\u0142karze pierwszego zespo\u0142u zmierz\u0105 si\u0119 w Szczecinie z&#8230;<\/p>\n","protected":false},"author":36,"featured_media":13769,"comment_status":"closed","ping_status":"closed","sticky":false,"template":"","format":"standard","meta":{"om_disable_all_campaigns":false,"inline_featured_image":false,"footnotes":"","_links_to":"","_links_to_target":""},"categories":[94,184,228,248,1],"tags":[],"aioseo_notices":[],"_links":{"self":[{"href":"https:\/\/wartapoznan.pl\/index.php\/wp-json\/wp\/v2\/posts\/13763"}],"collection":[{"href":"https:\/\/wartapoznan.pl\/index.php\/wp-json\/wp\/v2\/posts"}],"about":[{"href":"https:\/\/wartapoznan.pl\/index.php\/wp-json\/wp\/v2\/types\/post"}],"author":[{"embeddable":true,"href":"https:\/\/wartapoznan.pl\/index.php\/wp-json\/wp\/v2\/users\/36"}],"replies":[{"embeddable":true,"href":"https:\/\/wartapoznan.pl\/index.php\/wp-json\/wp\/v2\/comments?post=13763"}],"version-history":[{"count":3,"href":"https:\/\/wartapoznan.pl\/index.php\/wp-json\/wp\/v2\/posts\/13763\/revisions"}],"predecessor-version":[{"id":13766,"href":"https:\/\/wartapoznan.pl\/index.php\/wp-json\/wp\/v2\/posts\/13763\/revisions\/13766"}],"wp:featuredmedia":[{"embeddable":true,"href":"https:\/\/wartapoznan.pl\/index.php\/wp-json\/wp\/v2\/media\/13769"}],"wp:attachment":[{"href":"https:\/\/wartapoznan.pl\/index.php\/wp-json\/wp\/v2\/media?parent=13763"}],"wp:term":[{"taxonomy":"category","embeddable":true,"href":"https:\/\/wartapoznan.pl\/index.php\/wp-json\/wp\/v2\/categories?post=13763"},{"taxonomy":"post_tag","embeddable":true,"href":"https:\/\/wartapoznan.pl\/index.php\/wp-json\/wp\/v2\/tags?post=13763"}],"curies":[{"name":"wp","href":"https:\/\/api.w.org\/{rel}","templated":true}]}}