{"id":13855,"date":"2021-05-08T17:30:09","date_gmt":"2021-05-08T15:30:09","guid":{"rendered":"https:\/\/wartapoznan.pl\/?p=13855"},"modified":"2021-05-08T17:02:28","modified_gmt":"2021-05-08T15:02:28","slug":"warta-poznan-kontra-slaski-wroclaw-z-wygranego-sezonu-wyszarpac-jeszcze-wiecej","status":"publish","type":"post","link":"https:\/\/wartapoznan.pl\/index.php\/2021\/05\/08\/warta-poznan-kontra-slaski-wroclaw-z-wygranego-sezonu-wyszarpac-jeszcze-wiecej\/","title":{"rendered":"Warta Pozna\u0144 kontra \u015al\u0105ski Wroc\u0142aw \u2013 z wygranego sezonu wyszarpa\u0107 jeszcze wi\u0119cej"},"content":{"rendered":"<p><strong>Ostatni w tym sezonie mecz na stadionie w Grodzisku Wlkp. rozegraj\u0105 w niedziel\u0119 pi\u0142karze Warty Pozna\u0144. W 29. kolejce PKO BP Ekstraklasy podejm\u0105 w niedziel\u0119 \u015al\u0105sk Wroc\u0142aw. Obie ekipy zagraj\u0105 o zwyci\u0119stwo, kt\u00f3re pozwala my\u015ble\u0107 o czwartym miejscu w tabeli na koniec rozgrywek. Transmisja w Canal+ Premium i w MC Radiu.<\/strong><\/p>\n<p>Na dwie kolejki przed zako\u0144czeniem sezonu \u201eZieloni\u201d maj\u0105 40 pkt, czyli punkt wi\u0119cej od zespo\u0142u z Wroc\u0142awia. Zajmuj\u0105 si\u00f3dme miejsce w tabeli, jedno wy\u017cej od niedzielnego rywala. Obie ekipy wci\u0105\u017c s\u0105 w grze o czwart\u0105 pozycj\u0119 w ko\u0144cowej tabeli \u2013 po tym jak Rak\u00f3w Cz\u0119stochowa si\u0119gn\u0105\u0142 po Fortuna Puchar Polski, lokata tu\u017c za podium da prawo gry w Lidze Konferencji, nowych rozgrywkach UEFA. Tylko zwyci\u0119zca meczu w Grodzisku Wlkp. b\u0119dzie nadal w grze o czwarte miejsce \u2013 bez ogl\u0105dania si\u0119 na wyniki innych spotka\u0144 tej serii. Ponadto wygrana Warty Pozna\u0144 da jej co najmniej si\u00f3dm\u0105 pozycj\u0119 na finiszu rozgrywek.<\/p>\n<p>&#8211; <em>Zdecydowanie, chcemy z\u0142apa\u0107 byka za rogi. Ekscytujemy si\u0119 dwoma ostatnimi meczami, bo Warta Pozna\u0144 zawsze gra o co\u015b. Rok temu walczyli\u015bmy o awans do Ekstraklasy, rywalizowali\u015bmy w bara\u017cach, potem bili\u015bmy si\u0119 o utrzymanie, nast\u0119pnie o to, \u017ceby by\u0107 w pierwszej \u00f3semce, bo taki cel przedstawili\u015bmy zespo\u0142owi. I teraz zn\u00f3w czekaj\u0105 nas dwa wa\u017cne mecze. B\u0119dziemy chcieli wygra\u0107 ze \u015al\u0105skiem i zobaczymy, co b\u0119dzie si\u0119 dzia\u0142o dalej<\/em> \u2013 m\u00f3wi trener Piotr Tworek, kt\u00f3ry przyznaje jednak, \u017ce presja jest teraz mniejsza ni\u017c latem 2020 roku, gdy w ci\u0105gu kilku dni \u201eZieloni\u201d rozgrywali mecze bara\u017cowe o wej\u015bcie do PKO BP Ekstraklasy.<\/p>\n<p><img loading=\"lazy\" decoding=\"async\" width=\"1004\" height=\"667\" class=\"aligncenter size-full wp-image-13858\" src=\"https:\/\/wartapoznan.pl\/wp-content\/uploads\/2021\/05\/Trening_przed_Slaskiem-9530-www.jpg\" alt=\"Trener Warty Pozna\u0144, Piotr Tworek na treningu przed meczem ze \u015al\u0105skiem Wroc\u0142aw\" srcset=\"https:\/\/wartapoznan.pl\/wp-content\/uploads\/2021\/05\/Trening_przed_Slaskiem-9530-www.jpg 1004w, https:\/\/wartapoznan.pl\/wp-content\/uploads\/2021\/05\/Trening_przed_Slaskiem-9530-www-300x199.jpg 300w, https:\/\/wartapoznan.pl\/wp-content\/uploads\/2021\/05\/Trening_przed_Slaskiem-9530-www-768x510.jpg 768w, https:\/\/wartapoznan.pl\/wp-content\/uploads\/2021\/05\/Trening_przed_Slaskiem-9530-www-128x85.jpg 128w, https:\/\/wartapoznan.pl\/wp-content\/uploads\/2021\/05\/Trening_przed_Slaskiem-9530-www-32x21.jpg 32w, https:\/\/wartapoznan.pl\/wp-content\/uploads\/2021\/05\/Trening_przed_Slaskiem-9530-www-356x237.jpg 356w, https:\/\/wartapoznan.pl\/wp-content\/uploads\/2021\/05\/Trening_przed_Slaskiem-9530-www-470x312.jpg 470w, https:\/\/wartapoznan.pl\/wp-content\/uploads\/2021\/05\/Trening_przed_Slaskiem-9530-www-70x47.jpg 70w, https:\/\/wartapoznan.pl\/wp-content\/uploads\/2021\/05\/Trening_przed_Slaskiem-9530-www-100x66.jpg 100w\" sizes=\"(max-width: 1004px) 100vw, 1004px\" \/><\/p>\n<p>&#8211; <em>Gra w bara\u017cach wi\u0105za\u0142a si\u0119, powiedzmy sobie wprost, z bytem klubu na poziomie, na kt\u00f3rym obecnie jeste\u015bmy. Ci\u0119\u017car gatunkowy by\u0142 ogromny. Ponadto na ka\u017cdym kroku i w ka\u017cdej chwili czuli\u015bmy, jak du\u017ce s\u0105 oczekiwania kibic\u00f3w i sympatyk\u00f3w, kt\u00f3rzy wspierali nas i dopingowali<\/em> \u2013 wspomina szkoleniowiec. \u2013 <em>Teraz utrzymali\u015bmy si\u0119 w Ekstraklasie na 5 kolejek przed ko\u0144cem sezonu i za to nale\u017cy si\u0119 dru\u017cynie wielki szacunek. Ich ogromna praca zosta\u0142a nagrodzona i to jest niepodwa\u017calne. Trzeba ca\u0142y czas o tym g\u0142o\u015bno m\u00f3wi\u0107, bo zesp\u00f3\u0142 zrobi\u0142 niesamowit\u0105 rzecz. Teraz mo\u017cemy osi\u0105gn\u0105\u0107 jeszcze co\u015b wi\u0119cej. A skoro otwiera si\u0119 szansa, to chcemy j\u0105 wykorzysta\u0107<\/em>.<\/p>\n<p>Do Grodziska Wlkp. przyje\u017cd\u017ca \u015al\u0105sk Wroc\u0142aw, z kt\u00f3rym poznaniacy przegrali na wyje\u017adzie 1:2 na po\u017cegnanie 2020 roku. W stolicy Dolnego \u015al\u0105ska do ko\u0144ca walczyli o wyr\u00f3wnuj\u0105c\u0105 bramk\u0119, ale nie uda\u0142o si\u0119 jej zdoby\u0107. Zreszt\u0105 na swoim stadionie wroc\u0142awianie spisuj\u0105 si\u0119 \u015bwietnie i tylko Pogo\u0144 Szczecin zdoby\u0142a od nich wi\u0119cej punkt\u00f3w w roli gospodarzy.<\/p>\n<p>Co innego w meczach wyjazdowych. Na obcych boiskach \u015al\u0105sk to jeden ze s\u0142abszych zespo\u0142\u00f3w w lidze \u2013 z bilansem 3 zwyci\u0119stw, 3 remis\u00f3w i a\u017c 8 pora\u017cek. \u015arednia poni\u017cej 1 pkt na mecz w tabeli obejmuj\u0105cej spotkania wyjazdowe pozwala wyprzedzi\u0107 jedynie beniamink\u00f3w z Bielska-Bia\u0142ej i Mielca oraz Cracovi\u0119.<\/p>\n<p>Ten obraz poprawi\u0142 si\u0119 nieco w ostatnich tygodniach po tym, jak dru\u017cyn\u0119 z r\u0105k Vitezslava Lavicki przej\u0105\u0142 Jacek Magiera. \u015al\u0105sk przegra\u0142 tylko jeden z 6 ostatnich pojedynk\u00f3w, a na obcych boiskach wygra\u0142, przegra\u0142 i zremisowa\u0142 po jednym meczu.<\/p>\n<p>&#8211; <em>Warta w meczu ze \u015al\u0105skiem b\u0119dzie walczy\u0142a o zwyci\u0119stwo<\/em> \u2013 m\u00f3wi pewnym g\u0142osem trener Piotr Tworek. &#8211; <em>To jest podstawa i punkt wyj\u015bcia, kt\u00f3rym b\u0119dziemy si\u0119 kierowali. Nie m\u00f3wimy o pucharach, bo s\u0105 przecie\u017c jeszcze Piast Gliwice, Lechia Gda\u0144sk, Zag\u0142\u0119bie Lubin. I musz\u0105 si\u0119 wydarzy\u0107 r\u00f3\u017cne rzeczy, \u017ceby\u015bmy my, nawet przy dw\u00f3ch zwyci\u0119stwach byli na czwartym miejscu. Droga jest wi\u0119c bardzo daleka, ale b\u0119dziemy bi\u0107 si\u0119 o wygran\u0105, bo w ka\u017cdym meczu tak nastawiamy zesp\u00f3\u0142. Mimo \u017ce ko\u0144czymy sezon, to wci\u0105\u017c jest w nas g\u0142\u00f3d zwyci\u0119stw.<\/em><\/p>\n<p><img loading=\"lazy\" decoding=\"async\" width=\"1001\" height=\"667\" class=\"aligncenter size-full wp-image-13857\" src=\"https:\/\/wartapoznan.pl\/wp-content\/uploads\/2021\/05\/IMG_8228-www.jpg\" alt=\"Pogo\u0144 Szczecin - Warta Pozna\u0144. Robert Ivanov\" srcset=\"https:\/\/wartapoznan.pl\/wp-content\/uploads\/2021\/05\/IMG_8228-www.jpg 1001w, https:\/\/wartapoznan.pl\/wp-content\/uploads\/2021\/05\/IMG_8228-www-300x200.jpg 300w, https:\/\/wartapoznan.pl\/wp-content\/uploads\/2021\/05\/IMG_8228-www-768x512.jpg 768w, https:\/\/wartapoznan.pl\/wp-content\/uploads\/2021\/05\/IMG_8228-www-128x85.jpg 128w, https:\/\/wartapoznan.pl\/wp-content\/uploads\/2021\/05\/IMG_8228-www-32x21.jpg 32w, https:\/\/wartapoznan.pl\/wp-content\/uploads\/2021\/05\/IMG_8228-www-356x237.jpg 356w, https:\/\/wartapoznan.pl\/wp-content\/uploads\/2021\/05\/IMG_8228-www-470x313.jpg 470w, https:\/\/wartapoznan.pl\/wp-content\/uploads\/2021\/05\/IMG_8228-www-70x47.jpg 70w, https:\/\/wartapoznan.pl\/wp-content\/uploads\/2021\/05\/IMG_8228-www-100x67.jpg 100w\" sizes=\"(max-width: 1001px) 100vw, 1001px\" \/><\/p>\n<p>Z analizy gry \u015al\u0105ska Wroc\u0142aw wynika, \u017ce zesp\u00f3\u0142 po przyj\u015bciu trenera Jacka Magiery zmieni\u0142 styl gry. &#8211; <em>Na pewno spodziewamy si\u0119 pressingu od samego pocz\u0105tku. Nowy trener wprowadzi\u0142 nowe ustawienie, zacz\u0105\u0142 gra\u0107 inaczej, je\u015bli chodzi o formacj\u0119 ataku. Ten spos\u00f3b gry mo\u017ce by\u0107 dla nas niewygodny. Musimy uzbroi\u0107 si\u0119 w cierpliwo\u015b\u0107 przy konstruowaniu akcji<\/em> \u2013 m\u00f3wi szkoleniowiec \u201eZielonych\u201d. \u2013 <em>Liczymy si\u0119 z tym, \u017ce to b\u0119dzie bardzo trudny mecz dla nas, pouk\u0142adany taktycznie, a losy b\u0119d\u0105 si\u0119 wa\u017cy\u0142y do ostatniego gwizdka. Nie mog\u0119 odkry\u0107 kart, ale na treningach pracowali\u015bmy nad rozwi\u0105zaniami, kt\u00f3re chcemy zrealizowa\u0107 na boisku i kt\u00f3re maj\u0105 da\u0107 nam zwyci\u0119stwo.<\/em><\/p>\n<p>W tygodniu po meczu z Pogoni\u0105 Szczecin cz\u0119\u015b\u0107 zawodnik\u00f3w pocz\u0105tkowo trenowa\u0142a indywidualnie. Do zaj\u0119\u0107 z zespo\u0142em wracaj\u0105 ju\u017c Micha\u0142 Kopczy\u0144ski i Nikodem Fiedosewicz. \u2013 <em>Jeste\u015bmy troch\u0119 poobijani, ale pewnie w ka\u017cdym zespole zawodnicy odczuwaj\u0105 ju\u017c trudy walki o punkty. My\u015bl\u0119, \u017ce do meczu uda nam si\u0119 wszystkich przywr\u00f3ci\u0107 do zdrowia. Niezale\u017cnie od tego, ilu nas b\u0119dzie, wyjdziemy na muraw\u0119 z takim samym nastawieniem. Jak Spartanie, kt\u00f3rzy walczyli z Persami pod Termopilami, tak i my b\u0119dziemy walczyli o wszystko, czyli o zwyci\u0119stwo<\/em> \u2013 zapowiada Piotr Tworek.<\/p>\n<p>Mecz Warta Pozna\u0144 \u2013 \u015al\u0105sk Wroc\u0142aw jest zaplanowany na niedziel\u0119, a pierwszy gwizdek s\u0119dziego Paw\u0142a Gila z Lublina \u2013 na godz. 15. Transmisja z Grodziska Wlkp. w Canal+ Premium oraz na antenie MC Radia, na 102,7 FM.<\/p>\n","protected":false},"excerpt":{"rendered":"<p>Ostatni w tym sezonie mecz na stadionie w Grodzisku Wlkp. rozegraj\u0105 w niedziel\u0119 pi\u0142karze Warty Pozna\u0144. W 29. kolejce PKO&#8230;<\/p>\n","protected":false},"author":36,"featured_media":13859,"comment_status":"closed","ping_status":"closed","sticky":false,"template":"","format":"standard","meta":{"om_disable_all_campaigns":false,"inline_featured_image":false,"footnotes":"","_links_to":"","_links_to_target":""},"categories":[94,100,245,1],"tags":[],"aioseo_notices":[],"_links":{"self":[{"href":"https:\/\/wartapoznan.pl\/index.php\/wp-json\/wp\/v2\/posts\/13855"}],"collection":[{"href":"https:\/\/wartapoznan.pl\/index.php\/wp-json\/wp\/v2\/posts"}],"about":[{"href":"https:\/\/wartapoznan.pl\/index.php\/wp-json\/wp\/v2\/types\/post"}],"author":[{"embeddable":true,"href":"https:\/\/wartapoznan.pl\/index.php\/wp-json\/wp\/v2\/users\/36"}],"replies":[{"embeddable":true,"href":"https:\/\/wartapoznan.pl\/index.php\/wp-json\/wp\/v2\/comments?post=13855"}],"version-history":[{"count":4,"href":"https:\/\/wartapoznan.pl\/index.php\/wp-json\/wp\/v2\/posts\/13855\/revisions"}],"predecessor-version":[{"id":13862,"href":"https:\/\/wartapoznan.pl\/index.php\/wp-json\/wp\/v2\/posts\/13855\/revisions\/13862"}],"wp:featuredmedia":[{"embeddable":true,"href":"https:\/\/wartapoznan.pl\/index.php\/wp-json\/wp\/v2\/media\/13859"}],"wp:attachment":[{"href":"https:\/\/wartapoznan.pl\/index.php\/wp-json\/wp\/v2\/media?parent=13855"}],"wp:term":[{"taxonomy":"category","embeddable":true,"href":"https:\/\/wartapoznan.pl\/index.php\/wp-json\/wp\/v2\/categories?post=13855"},{"taxonomy":"post_tag","embeddable":true,"href":"https:\/\/wartapoznan.pl\/index.php\/wp-json\/wp\/v2\/tags?post=13855"}],"curies":[{"name":"wp","href":"https:\/\/api.w.org\/{rel}","templated":true}]}}