{"id":14121,"date":"2021-06-09T12:00:22","date_gmt":"2021-06-09T10:00:22","guid":{"rendered":"https:\/\/wartapoznan.pl\/?p=14121"},"modified":"2021-06-09T11:49:19","modified_gmt":"2021-06-09T09:49:19","slug":"decyzje-kadrowe-w-warcie-poznan-2","status":"publish","type":"post","link":"https:\/\/wartapoznan.pl\/index.php\/2021\/06\/09\/decyzje-kadrowe-w-warcie-poznan-2\/","title":{"rendered":"Decyzje kadrowe w Warcie Pozna\u0144"},"content":{"rendered":"<p><strong>Robert Janicki i Mariusz Rybicki odejd\u0105 z Warty Pozna\u0144 po tym jak sko\u0144cz\u0105 im si\u0119 kontrakty. Czterech pi\u0142karzy wypo\u017cyczonych w tym sezonie do \u201eZielonych\u201d wr\u00f3ci do swoich klub\u00f3w, a trzech kolejnych zawodnik\u00f3w znalaz\u0142o si\u0119 na li\u015bcie transferowej.<\/strong><\/p>\n<p>W meczu z Cracovi\u0105 na zako\u0144czenie sezonu PKO BP Ekstraklasy Robert Janicki \u015bwi\u0119towa\u0142 sw\u00f3j setny wyst\u0119p w barwach Warty Pozna\u0144. Wiadomo ju\u017c, \u017ce w najbli\u017cszym czasie 24-letni pomocnik nie powi\u0119kszy tego dorobku. Podobnie wygl\u0105da sprawa z Mariuszem Rybickim. \u2013 <em>Obu zawodnikom ko\u0144cz\u0105 si\u0119 w tym miesi\u0105cu kontrakty i nie zostan\u0105 one przed\u0142u\u017cone<\/em> \u2013 m\u00f3wi dyrektor sportowy Warty Pozna\u0144, Robert Graf. \u2013 <em>Pragniemy w tym miejscu serdecznie podzi\u0119kowa\u0107 Robertowi i Mariuszowi za czas sp\u0119dzony w Warcie i wymierny wk\u0142ad w sukcesy, kt\u00f3re odnie\u015bli\u015bmy w ostatnich latach.<\/em><\/p>\n<p>Na swoje sto mecz\u00f3w w ekipie \u201eZielonych\u201d Robert Janicki pracowa\u0142 przez ostatnie 3,5 roku, od wiosny 2018 roku. Awansowa\u0142 z dru\u017cyn\u0105 najpierw do I ligi, a nast\u0119pnie do Ekstraklasy. W tym okresie by\u0142 kluczowym graczem zespo\u0142u prowadzonego najpierw przez Petra Nemca, a nast\u0119pnie przez Piotra Tworka. W minionym sezonie rozegra\u0142 19 spotka\u0144, w kt\u00f3rych zdoby\u0142 1 bramk\u0119, a w sumie strzeli\u0142 dla Warty Pozna\u0144 15 goli.<\/p>\n<p>Tak\u017ce jedno trafienie w sezonie 2020\/21 zanotowa\u0142 Mariusz Rybicki, kt\u00f3ry opuszcza \u201eZielonych\u201d po niemal 2 latach. Zawodnik, kt\u00f3ry trafi\u0142 na Drog\u0119 D\u0119bi\u0144sk\u0105 latem 2019 roku z Odry Opole, rozegra\u0142 42 mecze w Warcie Pozna\u0144 i strzeli\u0142 w nich 2 gole. R\u00f3wnie\u017c przyczyni\u0142 si\u0119 do powrotu Klubu do Ekstraklasy po 25 latach.<\/p>\n<p>Nieco kr\u00f3tszy sta\u017c w Warcie Pozna\u0144 ma czw\u00f3rka zawodnik\u00f3w wypo\u017cyczonych w tym sezonie do beniaminka PKO BP Ekstraklasy. To Daniel Bielica, kt\u00f3ry sp\u0119dzi\u0142 w Poznaniu ca\u0142y miniony sezon, oraz Makana Baku, Maciej \u017burawski i Maik Nawrocki \u2013 sprowadzeni przez Wart\u0119 Pozna\u0144 na rund\u0119 rewan\u017cow\u0105. Po zako\u0144czeniu okresu wypo\u017cycze\u0144 pi\u0142karze wracaj\u0105 do swoich klub\u00f3w: Daniel Bielica (5 wyst\u0119p\u00f3w dla \u201eZielonych\u201d i 1 czyste konto) do G\u00f3rnika Zabrze, Makana Baku (6 goli i 2 asysty w 13 meczach) do Holstein Kiel, Maciej \u017burawski (16 wyst\u0119p\u00f3w, 4 asysty) do Pogoni Szczecin, a Maik Nawrocki (3 gry i 1 bramka) zn\u00f3w b\u0119dzie graczem Werderu Brema.<\/p>\n<p>W przypadku Makany Baku, kt\u00f3ry wiosn\u0105 by\u0142 jednym z lider\u00f3w dru\u017cyny, Warta Pozna\u0144 nie skorzysta\u0142a z prawa wykupu zawodnika z niemieckiego klubu. \u2013 <em>Nie zdecydowali\u015bmy si\u0119 na ten krok, gdy\u017c kwota wykupu zawarta w umowie z Holstein Kiel by\u0142a za wysoka i przekracza\u0142a nasze mo\u017cliwo\u015bci finansowe. Zreszt\u0105 od pocz\u0105tku m\u00f3wili\u015bmy, \u017ce Makana przychodzi do nas na jedn\u0105 rund\u0119, w trakcie kt\u00f3rej ma nam pom\u00f3c w osi\u0105gni\u0119ciu celu sportowego, a jednocze\u015bnie samemu odbudowa\u0107 si\u0119 po trudnym okresie w Kilonii. Uwa\u017camy, \u017ce to rozwi\u0105zanie by\u0142o korzystne i dla nas, i dla Makany<\/em> \u2013 t\u0142umaczy dyrektor Graf i dodaje: &#8211; <em>Wszystkim zawodnikom, kt\u00f3rzy wyst\u0119powali u nas na zasadzie wypo\u017cyczenia, serdecznie dzi\u0119kujemy za gr\u0119 i \u017cyczymy powodzenia w dalszej karierze. Ka\u017cdy z ch\u0142opak\u00f3w do\u0142o\u017cy\u0142 swoj\u0105 cegie\u0142k\u0119 do sukcesu, jakim by\u0142o zaj\u0119cie przez Wart\u0119 Pozna\u0144 5. miejsca w PKO BP Ekstraklasie.<\/em><\/p>\n<p>Sw\u00f3j wk\u0142ad w ten wynik ma r\u00f3wnie\u017c trzech zawodnik\u00f3w, kt\u00f3rzy znale\u017ali si\u0119 na li\u015bcie transferowej Warty Pozna\u0144. To Gracjan Jaroch, Mateusz Spycha\u0142a i Konrad Handzlik. Wszyscy maj\u0105 wa\u017cne kontrakty z Klubem, ale b\u0119d\u0105 mogli zmieni\u0107 barwy w najbli\u017cszym oknie transferowym.<\/p>\n","protected":false},"excerpt":{"rendered":"<p>Robert Janicki i Mariusz Rybicki odejd\u0105 z Warty Pozna\u0144 po tym jak sko\u0144cz\u0105 im si\u0119 kontrakty. Czterech pi\u0142karzy wypo\u017cyczonych w&#8230;<\/p>\n","protected":false},"author":36,"featured_media":14123,"comment_status":"closed","ping_status":"closed","sticky":false,"template":"","format":"standard","meta":{"om_disable_all_campaigns":false,"inline_featured_image":false,"footnotes":"","_links_to":"","_links_to_target":""},"categories":[94,100,245,165,1],"tags":[],"aioseo_notices":[],"_links":{"self":[{"href":"https:\/\/wartapoznan.pl\/index.php\/wp-json\/wp\/v2\/posts\/14121"}],"collection":[{"href":"https:\/\/wartapoznan.pl\/index.php\/wp-json\/wp\/v2\/posts"}],"about":[{"href":"https:\/\/wartapoznan.pl\/index.php\/wp-json\/wp\/v2\/types\/post"}],"author":[{"embeddable":true,"href":"https:\/\/wartapoznan.pl\/index.php\/wp-json\/wp\/v2\/users\/36"}],"replies":[{"embeddable":true,"href":"https:\/\/wartapoznan.pl\/index.php\/wp-json\/wp\/v2\/comments?post=14121"}],"version-history":[{"count":2,"href":"https:\/\/wartapoznan.pl\/index.php\/wp-json\/wp\/v2\/posts\/14121\/revisions"}],"predecessor-version":[{"id":14124,"href":"https:\/\/wartapoznan.pl\/index.php\/wp-json\/wp\/v2\/posts\/14121\/revisions\/14124"}],"wp:featuredmedia":[{"embeddable":true,"href":"https:\/\/wartapoznan.pl\/index.php\/wp-json\/wp\/v2\/media\/14123"}],"wp:attachment":[{"href":"https:\/\/wartapoznan.pl\/index.php\/wp-json\/wp\/v2\/media?parent=14121"}],"wp:term":[{"taxonomy":"category","embeddable":true,"href":"https:\/\/wartapoznan.pl\/index.php\/wp-json\/wp\/v2\/categories?post=14121"},{"taxonomy":"post_tag","embeddable":true,"href":"https:\/\/wartapoznan.pl\/index.php\/wp-json\/wp\/v2\/tags?post=14121"}],"curies":[{"name":"wp","href":"https:\/\/api.w.org\/{rel}","templated":true}]}}