{"id":14333,"date":"2021-07-01T21:00:58","date_gmt":"2021-07-01T19:00:58","guid":{"rendered":"https:\/\/wartapoznan.pl\/?p=14333"},"modified":"2021-07-01T21:00:58","modified_gmt":"2021-07-01T19:00:58","slug":"warta-poznan-gra-sparing-z-pogonia-szczecin","status":"publish","type":"post","link":"https:\/\/wartapoznan.pl\/index.php\/2021\/07\/01\/warta-poznan-gra-sparing-z-pogonia-szczecin\/","title":{"rendered":"Warta Pozna\u0144 gra sparing z Pogoni\u0105 Szczecin"},"content":{"rendered":"<p><strong>Pierwszy mecz kontrolny w okresie przygotowawczym do sezonu 2021\/22 rozegraj\u0105 w pi\u0105tek pi\u0142karze Warty Pozna\u0144. O godz. 16 w Opalenicy zmierz\u0105 si\u0119 z Pogoni\u0105 Szczecin. Transmisj\u0119 ze sparingu przeprowadzi telewizja WTK.<\/strong><\/p>\n<p>W ostatnim czasie szczecinianie s\u0105 w\u0142a\u015bciwie sta\u0142ym sparingpartnerem \u201eZielonych\u201d. Pi\u0105tkowe spotkanie b\u0119dzie ju\u017c czwartym meczem towarzyskim od lata 2019 roku. Pierwszy zako\u0144czy\u0142 si\u0119 remisem 1:1, w drugim \u2013 zim\u0105 2020 roku Pogo\u0144 wygra\u0142a 3:0, a niespe\u0142na p\u00f3\u0142 roku temu g\u00f3r\u0105 by\u0142a dru\u017cyna trenera Piotra Tworka, kt\u00f3ra zwyci\u0119\u017cy\u0142a 2:0. Wszystkie wspomniane pojedynki odby\u0142y si\u0119 w Szczecinie. Tym razem do starcia dojdzie w Opalenicy, gdzie trzeci zesp\u00f3\u0142 poprzedniego sezonu PKO BP Ekstraklasy jest na zgrupowaniu i przygotowuje si\u0119 do startu m.in. w Lidze Konferencji.<\/p>\n<p>Pogo\u0144 Szczecin pierwszy mecz z NK Osijek rozegra ju\u017c 22 lipca, czyli jeszcze przed startem sezonu PKO BP Ekstraklasy. Zesp\u00f3\u0142 trenera Kosty Runjaicia jest wi\u0119c nieco do przodu, je\u015bli chodzi o przygotowania do rozgrywek. W Opalenicy zd\u0105\u017cy\u0142 ju\u017c rozegra\u0107 dwa sparingi \u2013 wygrany 3:0 z Zag\u0142\u0119biem Lubin i zako\u0144czony pora\u017ck\u0105 0:1 ze s\u0142owackim MFK Ru\u017comberok. W pierwszym z nich wyst\u0105pi\u0142 Maciej \u017burawski, kt\u00f3ry wiosn\u0119 tego roku sp\u0119dzi\u0142 na wypo\u017cyczeniu z Pogoni do Warty Pozna\u0144.<\/p>\n<p>\u201eZieloni\u201d udadz\u0105 si\u0119 do Opalenicy w drodze powrotnej z Grodziska Wlkp., gdzie dobiega ko\u0144ca pierwszy z dw\u00f3ch letnich oboz\u00f3w przygotowawczych pozna\u0144skiej dru\u017cyny. Po trzech tygodniach trening\u00f3w pi\u0142karze Warty Pozna\u0144 rozegraj\u0105 pierwszy sparing, bo dotychczas wyst\u0105pili jedynie w wewn\u0119trznej grze kontrolnej, kt\u00f3ra odby\u0142a si\u0119 przed tygodniem. Po meczu z Pogoni\u0105 czekaj\u0105 ich jeszcze sprawdziany formy w starciach z G\u00f3rnikiem Zabrze (10 lipca w Poznaniu) i Zag\u0142\u0119biem Lubin (15 lipca w Opalenicy).<\/p>\n<p>&#8211; <em>Cieszymy si\u0119, \u017ce b\u0119dziemy mieli okazj\u0119 zmierzy\u0107 si\u0119 z silnymi rywalami. Szans\u0119 pokazania si\u0119 dostan\u0105 trzej nowi zawodnicy w dru\u017cynie, czyli J\u0119drzej Grobelny, Wiktor Ple\u015bnierowicz i Milan Corryn. Wyst\u0105pi\u0105 te\u017c gracze testowani, kt\u00f3rzy trenowali z nami na zgrupowaniu i b\u0119dziemy mogli sprawdzi\u0107 ich w warunkach meczowych<\/em> \u2013 m\u00f3wi Adam Sza\u0142a, drugi trener Warty Pozna\u0144.<\/p>\n<p>Pocz\u0105tek meczu w Opalenicy w pi\u0105tek o godz. 16. Transmisja w Telewizji WTK, r\u00f3wnie\u017c <a href=\"https:\/\/youtu.be\/KBzDjMaQBvA\" target=\"_blank\" rel=\"noopener noreferrer\">na kanale w serwisie Youtube<\/a>.<\/p>\n","protected":false},"excerpt":{"rendered":"<p>Pierwszy mecz kontrolny w okresie przygotowawczym do sezonu 2021\/22 rozegraj\u0105 w pi\u0105tek pi\u0142karze Warty Pozna\u0144. O godz. 16 w Opalenicy&#8230;<\/p>\n","protected":false},"author":36,"featured_media":14336,"comment_status":"closed","ping_status":"closed","sticky":false,"template":"","format":"standard","meta":{"om_disable_all_campaigns":false,"inline_featured_image":false,"footnotes":"","_links_to":"","_links_to_target":""},"categories":[94,100,245,102,1],"tags":[],"aioseo_notices":[],"_links":{"self":[{"href":"https:\/\/wartapoznan.pl\/index.php\/wp-json\/wp\/v2\/posts\/14333"}],"collection":[{"href":"https:\/\/wartapoznan.pl\/index.php\/wp-json\/wp\/v2\/posts"}],"about":[{"href":"https:\/\/wartapoznan.pl\/index.php\/wp-json\/wp\/v2\/types\/post"}],"author":[{"embeddable":true,"href":"https:\/\/wartapoznan.pl\/index.php\/wp-json\/wp\/v2\/users\/36"}],"replies":[{"embeddable":true,"href":"https:\/\/wartapoznan.pl\/index.php\/wp-json\/wp\/v2\/comments?post=14333"}],"version-history":[{"count":0,"href":"https:\/\/wartapoznan.pl\/index.php\/wp-json\/wp\/v2\/posts\/14333\/revisions"}],"wp:featuredmedia":[{"embeddable":true,"href":"https:\/\/wartapoznan.pl\/index.php\/wp-json\/wp\/v2\/media\/14336"}],"wp:attachment":[{"href":"https:\/\/wartapoznan.pl\/index.php\/wp-json\/wp\/v2\/media?parent=14333"}],"wp:term":[{"taxonomy":"category","embeddable":true,"href":"https:\/\/wartapoznan.pl\/index.php\/wp-json\/wp\/v2\/categories?post=14333"},{"taxonomy":"post_tag","embeddable":true,"href":"https:\/\/wartapoznan.pl\/index.php\/wp-json\/wp\/v2\/tags?post=14333"}],"curies":[{"name":"wp","href":"https:\/\/api.w.org\/{rel}","templated":true}]}}