{"id":14343,"date":"2021-07-02T13:59:40","date_gmt":"2021-07-02T11:59:40","guid":{"rendered":"https:\/\/wartapoznan.pl\/?p=14343"},"modified":"2022-02-03T15:28:41","modified_gmt":"2022-02-03T14:28:41","slug":"szymon-czyz-pilkarzem-warty-poznan","status":"publish","type":"post","link":"https:\/\/wartapoznan.pl\/index.php\/2021\/07\/02\/szymon-czyz-pilkarzem-warty-poznan\/","title":{"rendered":"Szymon Czy\u017c pi\u0142karzem Warty Pozna\u0144"},"content":{"rendered":"<p><strong>Pomocnik m\u0142odzie\u017cowej reprezentacji Polski, Szymon Czy\u017c podpisa\u0142 trzyletni kontrakt z Wart\u0105 Pozna\u0144 i wraca do kraju po trzech sezonach sp\u0119dzonych w Lazio Rzym. Witamy w Zielonej Rodzinie!<\/strong><\/p>\n<p>Szymon Czy\u017c 8 lipca sko\u0144czy 20 lat. Pochodzi z Gdyni i jest wychowankiem tamtejszej Arki. Jako 14-latek trafi\u0142 do Akademii Lecha Pozna\u0144, z kt\u00f3rej latem 2018 roku przeni\u00f3s\u0142 si\u0119 do Lazio Rzym. Umowa z w\u0142oskim klubem sko\u0144czy\u0142a mu si\u0119 30 czerwca i w pi\u0105tek zawodnik podpisa\u0142 kontrakt z Wart\u0105 Pozna\u0144 do ko\u0144ca sezonu 2023\/24.<\/p>\n<p><img decoding=\"async\" class=\"aligncenter size-full wp-image-14346\" src=\"https:\/\/wartapoznan.pl\/wp-content\/uploads\/2021\/07\/IMG_3187-www.jpg\" alt=\"Szymon Czy\u017c pi\u0142karzem Warty Pozna\u0144\" height=\"667\"><\/p>\n<p>&#8211; <em>Cieszymy si\u0119 niezmiernie, bo to m\u0142ody, utalentowany ch\u0142opak, kt\u00f3ry zadebiutowa\u0142 ju\u017c w rozgrywkach Ligi Mistrz\u00f3w, trenowa\u0142 z pierwsz\u0105 dru\u017cyn\u0105 Lazio Rzym i by\u0142 kadrze zespo\u0142u w kilku meczach Serie A. Cieszymy si\u0119 tym bardziej, \u017ce Szymon wybra\u0142 Wart\u0119, bo po tym, jak otrzyma\u0142 ofert\u0119 od nas, propozycj\u0119 przed\u0142u\u017cenia kontraktu z\u0142o\u017cy\u0142o mu te\u017c Lazio. W tym momencie zawodnik by\u0142 ju\u017c jednak przekonany, \u017ce Warta Pozna\u0144 jest dla niego najlepszym wyborem i zdecydowa\u0142 si\u0119 na nas<\/em> \u2013 m\u00f3wi Robert Graf, dyrektor sportowy pozna\u0144skiego klubu. &#8211; <em>To zawodnik na pozycje 8, 10 czyli gra jako \u015brodkowy pomocnik lub ofensywny \u015brodkowy pomocnik. Mo\u017ce pe\u0142ni\u0107 na boisku podobn\u0105 rol\u0119, jak Maciek \u017burawski, kt\u00f3ry wyst\u0119powa\u0142 u nas wiosn\u0105. Te\u017c jest m\u0142odzie\u017cowcem, wi\u0119c mo\u017cna powiedzie\u0107, \u017ce to taka wymiana jeden do jednego za Ma\u0107ka. G\u0142\u0119boko wierzymy w to, \u017ce Szymon da nam jako\u015b\u0107 w ofensywie i przyczyni si\u0119 do tego, by\u015bmy mogli prze\u017cywa\u0107 wiele mi\u0142ych chwil podczas mecz\u00f3w &#8222;Zielonych&#8221;.<\/em><\/p>\n<p>Wspomniany wyst\u0119p Szymona Czy\u017ca w Lidze Mistrz\u00f3w mia\u0142 miejsce w pa\u017adzierniku 2020 roku. M\u0142ody Polak wszed\u0142 na boisko w 68. minucie wyjazdowego meczu z Club Brugge w fazie grupowej. W\u0142osi zremisowali na wyje\u017adzie 1:1. \u201eNiesamowity wiecz\u00f3r\u201d \u2013 napisa\u0142 zawodnik na Twitterze.<\/p>\n<blockquote class=\"twitter-tweet\">\n<p dir=\"ltr\" lang=\"pl\">Niesamowity wiecz\u00f3r? <a href=\"https:\/\/twitter.com\/OfficialSSLazio?ref_src=twsrc%5Etfw\">@OfficialSSLazio<\/a> <a href=\"https:\/\/t.co\/BkP8h2mSf1\">pic.twitter.com\/BkP8h2mSf1<\/a><\/p>\n<p>\u2014 szymon.czyz (@szymekczyz1) <a href=\"https:\/\/twitter.com\/szymekczyz1\/status\/1321584068283322368?ref_src=twsrc%5Etfw\">October 28, 2020<\/a><\/p><\/blockquote>\n<p><script async=\"\" src=\"https:\/\/platform.twitter.com\/widgets.js\" charset=\"utf-8\"><\/script><\/p>\n<p>&#8211; <em>Mecz w Lidze Mistrz\u00f3w to by\u0142 m\u00f3j pierwszy wyst\u0119p w seniorskim zespole Lazio. Niezapomniana chwila i bardzo si\u0119 ciesz\u0119 z tego, \u017ce mog\u0142em zadebiutowa\u0107 akurat w takich rozgrywkach<\/em> \u2013 m\u00f3wi Szymon Czy\u017c. &#8211; <em>Chc\u0119 zdobywa\u0107 do\u015bwiadczenie w seniorskim futbolu i wydaje mi si\u0119, \u017ce Warta Pozna\u0144 jest w tym momencie najlepszym miejscem dla mnie. Nie mia\u0142em problemu z wyborem klubu. Przychodz\u0119 tutaj, \u017ceby da\u0107 co\u015b od siebie i pom\u00f3c dru\u017cynie w powt\u00f3rzeniu lub zrobieniu lepszego wyniku ni\u017c w ostatnim sezonie. Chcia\u0142bym przedstawi\u0107 si\u0119 kibicom na boisku i pokaza\u0107 z jak najlepszej strony. Wsp\u00f3lnie z zespo\u0142em chc\u0119 osi\u0105ga\u0107 postawione przed nami cele.<\/em><\/p>\n<p><img decoding=\"async\" class=\"aligncenter size-full wp-image-14348\" src=\"https:\/\/wartapoznan.pl\/wp-content\/uploads\/2021\/07\/180321PYK0022-www.jpg\" alt=\"Szymon Czy\u017c w barwach m\u0142odzie\u017cowej reprezentacji Polski\" height=\"667\"><\/p>\n<p>Nowy pi\u0142karz \u201eZielonych\u201d ma 176 cm wzrostu, wa\u017cy 76 kg. W m\u0142odzie\u017cowych reprezentacjach Polski do lat 17, 18, 19 i 21 rozegra\u0142 22 mecze i zdoby\u0142 jedn\u0105 bramk\u0119. &#8211; <em>Jestem \u015brodkowym pomocnikiem, lubi\u0119 gra\u0107 w ataku i w obronie. Tak naprawd\u0119, to chc\u0119 robi\u0107 wszystko na boisku, wi\u0119c b\u0119d\u0119 walczy\u0142 i stara\u0142 si\u0119 z ca\u0142ych si\u0142, \u017ceby Warta zdobywa\u0142a jak najwi\u0119cej punkt\u00f3w w tym sezonie<\/em> \u2013 podkre\u015bla.<\/p>\n<p>Szymon Czy\u017c to czwarty zawodnik, kt\u00f3ry trafi\u0142 do Warty Pozna\u0144 w obecnym oknie transferowym. Wcze\u015bniej kontrakty podpisali: bramkarz J\u0119drzej Grobelny, obro\u0144ca Wiktor Ple\u015bnierowicz i pomocnik Milan Corryn.<\/p>\n<p><strong><img decoding=\"async\" class=\"aligncenter size-full wp-image-14345\" src=\"https:\/\/wartapoznan.pl\/wp-content\/uploads\/2021\/07\/IMG_3190-www.jpg\" alt=\"Szymon Czy\u017c (Warta Pozna\u0144)\" height=\"667\" srcset=\"https:\/\/wartapoznan.pl\/wp-content\/uploads\/2021\/07\/IMG_3190-www.jpg 1001w, https:\/\/wartapoznan.pl\/wp-content\/uploads\/2021\/07\/IMG_3190-www-300x200.jpg 300w, https:\/\/wartapoznan.pl\/wp-content\/uploads\/2021\/07\/IMG_3190-www-128x85.jpg 128w, https:\/\/wartapoznan.pl\/wp-content\/uploads\/2021\/07\/IMG_3190-www-32x21.jpg 32w\" sizes=\"(max-width: 1001px) 100vw, 1001px\" \/><\/strong><\/p>\n<p><strong>Witamy w Zielonej Rodzinie Warty Pozna\u0144 i \u017cyczymy jak najwi\u0119cej sukces\u00f3w!<\/strong><\/p>\n<p>&nbsp;<\/p>\n","protected":false},"excerpt":{"rendered":"<p>Pomocnik m\u0142odzie\u017cowej reprezentacji Polski, Szymon Czy\u017c podpisa\u0142 trzyletni kontrakt z Wart\u0105 Pozna\u0144 i wraca do kraju po trzech sezonach sp\u0119dzonych&#8230;<\/p>\n","protected":false},"author":36,"featured_media":16773,"comment_status":"closed","ping_status":"closed","sticky":false,"template":"","format":"standard","meta":{"om_disable_all_campaigns":false,"inline_featured_image":false,"footnotes":"","_links_to":"","_links_to_target":""},"categories":[94,100,245,165,1],"tags":[],"aioseo_notices":[],"_links":{"self":[{"href":"https:\/\/wartapoznan.pl\/index.php\/wp-json\/wp\/v2\/posts\/14343"}],"collection":[{"href":"https:\/\/wartapoznan.pl\/index.php\/wp-json\/wp\/v2\/posts"}],"about":[{"href":"https:\/\/wartapoznan.pl\/index.php\/wp-json\/wp\/v2\/types\/post"}],"author":[{"embeddable":true,"href":"https:\/\/wartapoznan.pl\/index.php\/wp-json\/wp\/v2\/users\/36"}],"replies":[{"embeddable":true,"href":"https:\/\/wartapoznan.pl\/index.php\/wp-json\/wp\/v2\/comments?post=14343"}],"version-history":[{"count":1,"href":"https:\/\/wartapoznan.pl\/index.php\/wp-json\/wp\/v2\/posts\/14343\/revisions"}],"predecessor-version":[{"id":17447,"href":"https:\/\/wartapoznan.pl\/index.php\/wp-json\/wp\/v2\/posts\/14343\/revisions\/17447"}],"wp:featuredmedia":[{"embeddable":true,"href":"https:\/\/wartapoznan.pl\/index.php\/wp-json\/wp\/v2\/media\/16773"}],"wp:attachment":[{"href":"https:\/\/wartapoznan.pl\/index.php\/wp-json\/wp\/v2\/media?parent=14343"}],"wp:term":[{"taxonomy":"category","embeddable":true,"href":"https:\/\/wartapoznan.pl\/index.php\/wp-json\/wp\/v2\/categories?post=14343"},{"taxonomy":"post_tag","embeddable":true,"href":"https:\/\/wartapoznan.pl\/index.php\/wp-json\/wp\/v2\/tags?post=14343"}],"curies":[{"name":"wp","href":"https:\/\/api.w.org\/{rel}","templated":true}]}}