{"id":1534,"date":"2016-08-25T13:31:18","date_gmt":"2016-08-25T11:31:18","guid":{"rendered":"http:\/\/familyhousepl.home.pl\/wartapoznan\/?p=1534"},"modified":"2018-06-19T13:37:17","modified_gmt":"2018-06-19T11:37:17","slug":"rasmus-sedzia-meczu-z-olimpia","status":"publish","type":"post","link":"https:\/\/wartapoznan.pl\/index.php\/2016\/08\/25\/rasmus-sedzia-meczu-z-olimpia\/","title":{"rendered":"Rasmus s\u0119dzi\u0105 meczu z Olimpi\u0105"},"content":{"rendered":"<p>Poznali\u015bmy arbitra, kt\u00f3ry poprowadzi sobotnie spotkanie pomi\u0119dzy Olimpi\u0105 Elbl\u0105g i Wart\u0105 Pozna\u0144. Polski Zwi\u0105zek Pi\u0142ki No\u017cnej wyznaczy\u0142 na ten mecz s\u0119dziego Sylwestra Rasmusa.<\/p>\n<p>Dla torunianina b\u0119d\u0105 to trzecie zawody na tym poziomie w obecnym sezonie. Wcze\u015bniej by\u0142 on arbitrem pojedynk\u00f3w Gryfa Wejherowo z B\u0142\u0119kitnymi Stargard, a tak\u017ce Kotwicy Ko\u0142obrzeg z Legionovi\u0105 Legionowo.<\/p>\n<p>Ten do\u015bwiadczony s\u0119dzia mia\u0142 te\u017c ju\u017c okazj\u0119 prowadzi\u0107 mecz Warty. W sezonie 2013\/2014 by\u0142 rozjemc\u0105 wyjazdowego spotkania \u201eZielonych\u201d z Calisi\u0105 Kalisz, kt\u00f3re poznaniacy wygrali 3:0 po dw\u00f3ch golach Grzegorza Rasiaka i trafieniu Micha\u0142a Ciarkowskiego.<\/p>\n<p>foto: PZPN.pl<\/p>\n","protected":false},"excerpt":{"rendered":"<p>Poznali\u015bmy arbitra, kt\u00f3ry poprowadzi sobotnie spotkanie pomi\u0119dzy Olimpi\u0105 Elbl\u0105g i Wart\u0105 Pozna\u0144. Polski Zwi\u0105zek Pi\u0142ki No\u017cnej wyznaczy\u0142 na ten mecz&#8230;<\/p>\n","protected":false},"author":36,"featured_media":1499,"comment_status":"open","ping_status":"open","sticky":false,"template":"","format":"standard","meta":{"om_disable_all_campaigns":false,"inline_featured_image":false,"footnotes":"","_links_to":"","_links_to_target":""},"categories":[94,100],"tags":[],"aioseo_notices":[],"_links":{"self":[{"href":"https:\/\/wartapoznan.pl\/index.php\/wp-json\/wp\/v2\/posts\/1534"}],"collection":[{"href":"https:\/\/wartapoznan.pl\/index.php\/wp-json\/wp\/v2\/posts"}],"about":[{"href":"https:\/\/wartapoznan.pl\/index.php\/wp-json\/wp\/v2\/types\/post"}],"author":[{"embeddable":true,"href":"https:\/\/wartapoznan.pl\/index.php\/wp-json\/wp\/v2\/users\/36"}],"replies":[{"embeddable":true,"href":"https:\/\/wartapoznan.pl\/index.php\/wp-json\/wp\/v2\/comments?post=1534"}],"version-history":[{"count":1,"href":"https:\/\/wartapoznan.pl\/index.php\/wp-json\/wp\/v2\/posts\/1534\/revisions"}],"predecessor-version":[{"id":1535,"href":"https:\/\/wartapoznan.pl\/index.php\/wp-json\/wp\/v2\/posts\/1534\/revisions\/1535"}],"wp:featuredmedia":[{"embeddable":true,"href":"https:\/\/wartapoznan.pl\/index.php\/wp-json\/wp\/v2\/media\/1499"}],"wp:attachment":[{"href":"https:\/\/wartapoznan.pl\/index.php\/wp-json\/wp\/v2\/media?parent=1534"}],"wp:term":[{"taxonomy":"category","embeddable":true,"href":"https:\/\/wartapoznan.pl\/index.php\/wp-json\/wp\/v2\/categories?post=1534"},{"taxonomy":"post_tag","embeddable":true,"href":"https:\/\/wartapoznan.pl\/index.php\/wp-json\/wp\/v2\/tags?post=1534"}],"curies":[{"name":"wp","href":"https:\/\/api.w.org\/{rel}","templated":true}]}}