{"id":1550,"date":"2016-09-06T13:49:04","date_gmt":"2016-09-06T11:49:04","guid":{"rendered":"http:\/\/familyhousepl.home.pl\/wartapoznan\/?p=1550"},"modified":"2018-06-19T13:51:37","modified_gmt":"2018-06-19T11:51:37","slug":"lis-sedzia-meczu-z-gks-em-belchatow","status":"publish","type":"post","link":"https:\/\/wartapoznan.pl\/index.php\/2016\/09\/06\/lis-sedzia-meczu-z-gks-em-belchatow\/","title":{"rendered":"Lis s\u0119dzi\u0105 meczu z GKS-em Be\u0142chat\u00f3w"},"content":{"rendered":"<p>Polski Zwi\u0105zek Pi\u0142ki No\u017cnej wyznaczy\u0142 s\u0119dzi\u00f3w na mecze 8. kolejki II ligi. Sobotnie spotkanie Warty z GKS-em Be\u0142chat\u00f3w poprowadzi Jacek Lis z Katowic.<\/p>\n<p>Do\u015bwiadczony na II-ligowym poziomie arbiter w tym sezonie mia\u0142 ju\u017c okazj\u0119 prowadzi\u0107 dwa mecze: Stal Stalowa Wola \u2013 Radomiak Radom (1:2) oraz Siarka Tarnobrzeg \u2013 Olimpia Zambr\u00f3w (3:0). W sumie w tych dw\u00f3ch spotkaniach pokaza\u0142 osiem \u017c\u00f3\u0142tych kartek i podyktowa\u0142 jeden rzut karny.<\/p>\n<p>Katowiczanin w przesz\u0142o\u015bci by\u0142 te\u017c ju\u017c arbitrem w spotkaniu \u201eZielonych\u201d. Niemal r\u00f3wne trzy lata temu, bo 7 wrze\u015bnia 2013 roku poprowadzi\u0142 spotkanie z Chrobrym G\u0142og\u00f3w. W\u00f3wczas pad\u0142 bezbramkowy remis.<\/p>\n<p>foto: PZPN<\/p>\n","protected":false},"excerpt":{"rendered":"<p>Polski Zwi\u0105zek Pi\u0142ki No\u017cnej wyznaczy\u0142 s\u0119dzi\u00f3w na mecze 8. kolejki II ligi. Sobotnie spotkanie Warty z GKS-em Be\u0142chat\u00f3w poprowadzi Jacek&#8230;<\/p>\n","protected":false},"author":36,"featured_media":1499,"comment_status":"open","ping_status":"open","sticky":false,"template":"","format":"standard","meta":{"om_disable_all_campaigns":false,"inline_featured_image":false,"footnotes":"","_links_to":"","_links_to_target":""},"categories":[94,100],"tags":[],"aioseo_notices":[],"_links":{"self":[{"href":"https:\/\/wartapoznan.pl\/index.php\/wp-json\/wp\/v2\/posts\/1550"}],"collection":[{"href":"https:\/\/wartapoznan.pl\/index.php\/wp-json\/wp\/v2\/posts"}],"about":[{"href":"https:\/\/wartapoznan.pl\/index.php\/wp-json\/wp\/v2\/types\/post"}],"author":[{"embeddable":true,"href":"https:\/\/wartapoznan.pl\/index.php\/wp-json\/wp\/v2\/users\/36"}],"replies":[{"embeddable":true,"href":"https:\/\/wartapoznan.pl\/index.php\/wp-json\/wp\/v2\/comments?post=1550"}],"version-history":[{"count":1,"href":"https:\/\/wartapoznan.pl\/index.php\/wp-json\/wp\/v2\/posts\/1550\/revisions"}],"predecessor-version":[{"id":1553,"href":"https:\/\/wartapoznan.pl\/index.php\/wp-json\/wp\/v2\/posts\/1550\/revisions\/1553"}],"wp:featuredmedia":[{"embeddable":true,"href":"https:\/\/wartapoznan.pl\/index.php\/wp-json\/wp\/v2\/media\/1499"}],"wp:attachment":[{"href":"https:\/\/wartapoznan.pl\/index.php\/wp-json\/wp\/v2\/media?parent=1550"}],"wp:term":[{"taxonomy":"category","embeddable":true,"href":"https:\/\/wartapoznan.pl\/index.php\/wp-json\/wp\/v2\/categories?post=1550"},{"taxonomy":"post_tag","embeddable":true,"href":"https:\/\/wartapoznan.pl\/index.php\/wp-json\/wp\/v2\/tags?post=1550"}],"curies":[{"name":"wp","href":"https:\/\/api.w.org\/{rel}","templated":true}]}}