{"id":1560,"date":"2016-09-15T13:52:50","date_gmt":"2016-09-15T11:52:50","guid":{"rendered":"http:\/\/familyhousepl.home.pl\/wartapoznan\/?p=1560"},"modified":"2018-06-19T13:56:02","modified_gmt":"2018-06-19T11:56:02","slug":"zaleski-sedzia-spotkania-z-gryfem","status":"publish","type":"post","link":"https:\/\/wartapoznan.pl\/index.php\/2016\/09\/15\/zaleski-sedzia-spotkania-z-gryfem\/","title":{"rendered":"Za\u0142\u0119ski s\u0119dzi\u0105 spotkania z Gryfem"},"content":{"rendered":"<p>Poznali\u015bmy arbitra, kt\u00f3ry poprowadzi sobotnie spotkanie pomi\u0119dzy Gryfem Wejherowo\u00a0i Wart\u0105 Pozna\u0144. Polski Zwi\u0105zek Pi\u0142ki No\u017cnej wyznaczy\u0142 na ten mecz s\u0119dziego Sebastiana Za\u0142\u0119skiego.<\/p>\n<p>Dla urodzonego w Ostro\u0142\u0119ce arbitra b\u0119d\u0105 to\u00a0dopiero drugie\u00a0zawody na tym poziomie w obecnym sezonie. Wcze\u015bniej by\u0142 on rozjemc\u0105 spotkania Rakowa Cz\u0119stochowa z ROW 1964 Rybnik. Mecz ten zako\u0144czy\u0142 si\u0119 wynikiem 3:1 dla gospodarzy, a sam s\u0119dzia nie pokaza\u0142 w nim ani jednej kartki.<\/p>\n<p>W swojej dotychczasowej karierze Sebastian Za\u0142\u0119ski nie mia\u0142 jeszcze okazji prowadzi\u0107 \u017cadnego spotkania Warty. Trzykrotnie gwizda\u0142 natomiast w meczach Gryfa i warto tu odnotowa\u0107, \u017ce \u017cadnego z tych spotka\u0144 nasz najbli\u017cszy rywal nie wygra\u0142 (dwie pora\u017cki i remis).<\/p>\n<p>foto: PZPN.pl<\/p>\n","protected":false},"excerpt":{"rendered":"<p>Poznali\u015bmy arbitra, kt\u00f3ry poprowadzi sobotnie spotkanie pomi\u0119dzy Gryfem Wejherowo\u00a0i Wart\u0105 Pozna\u0144. Polski Zwi\u0105zek Pi\u0142ki No\u017cnej wyznaczy\u0142 na ten mecz s\u0119dziego&#8230;<\/p>\n","protected":false},"author":36,"featured_media":1499,"comment_status":"open","ping_status":"open","sticky":false,"template":"","format":"standard","meta":{"om_disable_all_campaigns":false,"inline_featured_image":false,"footnotes":"","_links_to":"","_links_to_target":""},"categories":[94,100],"tags":[],"aioseo_notices":[],"_links":{"self":[{"href":"https:\/\/wartapoznan.pl\/index.php\/wp-json\/wp\/v2\/posts\/1560"}],"collection":[{"href":"https:\/\/wartapoznan.pl\/index.php\/wp-json\/wp\/v2\/posts"}],"about":[{"href":"https:\/\/wartapoznan.pl\/index.php\/wp-json\/wp\/v2\/types\/post"}],"author":[{"embeddable":true,"href":"https:\/\/wartapoznan.pl\/index.php\/wp-json\/wp\/v2\/users\/36"}],"replies":[{"embeddable":true,"href":"https:\/\/wartapoznan.pl\/index.php\/wp-json\/wp\/v2\/comments?post=1560"}],"version-history":[{"count":1,"href":"https:\/\/wartapoznan.pl\/index.php\/wp-json\/wp\/v2\/posts\/1560\/revisions"}],"predecessor-version":[{"id":1566,"href":"https:\/\/wartapoznan.pl\/index.php\/wp-json\/wp\/v2\/posts\/1560\/revisions\/1566"}],"wp:featuredmedia":[{"embeddable":true,"href":"https:\/\/wartapoznan.pl\/index.php\/wp-json\/wp\/v2\/media\/1499"}],"wp:attachment":[{"href":"https:\/\/wartapoznan.pl\/index.php\/wp-json\/wp\/v2\/media?parent=1560"}],"wp:term":[{"taxonomy":"category","embeddable":true,"href":"https:\/\/wartapoznan.pl\/index.php\/wp-json\/wp\/v2\/categories?post=1560"},{"taxonomy":"post_tag","embeddable":true,"href":"https:\/\/wartapoznan.pl\/index.php\/wp-json\/wp\/v2\/tags?post=1560"}],"curies":[{"name":"wp","href":"https:\/\/api.w.org\/{rel}","templated":true}]}}