{"id":16052,"date":"2021-08-02T08:30:16","date_gmt":"2021-08-02T06:30:16","guid":{"rendered":"https:\/\/wartapoznan.pl\/?p=14828"},"modified":"2022-02-03T15:03:22","modified_gmt":"2022-02-03T14:03:22","slug":"skrot-meczu-warta-poznan-pogon-szczecin-wideo-2","status":"publish","type":"post","link":"https:\/\/wartapoznan.pl\/index.php\/2021\/08\/02\/skrot-meczu-warta-poznan-pogon-szczecin-wideo-2\/","title":{"rendered":"Skr\u00f3t meczu Warta Pozna\u0144 &#8211; Pogo\u0144 Szczecin [WIDEO]"},"content":{"rendered":"<p><strong>Zapraszamy na skr\u00f3t niedzielnego meczu Warty Pozna\u0144 z Pogoni\u0105 Szczecin w 2. kolejce PKO Bank Polski Ekstraklasy. &#8222;Zieloni&#8221; d\u0142ugo przegrywali, grali w dziesi\u0119ciu przeciwko jedenastu, a mimo to zremisowali 1:1 z trzecim zespo\u0142em poprzedniego sezonu.<\/strong><\/p>\n<p>Go\u015bcie wyszli na prowadzenie ju\u017c w 11. minucie po strzale Kamila Drygasa z rzutu karnego, a chwil\u0119 wcze\u015bniej czerwon\u0105 kartk\u0119 zobaczy\u0142 \u0141ukasz Tra\u0142ka. Sze\u015b\u0107 minut przed ko\u0144cem punkt Warcie Pozna\u0144 zapewni\u0142 Robert Ivanov.<\/p>\n<style>\n<p>    #video-wrapper {<\/p>\n<p>      height: 100vh;<\/p>\n<p>      width: auto;<\/p>\n<p>      margin: auto;<\/p>\n<p>    }<\/p>\n<\/style>\n<div id=\"video-wrapper\">\n<p><iframe src=\"https:\/\/www.ekstraklasa.tv\/embedded\/ddb685c5-c89b-474a-a3b6-dcd6f0a18dc0_FB3544\" frameborder=\"0\" seamless=\"\" allowfullscreen=\"allowfullscreen\">&nbsp;<\/p>\n<p><\/iframe><\/p>\n<\/div>\n<hr>\n<p><a href=\"https:\/\/bit.ly\/3C79Gjz\" target=\"_blank\" rel=\"noopener noreferrer\">ZOBACZ ZDJ\u0118CIA Z MECZU WARTA POZNA\u0143 &#8211; POGO\u0143 SZCZECIN <\/a><\/p>\n","protected":false},"excerpt":{"rendered":"<p>Zapraszamy na skr\u00f3t niedzielnego meczu Warty Pozna\u0144 z Pogoni\u0105 Szczecin w 2. kolejce PKO Bank Polski Ekstraklasy. &#8222;Zieloni&#8221; d\u0142ugo przegrywali,&#8230;<\/p>\n","protected":false},"author":36,"featured_media":16876,"comment_status":"closed","ping_status":"closed","sticky":false,"template":"","format":"standard","meta":{"om_disable_all_campaigns":false,"inline_featured_image":false,"footnotes":"","_links_to":"","_links_to_target":""},"categories":[1],"tags":[],"aioseo_notices":[],"_links":{"self":[{"href":"https:\/\/wartapoznan.pl\/index.php\/wp-json\/wp\/v2\/posts\/16052"}],"collection":[{"href":"https:\/\/wartapoznan.pl\/index.php\/wp-json\/wp\/v2\/posts"}],"about":[{"href":"https:\/\/wartapoznan.pl\/index.php\/wp-json\/wp\/v2\/types\/post"}],"author":[{"embeddable":true,"href":"https:\/\/wartapoznan.pl\/index.php\/wp-json\/wp\/v2\/users\/36"}],"replies":[{"embeddable":true,"href":"https:\/\/wartapoznan.pl\/index.php\/wp-json\/wp\/v2\/comments?post=16052"}],"version-history":[{"count":1,"href":"https:\/\/wartapoznan.pl\/index.php\/wp-json\/wp\/v2\/posts\/16052\/revisions"}],"predecessor-version":[{"id":17420,"href":"https:\/\/wartapoznan.pl\/index.php\/wp-json\/wp\/v2\/posts\/16052\/revisions\/17420"}],"wp:featuredmedia":[{"embeddable":true,"href":"https:\/\/wartapoznan.pl\/index.php\/wp-json\/wp\/v2\/media\/16876"}],"wp:attachment":[{"href":"https:\/\/wartapoznan.pl\/index.php\/wp-json\/wp\/v2\/media?parent=16052"}],"wp:term":[{"taxonomy":"category","embeddable":true,"href":"https:\/\/wartapoznan.pl\/index.php\/wp-json\/wp\/v2\/categories?post=16052"},{"taxonomy":"post_tag","embeddable":true,"href":"https:\/\/wartapoznan.pl\/index.php\/wp-json\/wp\/v2\/tags?post=16052"}],"curies":[{"name":"wp","href":"https:\/\/api.w.org\/{rel}","templated":true}]}}