{"id":16058,"date":"2021-08-05T18:40:49","date_gmt":"2021-08-05T16:40:49","guid":{"rendered":"https:\/\/wartapoznan.pl\/?p=14865"},"modified":"2022-02-03T14:59:43","modified_gmt":"2022-02-03T13:59:43","slug":"warta-poznan-gra-z-gornikiem-leczna-po-raz-pierwszy-w-ekstraklasie","status":"publish","type":"post","link":"https:\/\/wartapoznan.pl\/index.php\/2021\/08\/05\/warta-poznan-gra-z-gornikiem-leczna-po-raz-pierwszy-w-ekstraklasie\/","title":{"rendered":"Warta Pozna\u0144 gra z G\u00f3rnikiem \u0141\u0119czna. Po raz pierwszy w Ekstraklasie"},"content":{"rendered":"<p><strong>&#8211; <em>Heroizm i okoliczno\u015bci wywalczenia punktu z Pogoni\u0105 Szczecin niewiele nam dadz\u0105, je\u015bli nie b\u0119dziemy tak podchodzili do kolejnych mecz\u00f3w. Musimy zaprzyja\u017ani\u0107 si\u0119 z wysi\u0142kiem i determinacj\u0105 w ka\u017cdej kolejce<\/em> \u2013 m\u00f3wi trener Warty Pozna\u0144, Piotr Tworek przed pojedynkiem z G\u00f3rnikiem \u0141\u0119czna w 3. kolejce PKO Bank Polski Ekstraklasy. Pierwsze starcie tych dru\u017cyn w najwy\u017cszej lidze rozpocznie si\u0119 w pi\u0105tek o godz. 18. Transmisja z \u0141\u0119cznej w Canal+ Sport i Sport+ oraz w MC Radiu.<\/strong><\/p>\n<p>To b\u0119dzie dopiero jedenasty ligowy mecz Warty Pozna\u0144 z G\u00f3rnikiem \u0141\u0119czna, ale pierwszy w Ekstraklasie. Dotychczas obie ekipy rywalizowa\u0142y ze sob\u0105 w I lidze, w pi\u0119ciu kolejnych sezonach od 2008 do 2013 roku. Bilans tych pojedynk\u00f3w jest remisowy i obejmuje po trzy wygrane ka\u017cdej ze stron oraz cztery spotkania zako\u0144czone podzia\u0142em punkt\u00f3w. Bilans bramek \u2013 12:11 \u2013 jest minimalnie korzystniejszy dla klubu z Lubelszczyzny.<\/p>\n<p>Ostatni raz Warta i G\u00f3rnik rywalizowa\u0142y ze sob\u0105 w kwietniu 2013 roku, a gospodarze w \u201eOgr\u00f3dku\u201d uratowali remis 1:1 dzi\u0119ki efektownemu trafieniu Marcina Trojanowskiego w 90. minucie. Spo\u015br\u00f3d pi\u0142karzy, kt\u00f3rzy wyst\u0105pili w\u00f3wczas w Poznaniu, w pi\u0105tek na boisku w \u0141\u0119cznej maj\u0105 szans\u0119 spotka\u0107 si\u0119 skrzyd\u0142owy \u201eZielonych\u201d, Micha\u0142 Jak\u00f3bowski oraz Tomasz Midzierski, obro\u0144ca G\u00f3rnika.<\/p>\n<p>Mecz G\u00f3rnik \u0141\u0119czna \u2013 Warta Pozna\u0144 rozpocznie trzeci\u0105 seri\u0119 spotka\u0144 nowego sezonu. Zwyci\u0119stwo dru\u017cyny trenera Piotra Tworka sprawi, \u017ce z pi\u0119cioma punktami wskoczy ona na pierwsze miejsce w tabeli. Podobny cel maj\u0105 gospodarze \u2013 w przypadku wygranej do\u0142\u0105cz\u0105 do grupy 7 ekip, kt\u00f3re maj\u0105 na koncie 4 punkty. &#8211; <em>Czasami staram si\u0119 wej\u015b\u0107 w sk\u00f3r\u0119 zespo\u0142u przeciwnego. Zastanawiam si\u0119, jakie my\u015bli kr\u0105\u017c\u0105 teraz w \u0141\u0119cznej? Po dw\u00f3ch meczach rywale maj\u0105 punkt i podejmuj\u0105 Wart\u0119. No i prawdopodobnie my\u015bl\u0105, \u017ce z kim, jak nie z Wart\u0105 maj\u0105 powalczy\u0107 o komplet punkt\u00f3w. My z kolei po dw\u00f3ch remisach jedziemy na teren beniaminka, i co my\u015blimy? Te\u017c jedziemy po 3 pkt. Wi\u0119c jest to taki mecz, w kt\u00f3rym dwie dru\u017cyny b\u0119d\u0105 robi\u0142y wszystko, \u017ceby dopisa\u0107 sobie komplet. Czeka nas bardzo trudne spotkanie. S\u0105 wobec nas oczekiwania, a takie mecze s\u0105 trudniejsze, ni\u017c wydaje si\u0119 na starcie<\/em> \u2013 uwa\u017ca trener Piotr Tworek.<\/p>\n<p><img decoding=\"async\" class=\"aligncenter size-full wp-image-14870\" src=\"https:\/\/wartapoznan.pl\/wp-content\/uploads\/2021\/08\/Wyjazd_Leczna-3426-www.jpg\" alt=\"Warta Pozna\u0144 pojecha\u0142a na mecz z G\u00f3rnikiem \u0141\u0119czna\" height=\"667\"><\/p>\n<p>\u201eZieloni\u201d ruszyli w czwartek na mecz na\u0142adowani pozytywn\u0105 energi\u0105 po niedzielnym remisie wywalczonym w dziesi\u0105tk\u0119 przeciwko Pogoni Szczecin (1:1). \u2013 <em>W ka\u017cdym meczu mierzymy w komplet punkt\u00f3w, ale wiemy, w jakich okoliczno\u015bciach wywalczyli\u015bmy ostatnio remis. To by\u0142 heroiczny mecz i jeste\u015bmy z niego zadowoleni, ale nie mo\u017cemy \u017cy\u0107 przesz\u0142o\u015bci\u0105<\/em> \u2013 podkre\u015bla szkoleniowiec. \u2013 <em>Zaanga\u017cowanie i<\/em> <em>heroizm w meczu z Pogoni\u0105 niewiele nam dadz\u0105, je\u015bli nie b\u0119dziemy tak podchodzili do kolejnych mecz\u00f3w. Musimy zaprzyja\u017ani\u0107 si\u0119 z wysi\u0142kiem i determinacj\u0105 w ka\u017cdej kolejce. Je\u015bli to zrobimy, b\u0119dziemy mogli m\u00f3wi\u0107 o naturalnym podej\u015bciu do naszych obowi\u0105zk\u00f3w. I takiego podej\u015bcia oczekuj\u0119 od zespo\u0142u w kolejnym meczu, w \u0141\u0119cznej. <\/em><\/p>\n<p>Po czerwonej kartce dla \u0141ukasza Tra\u0142ki ju\u017c w 11. minucie starcia z Pogoni\u0105 \u201eZieloni\u201d musieli sobie radzi\u0107 w dziesi\u0105tk\u0119. Mimo to jako zesp\u00f3\u0142 przebiegli na boisku d\u0142u\u017cszy dystans ni\u017c tydzie\u0144 wcze\u015bniej w trakcie meczu ze \u015al\u0105skiem Wroc\u0142aw. Najbardziej do\u015bwiadczony pi\u0142karz Warty Pozna\u0144 zosta\u0142 zawieszony na jeden mecz i nie pojecha\u0142 do \u0141\u0119cznej. W kadrze nie ma te\u017c jego potencjalnego nast\u0119pcy, Micha\u0142a Kopczy\u0144skiego, kt\u00f3ry dopiero wraca do trening\u00f3w po kontuzji \u015bci\u0119gna Achillesa. &#8211; <em>Kartki i kontuzje s\u0105 wpisane w nasz zaw\u00f3d. Ta kolejka pokazuje, \u017ce przy braku \u0141ukasza i Micha\u0142a jedziemy na mecz z jednym defensywnym pomocnikiem, Mateuszem Kupczakiem i nawet nie chc\u0119 my\u015ble\u0107 o tym, \u017ce co\u015b z\u0142ego mo\u017ce mu si\u0119 wydarzy\u0107 w tym spotkaniu<\/em> \u2013 m\u00f3wi Piotr Tworek.<\/p>\n<p><img decoding=\"async\" class=\"aligncenter size-full wp-image-14871\" src=\"https:\/\/wartapoznan.pl\/wp-content\/uploads\/2021\/08\/0108_warta_pogon_KAR-8438-www.jpg\" alt=\"Warta Pozna\u0144 - Pogo\u0144 Szczecin. Mateusz Kupczak\" height=\"668\"><\/p>\n<p>Trener poznaniak\u00f3w spodziewa si\u0119 tego, \u017ce mecz z beniaminkiem mo\u017ce nie by\u0107 efektownym pojedynkiem, przyjemnym dla oka. \u2013 <em>Naszym celem jest zwyci\u0119stwo i z takim nastawieniem wyjdziemy na boisko. Zdajemy sobie jednak spraw\u0119 z tego, \u017ce czeka nas trudne wyzwanie i walka o ka\u017cdy metr na boisku, o ka\u017cd\u0105 pi\u0142k\u0119. Mo\u017ce fajerwerk\u00f3w nie b\u0119dzie, ale wiemy, jak trzeba podej\u015b\u0107 do meczu i&nbsp; tak si\u0119 do niego przygotowujemy <\/em>\u2013 zapowiada. \u2013 <em>Wiemy, jak gra G\u00f3rnik. To zesp\u00f3\u0142 nastawiony na kontratak, zamykanie \u015brodka pola i bronienie ca\u0142ym zespo\u0142em. Pod tym wzgl\u0119dem jest to schemat gry, jak w naszym zespole. Dru\u017cyna z \u0141\u0119cznej b\u0119dzie niewygodnym rywal dla wielu zespo\u0142\u00f3w w Ekstraklasie. Z Cracovi\u0105 nie ba\u0142a si\u0119 prowadzi\u0107 gry, bo nie ma kompleks\u00f3w przed przeciwnikiem i na pewno nie b\u0119dzie mia\u0142a kompleks\u00f3w przed Wart\u0105 Pozna\u0144. My w dalszym ci\u0105gu b\u0119dziemy uwa\u017cani za zesp\u00f3\u0142, na kt\u00f3rym b\u0119dzie mo\u017cna zdobywa\u0107 punkty<\/em>.<\/p>\n<p>S\u0142owa trenera \u201eZielonych\u201d nieco kontrastuj\u0105 z imponuj\u0105c\u0105 statystyk\u0105 mecz\u00f3w wyjazdowych jego zespo\u0142u w tym roku. Przede wszystkim Warta Pozna\u0144 zdobywa\u0142a co najmniej jedn\u0105 bramk\u0119 w ka\u017cdym spotkaniu na obcym stadionie \u2013 to ju\u017c 10 kolejnych pojedynk\u00f3w. Ponadto nie przegra\u0142a \u017cadnego z pi\u0119ciu z rz\u0119du spotka\u0144 na wyje\u017adzie (3 zwyci\u0119stwa i 2 remisy), a pora\u017cki dozna\u0142a tylko w jednym z o\u015bmiu takich pojedynk\u00f3w.<\/p>\n<p><img decoding=\"async\" class=\"aligncenter size-full wp-image-14869\" src=\"https:\/\/wartapoznan.pl\/wp-content\/uploads\/2021\/08\/Trening_przed_Leczna-3187-www.jpg\" alt=\"Trening Warty Pozna\u0144. Trener Piotr Tworek\" height=\"667\"><\/p>\n<p>Trener Piotr Tworek, pytany o to, czy jego zesp\u00f3\u0142 b\u0119dzie w pi\u0105tek faworytem, u\u015bmiecha si\u0119. A potem odpowiada: &#8211; <em>Znamy swoj\u0105 warto\u015b\u0107 i wiemy, jak\u0105 moc mamy jako zesp\u00f3\u0142. B\u0119dziemy to ca\u0142y czas powtarza\u0107 w klubie. Jednak trzeba to wszystko udowodni\u0107 na boisku. Kto\u015b mo\u017ce oceni\u0107, \u017ce jeste\u015bmy faworytem, ale nas to kompletnie nie interesuje. Jak za tydzie\u0144 przyjedzie do nas Legia, to my mamy si\u0119 po\u0142o\u017cy\u0107 na boisku i nic nie robi\u0107?<\/em> \u2013 pyta szkoleniowiec i dodaje: <em>&#8211; B\u0119dziemy robili w \u0141\u0119cznej wszystko, \u017ceby po ostatnim gwizdku m\u00f3c powiedzie\u0107, \u017ce zagrali\u015bmy dobry mecz. Nie interesuje mnie to, kto jest faworytem, a interesuje dobre podej\u015bcie zespo\u0142u i dobre rozegranie spotkania. W\u0142o\u017cymy w nie du\u017co serca, wszystko, co mamy. Tego mog\u0119 by\u0107 pewny.<\/em><\/p>\n<p>S\u0119dzi\u0105 meczu G\u00f3rnik \u0141\u0119czna \u2013 Warta Pozna\u0144 b\u0119dzie Pawe\u0142 Malec z \u0141odzi, dla kt\u00f3rego poprzednim meczem w PKO BP Ekstraklasie by\u0142o starcie Cracovia \u2013 Warta (0:1) w maju tego roku. Pocz\u0105tek pojedynku w \u0141\u0119cznej w pi\u0105tek o godz. 18. Transmisja w Canal+ Sport i w nSport+ oraz w MC Radiu na 102,7 FM.<\/p>\n","protected":false},"excerpt":{"rendered":"<p>&#8211; Heroizm i okoliczno\u015bci wywalczenia punktu z Pogoni\u0105 Szczecin niewiele nam dadz\u0105, je\u015bli nie b\u0119dziemy tak podchodzili do kolejnych mecz\u00f3w&#8230;.<\/p>\n","protected":false},"author":36,"featured_media":16887,"comment_status":"closed","ping_status":"closed","sticky":false,"template":"","format":"standard","meta":{"om_disable_all_campaigns":false,"inline_featured_image":false,"footnotes":"","_links_to":"","_links_to_target":""},"categories":[94,100,245,1],"tags":[],"aioseo_notices":[],"_links":{"self":[{"href":"https:\/\/wartapoznan.pl\/index.php\/wp-json\/wp\/v2\/posts\/16058"}],"collection":[{"href":"https:\/\/wartapoznan.pl\/index.php\/wp-json\/wp\/v2\/posts"}],"about":[{"href":"https:\/\/wartapoznan.pl\/index.php\/wp-json\/wp\/v2\/types\/post"}],"author":[{"embeddable":true,"href":"https:\/\/wartapoznan.pl\/index.php\/wp-json\/wp\/v2\/users\/36"}],"replies":[{"embeddable":true,"href":"https:\/\/wartapoznan.pl\/index.php\/wp-json\/wp\/v2\/comments?post=16058"}],"version-history":[{"count":1,"href":"https:\/\/wartapoznan.pl\/index.php\/wp-json\/wp\/v2\/posts\/16058\/revisions"}],"predecessor-version":[{"id":17415,"href":"https:\/\/wartapoznan.pl\/index.php\/wp-json\/wp\/v2\/posts\/16058\/revisions\/17415"}],"wp:featuredmedia":[{"embeddable":true,"href":"https:\/\/wartapoznan.pl\/index.php\/wp-json\/wp\/v2\/media\/16887"}],"wp:attachment":[{"href":"https:\/\/wartapoznan.pl\/index.php\/wp-json\/wp\/v2\/media?parent=16058"}],"wp:term":[{"taxonomy":"category","embeddable":true,"href":"https:\/\/wartapoznan.pl\/index.php\/wp-json\/wp\/v2\/categories?post=16058"},{"taxonomy":"post_tag","embeddable":true,"href":"https:\/\/wartapoznan.pl\/index.php\/wp-json\/wp\/v2\/tags?post=16058"}],"curies":[{"name":"wp","href":"https:\/\/api.w.org\/{rel}","templated":true}]}}