{"id":16059,"date":"2021-08-06T20:42:02","date_gmt":"2021-08-06T18:42:02","guid":{"rendered":"https:\/\/wartapoznan.pl\/?p=14875"},"modified":"2022-02-03T14:59:12","modified_gmt":"2022-02-03T13:59:12","slug":"warta-poznan-rozbila-gornika-leczna-cztery-gole-na-boisku-beniaminka","status":"publish","type":"post","link":"https:\/\/wartapoznan.pl\/index.php\/2021\/08\/06\/warta-poznan-rozbila-gornika-leczna-cztery-gole-na-boisku-beniaminka\/","title":{"rendered":"Warta Pozna\u0144 rozbi\u0142a G\u00f3rnika \u0141\u0119czna! Cztery gole na boisku beniaminka"},"content":{"rendered":"<p><strong>Najwy\u017csze zwyci\u0119stwo za kadencji trenera Piotra Tworka odnie\u015bli pi\u0142karze Warty Pozna\u0144, kt\u00f3rzy w 3. kolejce PKO Bank Polski Ekstraklasy wygrali w \u0141\u0119cznej z G\u00f3rnikiem a\u017c 4:0. Pierwsze gole w barwach \u201eZielonych\u201d strzelili Adam Zrelak i Milan Corryn, kt\u00f3ry do dw\u00f3ch trafie\u0144 do\u0142o\u017cy\u0142 jeszcze asyst\u0119.<\/strong><\/p>\n<p>Ten weekend nie m\u00f3g\u0142 si\u0119 chyba lepiej rozpocz\u0105\u0107 dla Warty Pozna\u0144 i jej kibic\u00f3w. W pierwszym pojedynku 3. kolejki ligowej \u201eWarciarze\u201d odnie\u015bli przekonuj\u0105ce zwyci\u0119stwo i przynajmniej do zako\u0144czenia drugiego pi\u0105tkowego meczu (starcia Lecha Pozna\u0144 z Cracovi\u0105) b\u0119d\u0105 na pierwszym miejscu w tabeli. Zesp\u00f3\u0142 trenera Piotra Tworka wygra\u0142 4:0, a m\u00f3g\u0142 zdecydowanie wy\u017cej!<\/p>\n<p>Ju\u017c w 3. minucie przed szans\u0105 pokonania Macieja Gostomskiego stan\u0105\u0142 Micha\u0142 Jak\u00f3bowski, ale po do\u015brodkowaniu z rzutu wolnego z bliska spud\u0142owa\u0142 po strzale g\u0142ow\u0105. Go\u015bcie odpowiedzieli 10 minut p\u00f3\u017aniej tak\u017ce po uderzeniu pi\u0142ki g\u0142ow\u0105 \u2013 Adrian Lis nog\u0105 odbi\u0142 jednak pi\u0142k\u0119 po zagraniu Bartosza \u015api\u0105czki.<\/p>\n<p>Po kolejnych pi\u0119ciu minutach by\u0142o ju\u017c 1:0 dla go\u015bci po tym jak Milan Corryn wypu\u015bci\u0142 Adama Zrelaka sam na sam z bramkarzem. S\u0142owak kopn\u0105\u0142 lew\u0105 nog\u0105 obok Macieja Gostomskiego i trafi\u0142 do siatki przy dalszym s\u0142upku. Po chwili Adam Zrelak wpad\u0142 w ramiona koleg\u00f3w i \u015bwi\u0119towa\u0142 swoj\u0105 pierwsz\u0105 bramk\u0119 dla Warty Pozna\u0144.<\/p>\n<p>S\u0142owacki napastnik by\u0142 jednym z trzech graczy, kt\u00f3rzy wskoczyli do pierwszego sk\u0142adu &#8211; zast\u0105pi\u0142 Mateusza Kuzimskiego. Konrad Matuszewski zaj\u0105\u0142 miejsce Jakuba Kie\u0142ba, a Mateusz Czy\u017cycki zagra\u0142 za \u0141ukasza Tra\u0142k\u0119, kt\u00f3ry by\u0142 zawieszony za czerwon\u0105 kartk\u0119 sprzed tygodnia.<\/p>\n<p>Te zmiany dokonane przez trenera Piotra Tworka okaza\u0142y si\u0119 \u015bwietnym posuni\u0119ciem. W pierwszej po\u0142owie \u201eZieloni\u201d kontrolowali wydarzenia na boisku i bronili skromnego prowadzenia, a w drugiej cz\u0119\u015bci kompletnie rozbili gospodarzy.<\/p>\n<p>W 47. minucie Mateusz Czy\u017cycki zdecydowa\u0142 si\u0119 na drug\u0105 w tym meczu pr\u00f3b\u0119 z dystansu, ale Maciej Gostomski odbi\u0142 pi\u0142k\u0119 po efektownej paradzie, tak jak skutecznie obroni\u0142 strza\u0142 pozna\u0144skiego pomocnika przed przerw\u0105.<\/p>\n<p>Po kolejnych dw\u00f3ch minutach Milan Corryn zabra\u0142 pi\u0142k\u0119 rywalom, pomkn\u0105\u0142 skrzyd\u0142em i zagra\u0142 w pole karne, ale Adama Zrelak nie trafi\u0142 w pi\u0142k\u0119 w \u015bwietnej sytuacji. Kiedy wi\u0119c w kolejnej akcji Belg uprzedzi\u0142 przeciwnika i przej\u0105\u0142 pi\u0142k\u0119, sam pop\u0119dzi\u0142 na bramk\u0119 i w sytuacji sam na sam strzeli\u0142 swojego pierwszego gola dla Klubu. Wychowanek Anderlechtu jeszcze raz wpisa\u0142 si\u0119 tego wieczoru na list\u0119 strzelc\u00f3w. W 61. minucie uderzy\u0142 efektownie z woleja i zn\u00f3w zaskoczy\u0142 bramkarza G\u00f3rnika w zamieszaniu pod bramk\u0105 po wrzutce z rzutu ro\u017cnego!<\/p>\n<p>Min\u0119\u0142a niewiele ponad godzina, a \u201eZieloni\u201d prowadzili 3:0 i tylko na chwil\u0119 oddali pole dru\u017cynie z \u0141\u0119cznej. W ci\u0105gu paru minut Adrian Lis odbi\u0142 pi\u0142k\u0119 po strzale g\u0142ow\u0105 Bartosza \u015api\u0105czki, a nast\u0119pnie odbi\u0142 r\u0119k\u0105 pi\u0142k\u0119, kt\u00f3ra trafi\u0142a jeszcze w s\u0142upek po uderzeniu Serhija Krykuna.<\/p>\n<p>Na ostatni kwadrans trener Piotr Tworek pos\u0142a\u0142 na plac Mario Rodrigueza, a potem tak\u017ce Mateusza Kuzimskiego. Ten ostatni&nbsp; by\u0142 o w\u0142os od podwy\u017cszenia prowadzenia, ale nie trafi\u0142 w bramk\u0119 po dobrym podaniu Konrada Matuszewskiego. W doliczonym czasie gry pod bramk\u0105 G\u00f3rnika zn\u00f3w si\u0119 zakot\u0142owa\u0142o i w tym zamieszaniu najlepiej odnalaz\u0142 si\u0119 Jan Grzesik. Tylko do\u0142o\u017cy\u0142 g\u0142ow\u0119 do pi\u0142ki zagranej przez Aleksa \u0141awniczaka i m\u00f3g\u0142 odbiera\u0107 gratulacje za zdobycie drugiej bramki w tym sezonie. A po ostatnim gwizdku ca\u0142a dru\u017cyna \u015bwi\u0119towa\u0142a z kibicami okaza\u0142e zwyci\u0119stwo!<\/p>\n<p><strong>G\u00d3RNIK \u0141\u0118CZNA \u2013 WARTA POZNA\u0143 0:4 (0:1)<\/strong><br \/>\n<strong>Bramki: <\/strong>0:1 Adam Zrelak (17. minuta), 0:2 i 0:3 Milan Corryn (52. i 61.), 0:4 Jan Grzesik (90.)<br \/>\n<strong>Warta Pozna\u0144:<\/strong> Adrian Lis \u2013 Jan Grzesik <strong>\u017b<\/strong>, Aleks \u0141awniczak, Robert Ivanov, Konrad Matuszewski \u2013 Mateusz Kupczak \u2013 Milan Corryn (73. Mario Rodriguez), Mateusz Czy\u017cycki, Szymon Czy\u017c (77. Mateusz Kuzimski), Micha\u0142 Jak\u00f3bowski (86. Micha\u0142 Jak\u00f3bowski) \u2013 Adam Zrelak (86. Mateusz Sopo\u0107ko).<br \/>\n<strong>S\u0119dziowa\u0142<\/strong> Pawe\u0142 Malec z \u0141odzi<br \/>\n<strong>Widz\u00f3w 2710<\/strong><\/p>\n<hr>\n<p><a href=\"https:\/\/bit.ly\/3yuEbhe\" target=\"_blank\" rel=\"noopener noreferrer\">ZOBACZ ZDJ\u0118CIA Z MECZU G\u00d3RNIK \u0141\u0118CZNA &#8211; WARTA POZNA\u0143<\/a><\/p>\n","protected":false},"excerpt":{"rendered":"<p>Najwy\u017csze zwyci\u0119stwo za kadencji trenera Piotra Tworka odnie\u015bli pi\u0142karze Warty Pozna\u0144, kt\u00f3rzy w 3. kolejce PKO Bank Polski Ekstraklasy wygrali&#8230;<\/p>\n","protected":false},"author":36,"featured_media":16888,"comment_status":"closed","ping_status":"closed","sticky":false,"template":"","format":"standard","meta":{"om_disable_all_campaigns":false,"inline_featured_image":false,"footnotes":"","_links_to":"","_links_to_target":""},"categories":[94,100,245,1],"tags":[],"aioseo_notices":[],"_links":{"self":[{"href":"https:\/\/wartapoznan.pl\/index.php\/wp-json\/wp\/v2\/posts\/16059"}],"collection":[{"href":"https:\/\/wartapoznan.pl\/index.php\/wp-json\/wp\/v2\/posts"}],"about":[{"href":"https:\/\/wartapoznan.pl\/index.php\/wp-json\/wp\/v2\/types\/post"}],"author":[{"embeddable":true,"href":"https:\/\/wartapoznan.pl\/index.php\/wp-json\/wp\/v2\/users\/36"}],"replies":[{"embeddable":true,"href":"https:\/\/wartapoznan.pl\/index.php\/wp-json\/wp\/v2\/comments?post=16059"}],"version-history":[{"count":1,"href":"https:\/\/wartapoznan.pl\/index.php\/wp-json\/wp\/v2\/posts\/16059\/revisions"}],"predecessor-version":[{"id":17414,"href":"https:\/\/wartapoznan.pl\/index.php\/wp-json\/wp\/v2\/posts\/16059\/revisions\/17414"}],"wp:featuredmedia":[{"embeddable":true,"href":"https:\/\/wartapoznan.pl\/index.php\/wp-json\/wp\/v2\/media\/16888"}],"wp:attachment":[{"href":"https:\/\/wartapoznan.pl\/index.php\/wp-json\/wp\/v2\/media?parent=16059"}],"wp:term":[{"taxonomy":"category","embeddable":true,"href":"https:\/\/wartapoznan.pl\/index.php\/wp-json\/wp\/v2\/categories?post=16059"},{"taxonomy":"post_tag","embeddable":true,"href":"https:\/\/wartapoznan.pl\/index.php\/wp-json\/wp\/v2\/tags?post=16059"}],"curies":[{"name":"wp","href":"https:\/\/api.w.org\/{rel}","templated":true}]}}