{"id":1608,"date":"2018-06-02T01:18:04","date_gmt":"2018-06-01T23:18:04","guid":{"rendered":"http:\/\/familyhousepl.home.pl\/wartapoznan\/?p=1608"},"modified":"2018-06-29T01:48:51","modified_gmt":"2018-06-28T23:48:51","slug":"podzial-punktow-na-koniec-sezonu","status":"publish","type":"post","link":"https:\/\/wartapoznan.pl\/index.php\/2018\/06\/02\/podzial-punktow-na-koniec-sezonu\/","title":{"rendered":"Podzia\u0142 punkt\u00f3w na koniec sezonu"},"content":{"rendered":"<h4><strong>Podzia\u0142em punkt\u00f3w zako\u0144czy\u0142 si\u0119 ostatni mecz warciarzy w drugiej lidze podczas spotkania z Siark\u0105 Tarnobrzeg.<\/strong><\/h4>\n<p>Zieloni ju\u017c na dwie kolejki przed ko\u0144cem zapewnili sobie awans do Nice I ligi i spe\u0142nili cel, kt\u00f3ry by\u0142 stawiany po rundzie jesiennej. Dzie\u0144 przed spotkaniem Warty z Siark\u0105 swoje spotkanie wygra\u0142 \u0141KS \u0141\u00f3d\u017a i by\u0142o ju\u017c niestety pewne, \u017ce gracze Warty nie zdob\u0119d\u0105 mistrzostwa drugiej ligi, bo w ostatecznym rozrachunku zabrak\u0142o Dumie Wildy do \u201ee\u0142kaesiak\u00f3w\u201d trzy punkty. W sobot\u0119 r\u00f3wnie\u017c sw\u00f3j pojedynek wygrali gracze z Jastrz\u0119bia i to te dwie ekipy wyprzedzi\u0142y graczy prowadzonych przez Petra Nemca i w ostatecznym rozrachunku Zieloni stan\u0119li na trzecim stopniu podium zdobywaj\u0105c br\u0105zowe medale.<\/p>\n<p>Samo spotkanie rozpocz\u0119\u0142o si\u0119 od atak\u00f3w gospodarzy i to Zieloni przez pierwsze 45 minut totalnie kontrolowali poczynania na boisku atakuj\u0105c dwa razy gro\u017anie bramk\u0119 Kieliszka. Po przerwie gracze Siarki pr\u00f3bowali przebi\u0107 si\u0119 pod pole karne Warty, jednak ich pr\u00f3by spe\u0142z\u0142y na niczym i spotkanie zako\u0144czy\u0142o si\u0119 podzia\u0142em punkt\u00f3w.<\/p>\n<h4><strong>Warta Pozna\u0144 0 \u2013 0 Siarka Tarnobrzeg<\/strong><\/h4>\n<p><strong>Warta Pozna\u0144:<\/strong>\u00a0<span data-source=\"lightstreamer\" data-grid=\"main\" data-item=\"item_435936\" data-field=\"report1\">Laskowski \u2013 Dejewski, Kieliba, Fiedosewicz, Grobelny, Jasi\u0144ski, Kita, Biega\u0144ski, Cierpka, Kalupa, Wypych<\/span><\/p>\n","protected":false},"excerpt":{"rendered":"<p>Podzia\u0142em punkt\u00f3w zako\u0144czy\u0142 si\u0119 ostatni mecz warciarzy w drugiej lidze podczas spotkania z Siark\u0105 Tarnobrzeg. Zieloni ju\u017c na dwie kolejki&#8230;<\/p>\n","protected":false},"author":36,"featured_media":1611,"comment_status":"open","ping_status":"open","sticky":false,"template":"","format":"standard","meta":{"om_disable_all_campaigns":false,"inline_featured_image":false,"footnotes":"","_links_to":"","_links_to_target":""},"categories":[94,100],"tags":[],"aioseo_notices":[],"_links":{"self":[{"href":"https:\/\/wartapoznan.pl\/index.php\/wp-json\/wp\/v2\/posts\/1608"}],"collection":[{"href":"https:\/\/wartapoznan.pl\/index.php\/wp-json\/wp\/v2\/posts"}],"about":[{"href":"https:\/\/wartapoznan.pl\/index.php\/wp-json\/wp\/v2\/types\/post"}],"author":[{"embeddable":true,"href":"https:\/\/wartapoznan.pl\/index.php\/wp-json\/wp\/v2\/users\/36"}],"replies":[{"embeddable":true,"href":"https:\/\/wartapoznan.pl\/index.php\/wp-json\/wp\/v2\/comments?post=1608"}],"version-history":[{"count":1,"href":"https:\/\/wartapoznan.pl\/index.php\/wp-json\/wp\/v2\/posts\/1608\/revisions"}],"predecessor-version":[{"id":1613,"href":"https:\/\/wartapoznan.pl\/index.php\/wp-json\/wp\/v2\/posts\/1608\/revisions\/1613"}],"wp:featuredmedia":[{"embeddable":true,"href":"https:\/\/wartapoznan.pl\/index.php\/wp-json\/wp\/v2\/media\/1611"}],"wp:attachment":[{"href":"https:\/\/wartapoznan.pl\/index.php\/wp-json\/wp\/v2\/media?parent=1608"}],"wp:term":[{"taxonomy":"category","embeddable":true,"href":"https:\/\/wartapoznan.pl\/index.php\/wp-json\/wp\/v2\/categories?post=1608"},{"taxonomy":"post_tag","embeddable":true,"href":"https:\/\/wartapoznan.pl\/index.php\/wp-json\/wp\/v2\/tags?post=1608"}],"curies":[{"name":"wp","href":"https:\/\/api.w.org\/{rel}","templated":true}]}}