{"id":16169,"date":"2021-10-27T08:30:34","date_gmt":"2021-10-27T06:30:34","guid":{"rendered":"https:\/\/wartapoznan.pl\/?p=15850"},"modified":"2021-10-27T08:30:34","modified_gmt":"2021-10-27T06:30:34","slug":"jak-grali-wypozyczeni-zawodnicy-warty-poznan-raport-74","status":"publish","type":"post","link":"https:\/\/wartapoznan.pl\/index.php\/2021\/10\/27\/jak-grali-wypozyczeni-zawodnicy-warty-poznan-raport-74\/","title":{"rendered":"Jak grali wypo\u017cyczeni zawodnicy Warty Pozna\u0144 \u2013 raport"},"content":{"rendered":"<p><strong>Kajetan Szmyt zdoby\u0142 drug\u0105 bramk\u0119 w sezonie Fortuna 1 Ligi i zapewni\u0142 G\u00f3rnikowi Polkowice remis 2:2 z Koron\u0105 Kielce. Z pierwszego trafienia w barwach Unii Swarz\u0119dz cieszy\u0142 si\u0119 Miko\u0142aj Rakowski. Przeczytaj raport na temat zawodnik\u00f3w Warty Pozna\u0144 wypo\u017cyczonych do innych klub\u00f3w.<\/strong><\/p>\n<p>By\u0142a 93. minuta meczu G\u00f3rnika Polkowice z Koron\u0105 Kielce. Gospodarze grali w dziesi\u0105tk\u0119 i przegrywali 1:2. Wtedy Kajetan Szmyt wbieg\u0142 odwa\u017cnie w pole karne, pokona\u0142 bramkarza strza\u0142em po ziemi i ustali\u0142 wynik na 2:2. Niewiele brakowa\u0142o, a m\u0142ody pomocnik przes\u0105dzi\u0142by jeszcze o wygranej beniaminka Fortuna 1 Ligi. W 97. minucie, w ostatniej akcji meczu zdecydowa\u0142 si\u0119 na kolejne uderzenie po ziemi w dolny r\u00f3g, ale pi\u0142ka przelecia\u0142a tu\u017c obok s\u0142upka kieleckiej bramki!<\/p>\n<p>Miko\u0142aj Rakowski ju\u017c w 13. sekundzie (!) gry rozpocz\u0105\u0142 strzelanie goli w wyjazdowym meczu Unii Swarz\u0119dz z Centr\u0105 Ostr\u00f3w Wlkp. Wychowanek Warty przeprowadzi\u0142 samotn\u0105 akcj\u0119, po kt\u00f3rej zaskoczy\u0142 bramkarza uderzeniem zza linii pola karnego. By\u0142 to pojedynek na szczycie IV ligi. Zesp\u00f3\u0142, w kt\u00f3rym wyst\u0119puje pomocnik \u201eZielonych\u201d, wygra\u0142 4:1 z wiceliderem rozgrywek i umocni\u0142 si\u0119 na prowadzeniu w tabeli.<\/p>\n<p>Poza wspomnian\u0105 dw\u00f3jk\u0105, na boisku pojawi\u0142 si\u0119 te\u017c Dominik Smykowski, kt\u00f3ry zagra\u0142 dla KSZO Ostrowiec \u015awi\u0119tokszyski w przegranym 0:1 starciu ze Stal\u0105 Stalowa Wola. Trzecie zwyci\u0119stwo z rz\u0119du odni\u00f3s\u0142 w III lidze Sok\u00f3\u0142 Kleczew. Wygran\u0105 nad KP Starogard Gda\u0144ski zapewnili mu byli zawodnicy \u201eZielonych\u201d: Wiktor Patrzyk\u0105t i Krzysztof Biega\u0144ski. Wypo\u017cyczony z Warty Pozna\u0144 pomocnik Maks Lisowski nie zagra\u0142 ani minuty.<\/p>\n<p><strong>Kajetan Szmyt, 19 lat, pomocnik (G\u00f3rnik Polkowice; I liga)<\/strong><br \/>\n&#8211; 90 minut w meczu z Puszcz\u0105 Niepo\u0142omice (0:1); 90 minut i gol na 2:2 w meczu z Koron\u0105 Kielce (2:2)<br \/>\n<strong>\u2013 wyst\u0119py w sezonie 2021\/22:<\/strong> 15 (958 minut); 2 gole<\/p>\n<p><strong>Maks Lisowski, 19 lat, pomocnik (Sok\u00f3\u0142 Kleczew; III liga)<\/strong><br \/>\n&#8211; nie gra\u0142 w meczu z KP Starogard Gda\u0144ski (2:0)<br \/>\n<strong>\u2013 wyst\u0119py w sezonie 2021\/22<\/strong>: 5 (72 minuty)<\/p>\n<p><strong>Dominik Smykowski, 20 lat, pomocnik (KSZO 1929 Ostrowiec \u015aw.; III liga)<\/strong><br \/>\n\u2013 gra\u0142 od 82. minuty w meczu ze Stal\u0105 Stalowa Wola (0:1)<br \/>\n<strong>\u2013 wyst\u0119py w sezonie 2021\/22:<\/strong> 13 (372 minuty), 1 gol<\/p>\n<p><strong>Miko\u0142aj Rakowski, 19 lat, pomocnik (Unia Swarz\u0119dz; IV liga)<\/strong><br \/>\n\u2013 gra\u0142 do 70. minuty i strzeli\u0142 gola na 1:0 w meczu z Centr\u0105 Ostr\u00f3w Wlkp. (4:1)<br \/>\n<strong>\u2013 wyst\u0119py w sezonie 2021\/22:<\/strong> 6 (290 minut), 1 gol<\/p>\n","protected":false},"excerpt":{"rendered":"<p>Kajetan Szmyt zdoby\u0142 drug\u0105 bramk\u0119 w sezonie Fortuna 1 Ligi i zapewni\u0142 G\u00f3rnikowi Polkowice remis 2:2 z Koron\u0105 Kielce. Z&#8230;<\/p>\n","protected":false},"author":36,"featured_media":12780,"comment_status":"closed","ping_status":"closed","sticky":false,"template":"","format":"standard","meta":{"om_disable_all_campaigns":false,"inline_featured_image":false,"footnotes":"","_links_to":"","_links_to_target":""},"categories":[94,250,1],"tags":[],"aioseo_notices":[],"_links":{"self":[{"href":"https:\/\/wartapoznan.pl\/index.php\/wp-json\/wp\/v2\/posts\/16169"}],"collection":[{"href":"https:\/\/wartapoznan.pl\/index.php\/wp-json\/wp\/v2\/posts"}],"about":[{"href":"https:\/\/wartapoznan.pl\/index.php\/wp-json\/wp\/v2\/types\/post"}],"author":[{"embeddable":true,"href":"https:\/\/wartapoznan.pl\/index.php\/wp-json\/wp\/v2\/users\/36"}],"replies":[{"embeddable":true,"href":"https:\/\/wartapoznan.pl\/index.php\/wp-json\/wp\/v2\/comments?post=16169"}],"version-history":[{"count":0,"href":"https:\/\/wartapoznan.pl\/index.php\/wp-json\/wp\/v2\/posts\/16169\/revisions"}],"wp:featuredmedia":[{"embeddable":true,"href":"https:\/\/wartapoznan.pl\/index.php\/wp-json\/wp\/v2\/media\/12780"}],"wp:attachment":[{"href":"https:\/\/wartapoznan.pl\/index.php\/wp-json\/wp\/v2\/media?parent=16169"}],"wp:term":[{"taxonomy":"category","embeddable":true,"href":"https:\/\/wartapoznan.pl\/index.php\/wp-json\/wp\/v2\/categories?post=16169"},{"taxonomy":"post_tag","embeddable":true,"href":"https:\/\/wartapoznan.pl\/index.php\/wp-json\/wp\/v2\/tags?post=16169"}],"curies":[{"name":"wp","href":"https:\/\/api.w.org\/{rel}","templated":true}]}}