{"id":16170,"date":"2021-10-27T10:30:35","date_gmt":"2021-10-27T08:30:35","guid":{"rendered":"https:\/\/wartapoznan.pl\/?p=15854"},"modified":"2022-02-03T13:38:57","modified_gmt":"2022-02-03T12:38:57","slug":"firma-texet-w-klubie-biznesu-warty-poznan","status":"publish","type":"post","link":"https:\/\/wartapoznan.pl\/index.php\/2021\/10\/27\/firma-texet-w-klubie-biznesu-warty-poznan\/","title":{"rendered":"Firma Texet w Klubie Biznesu Warty Pozna\u0144"},"content":{"rendered":"<p><strong>Z rado\u015bci\u0105 informujemy, \u017ce sp\u00f3\u0142ka Texet Poland zosta\u0142a posiadaczem srebrnego pakietu w Klubie Biznesu Warty Pozna\u0144. Witamy w gronie partner\u00f3w \u201eZielonych\u201d i dzi\u0119kujemy za zaufanie!<\/strong><\/p>\n<p>Texet Poland Sp. z o.o. to cz\u0142onek szwedzkiego koncernu New Wave Group. Firma ma tradycje si\u0119gaj\u0105ce 1994 roku, a siedziba nowego partnera Warty Pozna\u0144 znajduje si\u0119 w Suchym Lesie. Texet prowadzi dystrybucj\u0119 odzie\u017cy promocyjnej i reklamowej, a tak\u017ce \u017ceglarskiej, jak r\u00f3wnie\u017c akcesori\u00f3w wyposa\u017cenia domu i przydatnych przy wypoczynku oraz toreb i plecak\u00f3w.<\/p>\n<p>&#8211; <em>Jeste\u015bmy firm\u0105, kt\u00f3ra zajmuje si\u0119 dystrybucj\u0105 dobrej, wysokiej klasy odzie\u017cy promocyjnej. Ubieramy firmy, w szczeg\u00f3lno\u015bci te, kt\u00f3re s\u0105 zorientowane na zr\u00f3wnowa\u017cony rozw\u00f3j, jak r\u00f3wnie\u017c te, kt\u00f3re maj\u0105 na uwadze ochron\u0119 klimatu. Warta Pozna\u0144 jest zielonym klubem i przywi\u0105zuje du\u017c\u0105 wag\u0119 do ekologii<\/em> \u2013 m\u00f3wi Mariusz Szeib, prezes Texet Poland. &#8211; <em>My r\u00f3wnie\u017c dostosowujemy si\u0119 do obecnych wymog\u00f3w klimatycznych. Jedna z naszych linii, o nazwie Cottover, jest produkowana na bazie ekologicznej bawe\u0142ny, ale jest te\u017c ekologiczna na ka\u017cdym etapie \u0142a\u0144cucha dostaw, a wi\u0119c r\u00f3wnie\u017c przy zatrudnianiu, dbaniu o w\u0142a\u015bciwe wykonanie hal produkcyjnych, przy transporcie i ca\u0142ej masie element\u00f3w sk\u0142adaj\u0105cych si\u0119 na powstanie produktu finalnego. I w\u0142a\u015bnie tutaj znale\u017ali\u015bmy doskona\u0142e partnerstwo we wspania\u0142ym, najstarszym klubie pi\u0142karskim Poznania.<\/em><\/p>\n<p>&#8211; <em>Wsp\u00f3\u0142praca z firm\u0105 Texet jest pewnym rodzajem nobilitacji. Jest to bowiem podmiot, kt\u00f3ry od d\u0142u\u017cszego czasu nas inspirowa\u0142, bo Texet ma doskonale opracowane procesy produkcji i dystrybucji, zgodne z zasadami zr\u00f3wnowa\u017conego rozwoju. Ma te\u017c doskonale dopracowan\u0105 polityk\u0119 ekologiczn\u0105, do czego my r\u00f3wnie\u017c zmierzamy, jako Klub. Cieszymy si\u0119, \u017ce taki partner przekona\u0142 si\u0119 do naszej filozofii i zaufa\u0142 nam. To kolejny przyk\u0142ad na to, \u017ce Warta Pozna\u0144 \u0142\u0105czy biznes i wypracowujemy pewn\u0105 wsp\u00f3ln\u0105 warto\u015b\u0107 dla odbiorc\u00f3w i podmiot\u00f3w, kt\u00f3re chc\u0105 wsp\u00f3\u0142pracowa\u0107 i z Klubem, i z firm\u0105 Texet<\/em> \u2013 podkre\u015bla Jaros\u0142aw \u017bubka, dyrektor ds. marketingu i komunikacji Warty Pozna\u0144.<\/p>\n<p>Wi\u0119cej na temat nowego cz\u0142onka Klubu Biznesu Warty Pozna\u0144 mo\u017cna dowiedzie\u0107 si\u0119 na <a href=\"https:\/\/www.texet.pl\/\" target=\"_blank\" rel=\"noopener noreferrer\">texet.pl<\/a>.<\/p>\n<p><strong>Dzi\u0119kujemy za zaufanie w imieniu ca\u0142ej Zielonej Rodziny! Kibic\u00f3w i sympatyk\u00f3w Klubu zach\u0119camy do wspierania partner\u00f3w Warty Pozna\u0144 oraz korzystania z ich us\u0142ug.<\/strong><\/p>\n","protected":false},"excerpt":{"rendered":"<p>Z rado\u015bci\u0105 informujemy, \u017ce sp\u00f3\u0142ka Texet Poland zosta\u0142a posiadaczem srebrnego pakietu w Klubie Biznesu Warty Pozna\u0144. Witamy w gronie partner\u00f3w&#8230;<\/p>\n","protected":false},"author":36,"featured_media":17121,"comment_status":"closed","ping_status":"closed","sticky":false,"template":"","format":"standard","meta":{"om_disable_all_campaigns":false,"inline_featured_image":false,"footnotes":"","_links_to":"","_links_to_target":""},"categories":[94,251,253,1],"tags":[],"aioseo_notices":[],"_links":{"self":[{"href":"https:\/\/wartapoznan.pl\/index.php\/wp-json\/wp\/v2\/posts\/16170"}],"collection":[{"href":"https:\/\/wartapoznan.pl\/index.php\/wp-json\/wp\/v2\/posts"}],"about":[{"href":"https:\/\/wartapoznan.pl\/index.php\/wp-json\/wp\/v2\/types\/post"}],"author":[{"embeddable":true,"href":"https:\/\/wartapoznan.pl\/index.php\/wp-json\/wp\/v2\/users\/36"}],"replies":[{"embeddable":true,"href":"https:\/\/wartapoznan.pl\/index.php\/wp-json\/wp\/v2\/comments?post=16170"}],"version-history":[{"count":1,"href":"https:\/\/wartapoznan.pl\/index.php\/wp-json\/wp\/v2\/posts\/16170\/revisions"}],"predecessor-version":[{"id":17305,"href":"https:\/\/wartapoznan.pl\/index.php\/wp-json\/wp\/v2\/posts\/16170\/revisions\/17305"}],"wp:featuredmedia":[{"embeddable":true,"href":"https:\/\/wartapoznan.pl\/index.php\/wp-json\/wp\/v2\/media\/17121"}],"wp:attachment":[{"href":"https:\/\/wartapoznan.pl\/index.php\/wp-json\/wp\/v2\/media?parent=16170"}],"wp:term":[{"taxonomy":"category","embeddable":true,"href":"https:\/\/wartapoznan.pl\/index.php\/wp-json\/wp\/v2\/categories?post=16170"},{"taxonomy":"post_tag","embeddable":true,"href":"https:\/\/wartapoznan.pl\/index.php\/wp-json\/wp\/v2\/tags?post=16170"}],"curies":[{"name":"wp","href":"https:\/\/api.w.org\/{rel}","templated":true}]}}