{"id":16171,"date":"2021-10-27T12:00:01","date_gmt":"2021-10-27T10:00:01","guid":{"rendered":"https:\/\/wartapoznan.pl\/?p=15859"},"modified":"2022-02-03T13:37:13","modified_gmt":"2022-02-03T12:37:13","slug":"trener-tomasz-przekaza-ma-syna","status":"publish","type":"post","link":"https:\/\/wartapoznan.pl\/index.php\/2021\/10\/27\/trener-tomasz-przekaza-ma-syna\/","title":{"rendered":"Trener Tomasz Przekaza ma syna"},"content":{"rendered":"<p><strong>Mi\u0142o nam poinformowa\u0107, \u017ce trener analityk Warty Pozna\u0144, Tomasz Przekaza po raz drugi zosta\u0142 ojcem. We wtorek, w Poznaniu urodzi\u0142 mu si\u0119 syn, Maksymilian.<\/strong><\/p>\n<p>Tomasz Przekaza i jego \u017cona Anna maj\u0105 ju\u017c c\u00f3rk\u0119, niespe\u0142na 2-letni\u0105 Wiktori\u0119, a teraz na \u015bwiat przyszed\u0142 Maksymilian. Syn trenera w sztabie pierwszej dru\u017cyny Warty Pozna\u0144 wa\u017cy 4420 g i mierzy 60 cm. Ca\u0142ej czw\u00f3rce sk\u0142adamy serdeczne gratulacje w imieniu ca\u0142ej Zielonej Rodziny!<\/p>\n<p>Przypomnijmy, \u017ce 33-letni Tomasz Przekaza do\u0142\u0105czy\u0142 do pozna\u0144skiego klubu latem tego roku. Absolwent pozna\u0144skiej AWF odpowiada za analiz\u0119 gry zar\u00f3wno pi\u0142karzy \u201eZielonych\u201d jak i ich rywali.<\/p>\n","protected":false},"excerpt":{"rendered":"<p>Mi\u0142o nam poinformowa\u0107, \u017ce trener analityk Warty Pozna\u0144, Tomasz Przekaza po raz drugi zosta\u0142 ojcem. We wtorek, w Poznaniu urodzi\u0142&#8230;<\/p>\n","protected":false},"author":36,"featured_media":17124,"comment_status":"closed","ping_status":"closed","sticky":false,"template":"","format":"standard","meta":{"om_disable_all_campaigns":false,"inline_featured_image":false,"footnotes":"","_links_to":"","_links_to_target":""},"categories":[94,100,1],"tags":[],"aioseo_notices":[],"_links":{"self":[{"href":"https:\/\/wartapoznan.pl\/index.php\/wp-json\/wp\/v2\/posts\/16171"}],"collection":[{"href":"https:\/\/wartapoznan.pl\/index.php\/wp-json\/wp\/v2\/posts"}],"about":[{"href":"https:\/\/wartapoznan.pl\/index.php\/wp-json\/wp\/v2\/types\/post"}],"author":[{"embeddable":true,"href":"https:\/\/wartapoznan.pl\/index.php\/wp-json\/wp\/v2\/users\/36"}],"replies":[{"embeddable":true,"href":"https:\/\/wartapoznan.pl\/index.php\/wp-json\/wp\/v2\/comments?post=16171"}],"version-history":[{"count":1,"href":"https:\/\/wartapoznan.pl\/index.php\/wp-json\/wp\/v2\/posts\/16171\/revisions"}],"predecessor-version":[{"id":17304,"href":"https:\/\/wartapoznan.pl\/index.php\/wp-json\/wp\/v2\/posts\/16171\/revisions\/17304"}],"wp:featuredmedia":[{"embeddable":true,"href":"https:\/\/wartapoznan.pl\/index.php\/wp-json\/wp\/v2\/media\/17124"}],"wp:attachment":[{"href":"https:\/\/wartapoznan.pl\/index.php\/wp-json\/wp\/v2\/media?parent=16171"}],"wp:term":[{"taxonomy":"category","embeddable":true,"href":"https:\/\/wartapoznan.pl\/index.php\/wp-json\/wp\/v2\/categories?post=16171"},{"taxonomy":"post_tag","embeddable":true,"href":"https:\/\/wartapoznan.pl\/index.php\/wp-json\/wp\/v2\/tags?post=16171"}],"curies":[{"name":"wp","href":"https:\/\/api.w.org\/{rel}","templated":true}]}}