{"id":16172,"date":"2021-10-27T19:30:20","date_gmt":"2021-10-27T17:30:20","guid":{"rendered":"https:\/\/wartapoznan.pl\/?p=15865"},"modified":"2022-02-03T13:36:53","modified_gmt":"2022-02-03T12:36:53","slug":"kontuzja-mateusza-sopocki","status":"publish","type":"post","link":"https:\/\/wartapoznan.pl\/index.php\/2021\/10\/27\/kontuzja-mateusza-sopocki\/","title":{"rendered":"Kontuzja Mateusza Sopo\u0107ki"},"content":{"rendered":"<p><strong>Pomocnik Warty Pozna\u0144, Mateusz Sopo\u0107ko przeszed\u0142 zabieg kolana i nie zagra ju\u017c w tym roku w barwach \u201eZielonych\u201d. \u017byczymy szybkiego powrotu do zdrowia!<\/strong><\/p>\n<p>22-letni zawodnik jest graczem Warty Pozna\u0144 od stycznia tego roku. W poprzednim sezonie wyst\u0105pi\u0142 w dw\u00f3ch meczach ligowych i jednym pucharowym. Ten dorobek podwoi\u0142 w bie\u017c\u0105cych rozgrywkach \u2013 w sumie rozegra\u0142 wi\u0119c sze\u015b\u0107 spotka\u0144, a na boisku sp\u0119dzi\u0142 48 minut. Wiadomo ju\u017c, \u017ce w tej rundzie Mateusz Sopo\u0107ko nie powi\u0119kszy swojego dorobku. Podda\u0142 si\u0119 bowiem zabiegowi, kt\u00f3ry przeprowadzi\u0142 dr Jacek Jaroszewski, m.in. lekarz pi\u0142karskiej reprezentacji Polski.<\/p>\n<p>&#8211; <em>Zabieg polega\u0142 na plastyce wi\u0119zad\u0142a rzepki oraz mikronawiertach uszkodzonej powierzchni stawowej w tej okolicy<\/em> \u2013 t\u0142umaczy Bart\u0142omiej Smuniewski, fizjoterapeuta Warty Pozna\u0144, i dodaje: &#8211;<em> Planowany powr\u00f3t do pe\u0142nej sprawno\u015bci po takim zabiegu wynosi do trzech miesi\u0119cy.<\/em><\/p>\n<p><strong>Mateuszu, w imieniu Zielonej Rodziny Warty Pozna\u0144 \u017cyczymy du\u017co zdrowia, wytrwa\u0142o\u015bci podczas rehabilitacji i szybkiego powrotu na boisko! <\/strong><\/p>\n<p>&nbsp;<\/p>\n","protected":false},"excerpt":{"rendered":"<p>Pomocnik Warty Pozna\u0144, Mateusz Sopo\u0107ko przeszed\u0142 zabieg kolana i nie zagra ju\u017c w tym roku w barwach \u201eZielonych\u201d. \u017byczymy szybkiego&#8230;<\/p>\n","protected":false},"author":36,"featured_media":17123,"comment_status":"closed","ping_status":"closed","sticky":false,"template":"","format":"standard","meta":{"om_disable_all_campaigns":false,"inline_featured_image":false,"footnotes":"","_links_to":"","_links_to_target":""},"categories":[94,100,245,1],"tags":[],"aioseo_notices":[],"_links":{"self":[{"href":"https:\/\/wartapoznan.pl\/index.php\/wp-json\/wp\/v2\/posts\/16172"}],"collection":[{"href":"https:\/\/wartapoznan.pl\/index.php\/wp-json\/wp\/v2\/posts"}],"about":[{"href":"https:\/\/wartapoznan.pl\/index.php\/wp-json\/wp\/v2\/types\/post"}],"author":[{"embeddable":true,"href":"https:\/\/wartapoznan.pl\/index.php\/wp-json\/wp\/v2\/users\/36"}],"replies":[{"embeddable":true,"href":"https:\/\/wartapoznan.pl\/index.php\/wp-json\/wp\/v2\/comments?post=16172"}],"version-history":[{"count":1,"href":"https:\/\/wartapoznan.pl\/index.php\/wp-json\/wp\/v2\/posts\/16172\/revisions"}],"predecessor-version":[{"id":17303,"href":"https:\/\/wartapoznan.pl\/index.php\/wp-json\/wp\/v2\/posts\/16172\/revisions\/17303"}],"wp:featuredmedia":[{"embeddable":true,"href":"https:\/\/wartapoznan.pl\/index.php\/wp-json\/wp\/v2\/media\/17123"}],"wp:attachment":[{"href":"https:\/\/wartapoznan.pl\/index.php\/wp-json\/wp\/v2\/media?parent=16172"}],"wp:term":[{"taxonomy":"category","embeddable":true,"href":"https:\/\/wartapoznan.pl\/index.php\/wp-json\/wp\/v2\/categories?post=16172"},{"taxonomy":"post_tag","embeddable":true,"href":"https:\/\/wartapoznan.pl\/index.php\/wp-json\/wp\/v2\/tags?post=16172"}],"curies":[{"name":"wp","href":"https:\/\/api.w.org\/{rel}","templated":true}]}}