{"id":16370,"date":"2021-12-18T18:12:24","date_gmt":"2021-12-18T17:12:24","guid":{"rendered":"https:\/\/wartapoznan.pl\/?p=16370"},"modified":"2021-12-18T18:12:24","modified_gmt":"2021-12-18T17:12:24","slug":"punkt-i-niedosyt-warty-poznan-po-meczu-z-pogonia-szczecin","status":"publish","type":"post","link":"https:\/\/wartapoznan.pl\/index.php\/2021\/12\/18\/punkt-i-niedosyt-warty-poznan-po-meczu-z-pogonia-szczecin\/","title":{"rendered":"Punkt i niedosyt Warty Pozna\u0144 po meczu z Pogoni\u0105 Szczecin"},"content":{"rendered":"<p><strong>Do 95. minuty Warta Pozna\u0144 prowadzi\u0142a w Szczecinie z wiceliderem rozgrywek, Pogoni\u0105. Wtedy gospodarze strzelili gola, dzi\u0119ki kt\u00f3remu doprowadzili do remisu i sobotni pojedynek 19. kolejki PKO Bank Polski Ekstraklasy zako\u0144czy\u0142 si\u0119 wynikiem 1:1.<\/strong><\/p>\n<p>&#8211; <em>Chcemy lidera!<\/em> \u2013 \u015bpiewali szczeci\u0144scy kibice w pierwszej po\u0142owie pojedynku z Wart\u0105 Pozna\u0144. Zesp\u00f3\u0142 trenera Kosty Runjaicia jest w tym sezonie niezwykle skuteczny na swoim stadionie \u2013 wygra\u0142 tu 7 z 8 wcze\u015bniejszych mecz\u00f3w. Gdyby zgarn\u0105\u0142 trzy punkty tak\u017ce w sobot\u0119, wskoczy\u0142by na pierwsze miejsce w tabeli i czeka\u0142 na niedzielne potkni\u0119cie Lecha Pozna\u0144.<\/p>\n<p>Poznaniacy chcieli oszuka\u0107 przeznaczenie, mimo \u017ce musieli sobie radzi\u0107 z faworyzowanym rywalem bez wielu zawodnik\u00f3w, w tym najbardziej do\u015bwiadczonego gracza, \u0141ukasza Tra\u0142ki czy jednego z bohater\u00f3w poprzedniej kolejki, Konrada Matuszewskiego. Pogo\u0144 na po\u017cegnanie roku pokaza\u0142a si\u0119 swoim kibicom w sk\u0142adzie, w kt\u00f3rym brakowa\u0142o kilku lider\u00f3w, m.in. Damiana D\u0105browskiego, Rafa\u0142a Kurzawy, Kacpra Koz\u0142owskiego czy Kamila Drygasa.<\/p>\n<p>Jedenastka trenera Dawida Szulczka od pocz\u0105tku imponowa\u0142a du\u017c\u0105 dyscyplin\u0105 na boisku. Raz gra\u0142a cofni\u0119ta g\u0142\u0119biej na swojej po\u0142owie, a innym razem pr\u00f3bowa\u0142a tzw. wysokiego pressingu. W efekcie rozp\u0119dzony zesp\u00f3\u0142 Pogoni nie m\u00f3g\u0142 odnale\u017a\u0107 swojego rytmu i nie zagra\u017ca\u0142 powa\u017cnie bramce Adriana Lisa. Je\u015bli kto\u015b mia\u0142 przed przerw\u0105 wyj\u015b\u0107 na prowadzenie, to bli\u017csi tego byli poznaniacy. Najlepsz\u0105 szans\u0119 mia\u0142 Szymon Czy\u017c, kt\u00f3ry kr\u00f3tko przed przerw\u0105 mocno strzeli\u0142 po ziemi, ale Dante Stipica obroni\u0142.<\/p>\n<p>W drugiej cz\u0119\u015bci mecz by\u0142 bardziej otwarty. Pogo\u0144 stara\u0142a si\u0119 atakowa\u0107 skrzyd\u0142ami, a i \u201eWarciarze\u201d odwa\u017cniej wyprowadzali szybkie ataki. Prawdziwe emocje zacz\u0119\u0142y si\u0119 w 74. minucie, gdy rajdem w pole karne szczecinian popisa\u0142 si\u0119 Robert Ivanov. Obro\u0144ca Warty Pozna\u0144 zagra\u0142 pi\u0142k\u0119 przed bramk\u0119, a z bliska do siatki trafi\u0142 Adam Zrelak! To trzeci z rz\u0119du mecz, w kt\u00f3rym S\u0142owak zdobywa bramk\u0119. W tym sezonie strzeli\u0142 5 goli i za ka\u017cdym razem zesp\u00f3\u0142 punktowa\u0142.<\/p>\n<p>\u201eZieloni\u201d walczyli o pe\u0142n\u0105 pul\u0119, a gospodarze o to, by uratowa\u0107 chocia\u017c punkt i zako\u0144czy\u0107 pierwsz\u0105 cz\u0119\u015b\u0107 sezonu bez pora\u017cki przed w\u0142asn\u0105 widowni\u0105. Niewiele brakowa\u0142o, by tu\u017c przed ko\u0144cem regulaminowego czasu gry Bart\u0142omiej Burman powi\u0119kszy\u0142 prowadzenie Warty Pozna\u0144. Chwil\u0119 po wej\u015bciu na boisko m\u0142ody zawodnik przej\u0105\u0142 pi\u0142k\u0119 na po\u0142owie Pogoni i natychmiast kopn\u0105\u0142 z kilkudziesi\u0119ciu metr\u00f3w w stron\u0119 bramki opuszczonej przez bramkarza. Mia\u0142 pecha, bo trafi\u0142 w jednego z rywali!<\/p>\n<p>Czas bieg\u0142, a po drugiej stronie boiska Pogo\u0144 nadal bi\u0142a g\u0142ow\u0105 w mur. S\u0119dzia Damian Sylwestrzak doliczy\u0142 4 minuty. Nie przerwa\u0142 jednak gry, gdy ten czas si\u0119 sko\u0144czy\u0142, gdy\u017c chwil\u0119 wcze\u015bniej pozna\u0144scy trenerzy dokonali zmiany (Nikodem Fiedosewicz wszed\u0142 za Szymona Czy\u017ca). I w ostatniej akcji, w 95. minucie Mariusz Fornalczyk znalaz\u0142 w polu karnym Kostasa Triantafyllopoulosa, a obro\u0144ca Pogoni zaskoczy\u0142 Adriana Lisa strza\u0142em z ok. 10 metr\u00f3w.<\/p>\n<p>Warcie Pozna\u0144 nie uda\u0142o si\u0119 sprawi\u0107 ogromnej niespodzianki. Wywioz\u0142a punkt ze Szczecina, gdzie Pogo\u0144 by\u0142a dot\u0105d bezlitosna dla rywali, wygrywa\u0142a regularnie i cz\u0119sto strzela\u0142a przy tym wiele goli. Punkt z \u201eZielonymi\u201d uratowa\u0142a dopiero w ostatnich sekundach. W pozna\u0144skim obozie by\u0142 wi\u0119c ogromny niedosyt po ko\u0144cowym gwizdku\u2026<\/p>\n<p>Oba zespo\u0142y zmierzy\u0142y si\u0119 w tym roku trzy razy i w ka\u017cdym przypadku mecze ko\u0144czy\u0142y si\u0119 wynikiem 1:1.<\/p>\n<p><strong>POGO\u0143 SZCZECIN \u2013 WARTA POZNA\u0143 1:1 (0:0)<\/strong><br \/>\n<strong>Bramki:<\/strong> 0:1 Adam Zrelak (74. minuta), 1:1 Kostas Triantafyllopoulos (90. +5)<br \/>\n<strong>Warta Pozna\u0144:<\/strong> Adrian Lis &#8211; \u00a0Jan Grzesik, Mateusz Kupczak, Dawid Szymonowicz, Robert Ivanov, Jakub Kie\u0142b &#8211; Mateusz Czy\u017cycki (67. Mateusz Kuzimski), Szymon Czy\u017c <strong>\u017b<\/strong> (90. Nikodem Fiedosewicz), Micha\u0142 Kopczy\u0144ski (46. Aleks \u0141awniczak), Jayson Papeau (87. Bart\u0142omiej Burman) &#8211; 99. Adam Zrelak.<br \/>\n<strong>S\u0119dziowa\u0142<\/strong> Damian Sylwestrzak z Wroc\u0142awia<br \/>\n<strong>Widz\u00f3w: 6488<\/strong><\/p>\n","protected":false},"excerpt":{"rendered":"<p>Do 95. minuty Warta Pozna\u0144 prowadzi\u0142a w Szczecinie z wiceliderem rozgrywek, Pogoni\u0105. Wtedy gospodarze strzelili gola, dzi\u0119ki kt\u00f3remu doprowadzili do&#8230;<\/p>\n","protected":false},"author":36,"featured_media":16372,"comment_status":"closed","ping_status":"closed","sticky":false,"template":"","format":"standard","meta":{"om_disable_all_campaigns":false,"inline_featured_image":false,"footnotes":"","_links_to":"","_links_to_target":""},"categories":[94,100,245,1],"tags":[],"aioseo_notices":[],"_links":{"self":[{"href":"https:\/\/wartapoznan.pl\/index.php\/wp-json\/wp\/v2\/posts\/16370"}],"collection":[{"href":"https:\/\/wartapoznan.pl\/index.php\/wp-json\/wp\/v2\/posts"}],"about":[{"href":"https:\/\/wartapoznan.pl\/index.php\/wp-json\/wp\/v2\/types\/post"}],"author":[{"embeddable":true,"href":"https:\/\/wartapoznan.pl\/index.php\/wp-json\/wp\/v2\/users\/36"}],"replies":[{"embeddable":true,"href":"https:\/\/wartapoznan.pl\/index.php\/wp-json\/wp\/v2\/comments?post=16370"}],"version-history":[{"count":0,"href":"https:\/\/wartapoznan.pl\/index.php\/wp-json\/wp\/v2\/posts\/16370\/revisions"}],"wp:featuredmedia":[{"embeddable":true,"href":"https:\/\/wartapoznan.pl\/index.php\/wp-json\/wp\/v2\/media\/16372"}],"wp:attachment":[{"href":"https:\/\/wartapoznan.pl\/index.php\/wp-json\/wp\/v2\/media?parent=16370"}],"wp:term":[{"taxonomy":"category","embeddable":true,"href":"https:\/\/wartapoznan.pl\/index.php\/wp-json\/wp\/v2\/categories?post=16370"},{"taxonomy":"post_tag","embeddable":true,"href":"https:\/\/wartapoznan.pl\/index.php\/wp-json\/wp\/v2\/tags?post=16370"}],"curies":[{"name":"wp","href":"https:\/\/api.w.org\/{rel}","templated":true}]}}