{"id":16374,"date":"2021-12-18T19:00:44","date_gmt":"2021-12-18T18:00:44","guid":{"rendered":"https:\/\/wartapoznan.pl\/?p=16374"},"modified":"2021-12-18T19:00:44","modified_gmt":"2021-12-18T18:00:44","slug":"opinie-trenerow-po-meczu-pogon-szczecin-warta-poznan-2","status":"publish","type":"post","link":"https:\/\/wartapoznan.pl\/index.php\/2021\/12\/18\/opinie-trenerow-po-meczu-pogon-szczecin-warta-poznan-2\/","title":{"rendered":"Opinie trener\u00f3w po meczu Pogo\u0144 Szczecin &#8211; Warta Pozna\u0144"},"content":{"rendered":"<p><strong>Pi\u0142karze Warty Pozna\u0144 zremisowali 1:1 z Pogoni\u0105 w Szczecinie w meczu 19. kolejki PKO Bank Polski Ekstraklasy. &#8222;Zieloni&#8221; prowadzili do 95. minuty po golu Adama Zrelaka, a wynik ustali\u0142 Kostas Triantafyllopoulos. Oto, co po sobotnim pojedynku powiedzieli trenerzy obu zespo\u0142\u00f3w.<\/strong><\/p>\n<p><strong>Trener Warty Pozna\u0144, Dawid Szulczek:<\/strong> <em>Gdyby kto\u015b trzy godziny temu powiedzia\u0142, \u017ce b\u0119dziemy smutni po remisie w Szczecinie z Pogoni\u0105, to uzna\u0142bym go za szale\u0144ca. Wiadomo, \u017ce Pogo\u0144 to \u015bwietna dru\u017cyna i ostatnio wygrywa\u0142a prawie wszystkie mecze, ale w naszej szatni jest du\u017cy smutek, bo nie po raz pierwszy w ten spos\u00f3b ko\u0144czy si\u0119 nasze spotkanie. Natomiast trzeba patrze\u0107 do przodu. Zdobyli\u015bmy ostatnio pi\u0119\u0107 punkt\u00f3w graj\u0105c z trudnymi rywalami, bo \u015al\u0105sk Wroc\u0142aw i Pogo\u0144 Szczecin to dru\u017cyny, kt\u00f3re gra\u0142y w europejskich pucharach, a z Wis\u0142\u0105 Krak\u00f3w zawsze gra si\u0119 ci\u0119\u017cko. Patrzymy jednak na to, \u017ce zdobyli\u015bmy punkty, a nie ile stracili\u015bmy. Mamy 16 oczek i na pewno b\u0119dziemy liczyli si\u0119 w walce o pozostanie w Ekstraklasie. Co do samego meczu, to ustalili\u015bmy, \u017ce nie jest dzisiaj potrzebne ustawienie 6-3-1 jak w meczu z Lechem Pozna\u0144, tylko z kilku wzgl\u0119d\u00f3w zdecydowali\u015bmy si\u0119 na 5-4-1. Mieli\u015bmy wi\u0119cej moment\u00f3w kiedy pr\u00f3bowali\u015bmy podchodzi\u0107 pressingiem, nastawiali\u015bmy si\u0119 te\u017c na to, \u017ce b\u0119dzie brakowa\u0142o w Pogoni szefa \u015broda pola, czyli Damiana D\u0105browskiego. Pogo\u0144 gra\u0142a, a my si\u0119 bronili\u015bmy, wi\u0119c my\u015bl\u0119, \u017ce by\u0142 to uczciwy remis.<\/em><\/p>\n<p><strong>Trener Pogoni Szczecin, Kosta Runjaic<\/strong>: <em>Dru\u017cyna jest troch\u0119 rozczarowana, bo chcia\u0142a wygra\u0107 i du\u017co sobie obiecywa\u0142a. Z pewno\u015bci\u0105 ten punkt, kt\u00f3ry wywalczyli\u015bmy i na kt\u00f3ry zesp\u00f3\u0142 mocno zapracowa\u0142, b\u0119dzie na pewno potrzebny i znacz\u0105cy. Wida\u0107, \u017ce Warta Pozna\u0144 od kilku tygodni solidnie wesz\u0142a w walk\u0119 o utrzymanie si\u0119. Rywale grali z zaanga\u017cowaniem, nisko w obronie, byli skoncentrowani i uprzykrzali nam gr\u0119. Tego na pewno nie ogl\u0105da si\u0119 dobrze, ale tak to funkcjonuje i na pewno dzi\u0119ki temu Warta zrobi\u0142a krok do utrzymania i b\u0119dzie w ten spos\u00f3b punktowa\u0142a dalej. Nie zaskoczy\u0142o mnie to, natomiast by\u0142em zdziwiony, jak weszli\u015bmy w ten mecz \u2013 nie z tak\u0105 pasj\u0105 jak zawsze i nie prze\u0142o\u017cyli\u015bmy wcze\u015bniejszych za\u0142o\u017ce\u0144 na boisko. Wewn\u0119trznie mamy du\u017ce aspiracje i w dru\u017cynie s\u0105 wysokie oczekiwania, ale trzeba spojrze\u0107 na ten mecz z innej strony. Nie by\u0142o dzisiaj Kamila Drygasa, Damian D\u0105browskiego, Kacpra Koz\u0142owskiego i Rafa\u0142a Kurzawy, a takich zawodnik\u00f3w ci\u0119\u017cko zast\u0105pi\u0107. Nie jeste\u015bmy do ko\u0144ca zadowoleni, ale musimy przyj\u0105\u0107 ten remis i mimo wszystko gratuluj\u0119 mojej dru\u017cynie, \u017ce przy niekorzystnym wyniku dali z siebie wszystko, aby zdoby\u0107 ten jeden punkt. Gratulacje r\u00f3wnie\u017c za to, \u017ce jeste\u015bmy na drugim miejscu w tabeli i niepokonani na w\u0142asnym terenie. Na pewno jest to du\u017cy krok do przodu i na tym mo\u017cemy budowa\u0107 nast\u0119pn\u0105 rund\u0119. Dlatego my\u015bl\u0119, \u017ce ta przerwa jest w odpowiednim czasie i jestem przekonany, \u017ce zawodnicy wr\u00f3c\u0105 pe\u0142ni energii i z now\u0105 pasj\u0105, aby t\u0119 rund\u0119 jak najlepiej zagra\u0107.<\/em><\/p>\n","protected":false},"excerpt":{"rendered":"<p>Pi\u0142karze Warty Pozna\u0144 zremisowali 1:1 z Pogoni\u0105 w Szczecinie w meczu 19. kolejki PKO Bank Polski Ekstraklasy. &#8222;Zieloni&#8221; prowadzili do&#8230;<\/p>\n","protected":false},"author":36,"featured_media":16379,"comment_status":"closed","ping_status":"closed","sticky":false,"template":"","format":"standard","meta":{"om_disable_all_campaigns":false,"inline_featured_image":false,"footnotes":"","_links_to":"","_links_to_target":""},"categories":[94,100,245,1],"tags":[],"aioseo_notices":[],"_links":{"self":[{"href":"https:\/\/wartapoznan.pl\/index.php\/wp-json\/wp\/v2\/posts\/16374"}],"collection":[{"href":"https:\/\/wartapoznan.pl\/index.php\/wp-json\/wp\/v2\/posts"}],"about":[{"href":"https:\/\/wartapoznan.pl\/index.php\/wp-json\/wp\/v2\/types\/post"}],"author":[{"embeddable":true,"href":"https:\/\/wartapoznan.pl\/index.php\/wp-json\/wp\/v2\/users\/36"}],"replies":[{"embeddable":true,"href":"https:\/\/wartapoznan.pl\/index.php\/wp-json\/wp\/v2\/comments?post=16374"}],"version-history":[{"count":0,"href":"https:\/\/wartapoznan.pl\/index.php\/wp-json\/wp\/v2\/posts\/16374\/revisions"}],"wp:featuredmedia":[{"embeddable":true,"href":"https:\/\/wartapoznan.pl\/index.php\/wp-json\/wp\/v2\/media\/16379"}],"wp:attachment":[{"href":"https:\/\/wartapoznan.pl\/index.php\/wp-json\/wp\/v2\/media?parent=16374"}],"wp:term":[{"taxonomy":"category","embeddable":true,"href":"https:\/\/wartapoznan.pl\/index.php\/wp-json\/wp\/v2\/categories?post=16374"},{"taxonomy":"post_tag","embeddable":true,"href":"https:\/\/wartapoznan.pl\/index.php\/wp-json\/wp\/v2\/tags?post=16374"}],"curies":[{"name":"wp","href":"https:\/\/api.w.org\/{rel}","templated":true}]}}