{"id":16390,"date":"2021-12-20T12:29:44","date_gmt":"2021-12-20T11:29:44","guid":{"rendered":"https:\/\/wartapoznan.pl\/?p=16390"},"modified":"2021-12-20T12:29:44","modified_gmt":"2021-12-20T11:29:44","slug":"najskuteczniejsi-w-warcie-poznan-po-19-kolejce-pko-bank-polski-ekstraklasy","status":"publish","type":"post","link":"https:\/\/wartapoznan.pl\/index.php\/2021\/12\/20\/najskuteczniejsi-w-warcie-poznan-po-19-kolejce-pko-bank-polski-ekstraklasy\/","title":{"rendered":"Najskuteczniejsi w Warcie Pozna\u0144 \u2013 po 19. kolejce PKO Bank Polski Ekstraklasy"},"content":{"rendered":"<p><strong>Trzema meczami z rz\u0119du ze zdobyt\u0105 bramk\u0105 zako\u0144czy\u0142 rok Adam Zrelak i jest zdecydowanie najlepszym strzelcem Warty Pozna\u0144 w tym sezonie oraz liderem klubowej punktacji kanadyjskiej. Na drugie miejsce awansowa\u0142 w niej Robert Ivanov.<\/strong><\/p>\n<p>\u201eZieloni\u201d udali si\u0119 na zimowe urlopy w lepszych nastrojach ni\u017c przed rokiem. W\u00f3wczas zanotowali cztery pora\u017cki z rz\u0119du, a teraz wywalczyli 5 pkt w trzech ostatnich meczach. Co prawda sp\u0119dz\u0105 przerw\u0119 w rozgrywkach na miejscu w strefie spadkowej, ale strata do bezpiecznej lokaty nie jest du\u017ca.<\/p>\n<p>Pozytywn\u0105 tendencj\u0119 wida\u0107 te\u017c na li\u015bcie strzelc\u00f3w. Pod koniec pa\u017adziernika Warta Pozna\u0144 mia\u0142a seri\u0119 siedmiu mecz\u00f3w ligowych bez zdobytej bramki. Od tego momentu rozegra\u0142a sze\u015b\u0107 spotka\u0144 i tylko raz (w derbach Poznania) nie pokona\u0142a bramkarza przeciwnik\u00f3w.<\/p>\n<p>W tym czasie cztery z sze\u015bciu bramek dla poznaniak\u00f3w zdoby\u0142 Adam Zrelak. Doliczaj\u0105c do tego gola z \u0141\u0119czej, S\u0142owak ma ju\u017c na koncie pi\u0119\u0107 trafie\u0144 w rozgrywkach PKO Bank Polski Ekstraklasy. Jest na dobrej drodze do tego, \u017ceby zaliczy\u0107 ten sezon do najlepszych w karierze w\u0142a\u015bnie pod k\u0105tem liczby bramek w karierze. Dotychczas najwi\u0119cej trafie\u0144 (10) mia\u0142 w sezonie 2014\/15, w barwach MFK Ruzomberok i Slovana Bratys\u0142awa.<\/p>\n<p>Do wyr\u00f3wnania rekordu Adam Zrelak potrzebuje wi\u0119c kolejnych pi\u0119ciu goli. Natomiast jeszcze tylko jedna bramka pozwoli mu si\u0119 zr\u00f3wna\u0107 z Makan\u0105 Baku na li\u015bcie najskuteczniejszych obcokrajowc\u00f3w w historii Warty Pozna\u0144. Przypomnijmy, \u017ce Niemiec zamkn\u0105\u0142 rund\u0119 wiosenn\u0105 poprzedniego sezonu 6 bramkami i 2 asystami.<\/p>\n<p>Wyst\u0119py przeciwko Pogoni Szczecin dobrze b\u0119dzie wspomina\u0142 Robert Ivanov. W sierpniu Fin strzeli\u0142 swojego jedynego jak na razie gola w Ekstraklasie i da\u0142 dru\u017cynie remis 1:1 na stadionie w Grodzisku Wlkp. W sobot\u0119 obro\u0144ca \u201eZielonych\u201d popisa\u0142 si\u0119 efektownym rajdem i precyzyjnym zagraniem przy golu Adama Zrelaka. To ju\u017c druga taka sytuacja w tym sezonie \u2013 poprzednio Robert Ivanov wypracowa\u0142 bramk\u0119 S\u0142owakowi w starciu z Wis\u0142\u0105 Krak\u00f3w. Dodajmy jeszcze, \u017ce reprezentant Finlandii zosta\u0142 wybrany do oficjalnej jedenastki 19. kolejki PKO Bank Polski Ekstraklasy. Gratulujemy!<\/p>\n<p><strong>BRAMKI:<\/strong><br \/>\n<strong>5 &#8211; Adam Zrelak (+1)<\/strong><br \/>\n2 \u2013 Milan Corryn, Jan Grzesik<br \/>\n1 \u2013 Mateusz Czy\u017cycki, Robert Ivanov, Mateusz Kuzimski, samob\u00f3jcza, Konrad Matuszewski<\/p>\n<p><strong>ASYSTY:<\/strong><br \/>\n<strong>2 \u2013 Aleks \u0141awniczak, Szymon Czy\u017c, Robert Ivanov (+1)<\/strong><br \/>\n1 \u2013 Jan Grzesik, Milan Corryn, \u0141ukasz Tra\u0142ka, Konrad Matuszewski, Adam Zrelak<\/p>\n<p><strong>PUNKTACJA KANADYJSKA<\/strong><br \/>\n<strong>6 &#8211; Adam Zrelak<\/strong><br \/>\n3 \u2013 Milan Corryn, Jan Grzesik, Robert Ivanov<br \/>\n2 \u2013 Aleks \u0141awniczak, Szymon Czy\u017c, Konrad Matuszewski<br \/>\n1\u00a0 &#8211; Mateusz Czy\u017cycki, Mateusz Kuzimski, \u0141ukasz Tra\u0142ka<\/p>\n<p><strong>CZYSTE KONTA<\/strong><br \/>\n<strong>4 \u2013 Adrian Lis<\/strong><\/p>\n","protected":false},"excerpt":{"rendered":"<p>Trzema meczami z rz\u0119du ze zdobyt\u0105 bramk\u0105 zako\u0144czy\u0142 rok Adam Zrelak i jest zdecydowanie najlepszym strzelcem Warty Pozna\u0144 w tym&#8230;<\/p>\n","protected":false},"author":36,"featured_media":16392,"comment_status":"closed","ping_status":"closed","sticky":false,"template":"","format":"standard","meta":{"om_disable_all_campaigns":false,"inline_featured_image":false,"footnotes":"","_links_to":"","_links_to_target":""},"categories":[94,100,245,1],"tags":[],"aioseo_notices":[],"_links":{"self":[{"href":"https:\/\/wartapoznan.pl\/index.php\/wp-json\/wp\/v2\/posts\/16390"}],"collection":[{"href":"https:\/\/wartapoznan.pl\/index.php\/wp-json\/wp\/v2\/posts"}],"about":[{"href":"https:\/\/wartapoznan.pl\/index.php\/wp-json\/wp\/v2\/types\/post"}],"author":[{"embeddable":true,"href":"https:\/\/wartapoznan.pl\/index.php\/wp-json\/wp\/v2\/users\/36"}],"replies":[{"embeddable":true,"href":"https:\/\/wartapoznan.pl\/index.php\/wp-json\/wp\/v2\/comments?post=16390"}],"version-history":[{"count":0,"href":"https:\/\/wartapoznan.pl\/index.php\/wp-json\/wp\/v2\/posts\/16390\/revisions"}],"wp:featuredmedia":[{"embeddable":true,"href":"https:\/\/wartapoznan.pl\/index.php\/wp-json\/wp\/v2\/media\/16392"}],"wp:attachment":[{"href":"https:\/\/wartapoznan.pl\/index.php\/wp-json\/wp\/v2\/media?parent=16390"}],"wp:term":[{"taxonomy":"category","embeddable":true,"href":"https:\/\/wartapoznan.pl\/index.php\/wp-json\/wp\/v2\/categories?post=16390"},{"taxonomy":"post_tag","embeddable":true,"href":"https:\/\/wartapoznan.pl\/index.php\/wp-json\/wp\/v2\/tags?post=16390"}],"curies":[{"name":"wp","href":"https:\/\/api.w.org\/{rel}","templated":true}]}}