{"id":16444,"date":"2022-01-03T15:00:51","date_gmt":"2022-01-03T14:00:51","guid":{"rendered":"https:\/\/wartapoznan.pl\/?p=16444"},"modified":"2022-01-03T15:00:51","modified_gmt":"2022-01-03T14:00:51","slug":"kajetan-szmyt-wraca-do-warty-poznan","status":"publish","type":"post","link":"https:\/\/wartapoznan.pl\/index.php\/2022\/01\/03\/kajetan-szmyt-wraca-do-warty-poznan\/","title":{"rendered":"Kajetan Szmyt wraca do Warty Pozna\u0144"},"content":{"rendered":"<p><strong>Warta Pozna\u0144 skr\u00f3ci\u0142a wypo\u017cyczenie swojego wychowanka, Kajetana Szmyta do G\u00f3rnika Polkowice. 19-letni pomocnik rozpocznie w styczniu przygotowania z dru\u017cyn\u0105 \u201eZielonych\u201d do drugiej cz\u0119\u015bci sezonu PKO Bank Polski Ekstraklasy.<\/strong><\/p>\n<p>Urodzony w maju 2002 roku Kajetan Szmyt zadebiutowa\u0142 w pierwszym zespole Warty Pozna\u0144 wiosn\u0105 2019 roku \u2013 wyst\u0105pi\u0142 w wyjazdowym meczu z Chojniczank\u0105 Chojnice, a przed sko\u0144czeniem 17 lat zagra\u0142 jeszcze przeciwko GKS Katowice. Dzi\u015b ma na koncie 11 oficjalnych gier w dru\u017cynie seniorskiej, z czego 6 w meczach PKO Bank Polski Ekstraklasy, jesieni\u0105 2020 roku.<\/p>\n<p>W mi\u0119dzyczasie m\u0142ody zawodnik by\u0142 wypo\u017cyczany do Nielby W\u0105gowiec i G\u00f3rnika Polkowice, dla kt\u00f3rego gra\u0142 najpierw w II lidze, a jesieni\u0105 tego roku r\u00f3wnie\u017c w Fortuna 1 Lidze. W obecnym sezonie wyst\u0105pi\u0142 w 18 meczach G\u00f3rnika i zdoby\u0142 w nich 2 bramki \u2013 by\u0142o to w pojedynkach ze Stomilem Olsztyn i Koron\u0105 Kielce.<\/p>\n<p>&#8211; <em>\u015aledzili\u015bmy wyst\u0119py Kajetana w zespole z Polkowic, tak jak obserwujemy wszystkich zawodnik\u00f3w, kt\u00f3rych wypo\u017cyczamy do innych klub\u00f3w. Uwa\u017cam, \u017ce ten m\u0142ody zawodnik mia\u0142 przyzwoit\u0105 rund\u0119 na boiskach I ligi, dlatego uznali\u015bmy, \u017ce trener Dawid Szulczek powinien mu si\u0119 przyjrze\u0107 na treningach pierwszej dru\u017cyny Warty Pozna\u0144<\/em> \u2013 m\u00f3wi dyrektor sportowy, Rados\u0142aw Mozyrko. \u2013 <em>Skorzystali\u015bmy z zapisu w umowie wypo\u017cyczenia Kajetana Szmyta i skr\u00f3cili\u015bmy jego transfer czasowy do G\u00f3rnika Polkowice. Zawodnik rozpocznie w styczniu zimowy okres przygotowawczy z \u201eZielonymi\u201d, a na koniec ocenimy, czy to ju\u017c odpowiedni czas, \u017ceby w\u0142\u0105czy\u0107 go jako m\u0142odzie\u017cowca do kadry na drug\u0105 cz\u0119\u015b\u0107 sezonu w Ekstraklasie.<\/em><\/p>\n","protected":false},"excerpt":{"rendered":"<p>Warta Pozna\u0144 skr\u00f3ci\u0142a wypo\u017cyczenie swojego wychowanka, Kajetana Szmyta do G\u00f3rnika Polkowice. 19-letni pomocnik rozpocznie w styczniu przygotowania z dru\u017cyn\u0105 \u201eZielonych\u201d&#8230;<\/p>\n","protected":false},"author":36,"featured_media":16446,"comment_status":"closed","ping_status":"closed","sticky":false,"template":"","format":"standard","meta":{"om_disable_all_campaigns":false,"inline_featured_image":false,"footnotes":"","_links_to":"","_links_to_target":""},"categories":[94,100,245,1],"tags":[],"aioseo_notices":[],"_links":{"self":[{"href":"https:\/\/wartapoznan.pl\/index.php\/wp-json\/wp\/v2\/posts\/16444"}],"collection":[{"href":"https:\/\/wartapoznan.pl\/index.php\/wp-json\/wp\/v2\/posts"}],"about":[{"href":"https:\/\/wartapoznan.pl\/index.php\/wp-json\/wp\/v2\/types\/post"}],"author":[{"embeddable":true,"href":"https:\/\/wartapoznan.pl\/index.php\/wp-json\/wp\/v2\/users\/36"}],"replies":[{"embeddable":true,"href":"https:\/\/wartapoznan.pl\/index.php\/wp-json\/wp\/v2\/comments?post=16444"}],"version-history":[{"count":0,"href":"https:\/\/wartapoznan.pl\/index.php\/wp-json\/wp\/v2\/posts\/16444\/revisions"}],"wp:featuredmedia":[{"embeddable":true,"href":"https:\/\/wartapoznan.pl\/index.php\/wp-json\/wp\/v2\/media\/16446"}],"wp:attachment":[{"href":"https:\/\/wartapoznan.pl\/index.php\/wp-json\/wp\/v2\/media?parent=16444"}],"wp:term":[{"taxonomy":"category","embeddable":true,"href":"https:\/\/wartapoznan.pl\/index.php\/wp-json\/wp\/v2\/categories?post=16444"},{"taxonomy":"post_tag","embeddable":true,"href":"https:\/\/wartapoznan.pl\/index.php\/wp-json\/wp\/v2\/tags?post=16444"}],"curies":[{"name":"wp","href":"https:\/\/api.w.org\/{rel}","templated":true}]}}